{"id":900,"date":"2023-11-23T09:26:57","date_gmt":"2023-11-23T09:26:57","guid":{"rendered":"http:\/\/filiawielun.bpsieradz.pl\/?p=900"},"modified":"2024-01-19T09:35:38","modified_gmt":"2024-01-19T09:35:38","slug":"niektorzy-lubia-poezje-2","status":"publish","type":"post","link":"https:\/\/filiawielun.bpsieradz.pl\/?p=900","title":{"rendered":"\u201eNiekt\u00f3rzy lubi\u0105 poezj\u0119\u201d"},"content":{"rendered":"\n<p class=\"wp-block-paragraph\">Og\u0142oszenie Roku 2023 przez Senat Rzeczypospolitej Polskiej, Rokiem Wis\u0142awy Szymborskiej, w zwi\u0105zku z 100 rocznic\u0105 urodzin poetki, by\u0142o inspiracj\u0105 do zorganizowania konkursu recytatorskiego Jej utwor\u00f3w, dla uczni\u00f3w klas sz\u00f3stych, si\u00f3dmych i \u00f3smych szk\u00f3\u0142 podstawowych z terenu powiatu wielu\u0144skiego pt. \u201eNiekt\u00f3rzy lubi\u0105 poezj\u0119\u201d, kt\u00f3ry odby\u0142 si\u0119 22 listopada 2023 r.<\/p>\n\n\n\n<p class=\"wp-block-paragraph\">Organizatorami konkursu oraz sponsorami nagr\u00f3d&nbsp; by\u0142y:&nbsp; Centrum Rozwoju Edukacji Wojew\u00f3dztwa \u0141\u00f3dzkiego w Sieradzu Biblioteka Pedagogiczna w Sieradzu Filia w Wieluniu, Zesp\u00f3\u0142 Szkolno-Przedszkolny w Wierzchlesie, Szko\u0142a Podstawowa im. Wis\u0142awy Szymborskiej w Sie\u0144cu oraz Szko\u0142a Podstawowa nr 4 im. Kr\u00f3lowej Jadwigi w Wieluniu.<\/p>\n\n\n\n<p class=\"wp-block-paragraph\">W konkursie&nbsp; wzi\u0119\u0142o udzia\u0142 trzydziestu dziewi\u0119ciu uczni\u00f3w z pi\u0119tnastu szk\u00f3\u0142 z powiatu wielu\u0144skiego.<\/p>\n\n\n\n<p class=\"wp-block-paragraph\">Jury, w sk\u0142adzie: Pani Dorota Staszak- Kierownik WODN Oddzia\u0142 w Wieluniu, nauczyciel \u2013 konsultant; Pani Magdalena Wicher &#8211; Dyrektor Powiatowej Biblioteki Publicznej w Wieluniu; Pani Marlena W\u0142odarczyk bibliotekarz Miejskiej i Gminnej Biblioteki Publicznej w Wieluniu, nie mia\u0142o \u0142atwego zadania,&nbsp; przyzna\u0142o sze\u015b\u0107 g\u0142\u00f3wnych nagr\u00f3d&nbsp; oraz&nbsp; dziewi\u0119\u0107 wyr\u00f3\u017cnie\u0144.<\/p>\n\n\n\n<ul class=\"wp-block-list\">\n<li>I miejsce ex aequo: Zuzanna Su\u0142kowska ze Szko\u0142y Podstawowej im. W. Be\u0142zy w Bieni\u0105dzicach oraz Ksawery Zawadzki ze Szko\u0142y Podstawowej im. W. Witosa w Rudzie;<\/li>\n\n\n\n<li>II miejsce ex aequo: Laura Krajcer ze Szko\u0142y Podstawowej im. KEN w Kurowie oraz Camellia Stala&nbsp; ze Szko\u0142y Podstawowej im. W. Be\u0142zy w Bieni\u0105dzicach;<\/li>\n\n\n\n<li>III miejsce ex aequo: Marta Jaszczak z Zespo\u0142u Szkolno-Przedszkolnego w Kraszkowicach oraz Micha\u0142 Bandera ze Szko\u0142y Podstawowej im. M. Konopnickiej w Mas\u0142owicach.<\/li>\n<\/ul>\n\n\n\n<p class=\"wp-block-paragraph\">Wyr\u00f3\u017cnienia otrzymali: Martyna P\u0142uciennik ze Szko\u0142y Podstawowej im. W. Szymborskiej w Sie\u0144cu, Nadia Podg\u00f3rska ze Szko\u0142y Podstawowej nr 2 im. H. Sienkiewicza w Wieluniu, Lena Psipsi\u0144ska ze Szko\u0142y Podstawowej im. H. Sienkiewicza w Wierzchlesie, Anna Koszyk ze Szko\u0142y Podstawowej w Janowie, Miko\u0142aj Bukowiec ze Szko\u0142y Podstawowej im. \u015bw. Jana Paw\u0142a II w Toporowie, Anastazja Wolna ze Szko\u0142y Podstawowej nr 4 im. Kr\u00f3lowej Jadwigi w Wieluniu, Adam Wolniak z Publicznej Szko\u0142y Podstawowej im. M. Konopnickiej w Bia\u0142ej, Zuzanna Kokot z Katolickiej Szko\u0142y Podstawowej SPSK im. \u015bw. F. Kowalskiej oraz Hanna Nowak z Zespo\u0142u Szkolno-Przedszkolnego w Kraszkowicach.<\/p>\n\n\n\n<p class=\"wp-block-paragraph\">Konkurs rozpocz\u0119\u0142o wykonanie piosenki \u201eNic dwa razy si\u0119 nie zdarza\u201d w wykonaniu Martyny P\u0142uciennik \u2013 uczennicy Szko\u0142y Podstawowej im. W. Szymborskiej w Sie\u0144cu, a w przerwie recytacji, piosenki za\u015bpiewa\u0142y uczennice ze Szko\u0142y Podstawowej im. H.Sienkiewicza w Wierzchlesie : Lena Czarnuch, Anna Napieraj, Karolina Pielka-Pilarska, Laura Bartos i Julia Papierkowska.<\/p>\n\n\n\n<p class=\"wp-block-paragraph\">Poetka nie lubi\u0142a rozm\u00f3w o literaturze czy tajnikach poetyckiego warsztatu, wychodz\u0105c z za\u0142o\u017cenia, \u017ce autor powinien si\u0119 wypowiada\u0107 wy\u0142\u0105cznie w swoich utworach. I tak w\u0142a\u015bnie by\u0142o,&nbsp; recytowane przez uczni\u00f3w wiersze Wis\u0142awy Szymborskiej przem\u00f3wi\u0142y w imieniu poetki.<\/p>\n\n\n\n<p class=\"wp-block-paragraph\">&nbsp;Gratulujemy nagrodzonym, a wszystkim uczestnikom dzi\u0119kujemy za udzia\u0142 ! \ud83d\ude42<\/p>\n\n\n\n<p class=\"wp-block-paragraph\">Zdj\u0119cia: Aleksandra Lach \u2013 Powiatowa Biblioteka Publiczna w Wieluniu<\/p>\n\n\n\nngg_shortcode_0_placeholder\n","protected":false},"excerpt":{"rendered":"<p>Og\u0142oszenie Roku 2023 przez Senat Rzeczypospolitej Polskiej, Rokiem Wis\u0142awy Szymborskiej, w zwi\u0105zku z 100 rocznic\u0105 urodzin poetki, by\u0142o inspiracj\u0105 do zorganizowania konkursu recytatorskiego Jej utwor\u00f3w, dla uczni\u00f3w klas sz\u00f3stych, si\u00f3dmych &#8230;<\/p>\n","protected":false},"author":1,"featured_media":962,"comment_status":"closed","ping_status":"closed","sticky":false,"template":"","format":"standard","meta":{"ngg_post_thumbnail":0,"footnotes":""},"categories":[2],"tags":[],"class_list":["post-900","post","type-post","status-publish","format-standard","has-post-thumbnail","hentry","category-aktualnosci"],"yoast_head":"<!-- This site is optimized with the Yoast SEO plugin v25.6 - https:\/\/yoast.com\/wordpress\/plugins\/seo\/ -->\n<title>\u201eNiekt\u00f3rzy lubi\u0105 poezj\u0119\u201d - Biblioteka Pedagogiczna w Sieradzu Filia w Wieluniu<\/title>\n<meta name=\"robots\" content=\"index, follow, max-snippet:-1, max-image-preview:large, max-video-preview:-1\" \/>\n<link rel=\"canonical\" href=\"http:\/\/filiawielun.bpsieradz.pl\/?p=900\" \/>\n<meta property=\"og:locale\" content=\"pl_PL\" \/>\n<meta property=\"og:type\" content=\"article\" \/>\n<meta property=\"og:title\" content=\"\u201eNiekt\u00f3rzy lubi\u0105 poezj\u0119\u201d - Biblioteka Pedagogiczna w Sieradzu Filia w Wieluniu\" \/>\n<meta property=\"og:description\" content=\"Og\u0142oszenie Roku 2023 przez Senat Rzeczypospolitej Polskiej, Rokiem Wis\u0142awy Szymborskiej, w zwi\u0105zku z 100 rocznic\u0105 urodzin poetki, by\u0142o inspiracj\u0105 do zorganizowania konkursu recytatorskiego Jej utwor\u00f3w, dla uczni\u00f3w klas sz\u00f3stych, si\u00f3dmych ...\" \/>\n<meta property=\"og:url\" content=\"http:\/\/filiawielun.bpsieradz.pl\/?p=900\" \/>\n<meta property=\"og:site_name\" content=\"Biblioteka Pedagogiczna w Sieradzu Filia w Wieluniu\" \/>\n<meta property=\"article:published_time\" content=\"2023-11-23T09:26:57+00:00\" \/>\n<meta property=\"article:modified_time\" content=\"2024-01-19T09:35:38+00:00\" \/>\n<meta property=\"og:image\" content=\"http:\/\/filiawielun.bpsieradz.pl\/wp-content\/uploads\/2024\/01\/Poezja-60.jpg\" \/>\n\t<meta property=\"og:image:width\" content=\"1125\" \/>\n\t<meta property=\"og:image:height\" content=\"750\" \/>\n\t<meta property=\"og:image:type\" content=\"image\/jpeg\" \/>\n<meta name=\"author\" content=\"admin\" \/>\n<meta name=\"twitter:card\" content=\"summary_large_image\" \/>\n<meta name=\"twitter:label1\" content=\"Napisane przez\" \/>\n\t<meta name=\"twitter:data1\" content=\"admin\" \/>\n\t<meta name=\"twitter:label2\" content=\"Szacowany czas czytania\" \/>\n\t<meta name=\"twitter:data2\" content=\"3 minuty\" \/>\n<script type=\"application\/ld+json\" class=\"yoast-schema-graph\">{\"@context\":\"https:\/\/schema.org\",\"@graph\":[{\"@type\":\"Article\",\"@id\":\"http:\/\/filiawielun.bpsieradz.pl\/?p=900#article\",\"isPartOf\":{\"@id\":\"http:\/\/filiawielun.bpsieradz.pl\/?p=900\"},\"author\":{\"name\":\"admin\",\"@id\":\"http:\/\/filiawielun.bpsieradz.pl\/#\/schema\/person\/ded83f447e250ee0de21791741e06036\"},\"headline\":\"\u201eNiekt\u00f3rzy lubi\u0105 poezj\u0119\u201d\",\"datePublished\":\"2023-11-23T09:26:57+00:00\",\"dateModified\":\"2024-01-19T09:35:38+00:00\",\"mainEntityOfPage\":{\"@id\":\"http:\/\/filiawielun.bpsieradz.pl\/?p=900\"},\"wordCount\":512,\"publisher\":{\"@id\":\"http:\/\/filiawielun.bpsieradz.pl\/#organization\"},\"image\":{\"@id\":\"http:\/\/filiawielun.bpsieradz.pl\/?p=900#primaryimage\"},\"thumbnailUrl\":\"https:\/\/filiawielun.bpsieradz.pl\/wp-content\/uploads\/2024\/01\/Poezja-60.jpg\",\"articleSection\":[\"Aktualno\u015bci\"],\"inLanguage\":\"pl-PL\"},{\"@type\":\"WebPage\",\"@id\":\"http:\/\/filiawielun.bpsieradz.pl\/?p=900\",\"url\":\"http:\/\/filiawielun.bpsieradz.pl\/?p=900\",\"name\":\"\u201eNiekt\u00f3rzy lubi\u0105 poezj\u0119\u201d - Biblioteka Pedagogiczna w Sieradzu Filia w Wieluniu\",\"isPartOf\":{\"@id\":\"http:\/\/filiawielun.bpsieradz.pl\/#website\"},\"primaryImageOfPage\":{\"@id\":\"http:\/\/filiawielun.bpsieradz.pl\/?p=900#primaryimage\"},\"image\":{\"@id\":\"http:\/\/filiawielun.bpsieradz.pl\/?p=900#primaryimage\"},\"thumbnailUrl\":\"https:\/\/filiawielun.bpsieradz.pl\/wp-content\/uploads\/2024\/01\/Poezja-60.jpg\",\"datePublished\":\"2023-11-23T09:26:57+00:00\",\"dateModified\":\"2024-01-19T09:35:38+00:00\",\"breadcrumb\":{\"@id\":\"http:\/\/filiawielun.bpsieradz.pl\/?p=900#breadcrumb\"},\"inLanguage\":\"pl-PL\",\"potentialAction\":[{\"@type\":\"ReadAction\",\"target\":[\"http:\/\/filiawielun.bpsieradz.pl\/?p=900\"]}]},{\"@type\":\"ImageObject\",\"inLanguage\":\"pl-PL\",\"@id\":\"http:\/\/filiawielun.bpsieradz.pl\/?p=900#primaryimage\",\"url\":\"https:\/\/filiawielun.bpsieradz.pl\/wp-content\/uploads\/2024\/01\/Poezja-60.jpg\",\"contentUrl\":\"https:\/\/filiawielun.bpsieradz.pl\/wp-content\/uploads\/2024\/01\/Poezja-60.jpg\",\"width\":1125,\"height\":750},{\"@type\":\"BreadcrumbList\",\"@id\":\"http:\/\/filiawielun.bpsieradz.pl\/?p=900#breadcrumb\",\"itemListElement\":[{\"@type\":\"ListItem\",\"position\":1,\"name\":\"Strona g\u0142\u00f3wna\",\"item\":\"http:\/\/filiawielun.bpsieradz.pl\/\"},{\"@type\":\"ListItem\",\"position\":2,\"name\":\"\u201eNiekt\u00f3rzy lubi\u0105 poezj\u0119\u201d\"}]},{\"@type\":\"WebSite\",\"@id\":\"http:\/\/filiawielun.bpsieradz.pl\/#website\",\"url\":\"http:\/\/filiawielun.bpsieradz.pl\/\",\"name\":\"Biblioteka Pedagogiczna w Sieradzu Filia w Wieluniu\",\"description\":\"Strona biblioteki\",\"publisher\":{\"@id\":\"http:\/\/filiawielun.bpsieradz.pl\/#organization\"},\"potentialAction\":[{\"@type\":\"SearchAction\",\"target\":{\"@type\":\"EntryPoint\",\"urlTemplate\":\"http:\/\/filiawielun.bpsieradz.pl\/?s={search_term_string}\"},\"query-input\":{\"@type\":\"PropertyValueSpecification\",\"valueRequired\":true,\"valueName\":\"search_term_string\"}}],\"inLanguage\":\"pl-PL\"},{\"@type\":\"Organization\",\"@id\":\"http:\/\/filiawielun.bpsieradz.pl\/#organization\",\"name\":\"Biblioteka Pedagogiczna w Sieradzu Filia w Wieluniu\",\"url\":\"http:\/\/filiawielun.bpsieradz.pl\/\",\"logo\":{\"@type\":\"ImageObject\",\"inLanguage\":\"pl-PL\",\"@id\":\"http:\/\/filiawielun.bpsieradz.pl\/#\/schema\/logo\/image\/\",\"url\":\"https:\/\/filiawielun.bpsieradz.pl\/wp-content\/uploads\/2025\/04\/cre_lodzkie.webp\",\"contentUrl\":\"https:\/\/filiawielun.bpsieradz.pl\/wp-content\/uploads\/2025\/04\/cre_lodzkie.webp\",\"width\":323,\"height\":50,\"caption\":\"Biblioteka Pedagogiczna w Sieradzu Filia w Wieluniu\"},\"image\":{\"@id\":\"http:\/\/filiawielun.bpsieradz.pl\/#\/schema\/logo\/image\/\"}},{\"@type\":\"Person\",\"@id\":\"http:\/\/filiawielun.bpsieradz.pl\/#\/schema\/person\/ded83f447e250ee0de21791741e06036\",\"name\":\"admin\",\"image\":{\"@type\":\"ImageObject\",\"inLanguage\":\"pl-PL\",\"@id\":\"http:\/\/filiawielun.bpsieradz.pl\/#\/schema\/person\/image\/\",\"url\":\"https:\/\/secure.gravatar.com\/avatar\/7c9baecea61c950fa0ace417ade1d91ec20251533a476dc4eb52114bf5576b3a?s=96&d=mm&r=g\",\"contentUrl\":\"https:\/\/secure.gravatar.com\/avatar\/7c9baecea61c950fa0ace417ade1d91ec20251533a476dc4eb52114bf5576b3a?s=96&d=mm&r=g\",\"caption\":\"admin\"},\"sameAs\":[\"http:\/\/bpsieradz.pl\/filiawielun1\"],\"url\":\"https:\/\/filiawielun.bpsieradz.pl\/?author=1\"}]}<\/script>\n<!-- \/ Yoast SEO plugin. -->","yoast_head_json":{"title":"\u201eNiekt\u00f3rzy lubi\u0105 poezj\u0119\u201d - Biblioteka Pedagogiczna w Sieradzu Filia w Wieluniu","robots":{"index":"index","follow":"follow","max-snippet":"max-snippet:-1","max-image-preview":"max-image-preview:large","max-video-preview":"max-video-preview:-1"},"canonical":"http:\/\/filiawielun.bpsieradz.pl\/?p=900","og_locale":"pl_PL","og_type":"article","og_title":"\u201eNiekt\u00f3rzy lubi\u0105 poezj\u0119\u201d - Biblioteka Pedagogiczna w Sieradzu Filia w Wieluniu","og_description":"Og\u0142oszenie Roku 2023 przez Senat Rzeczypospolitej Polskiej, Rokiem Wis\u0142awy Szymborskiej, w zwi\u0105zku z 100 rocznic\u0105 urodzin poetki, by\u0142o inspiracj\u0105 do zorganizowania konkursu recytatorskiego Jej utwor\u00f3w, dla uczni\u00f3w klas sz\u00f3stych, si\u00f3dmych ...","og_url":"http:\/\/filiawielun.bpsieradz.pl\/?p=900","og_site_name":"Biblioteka Pedagogiczna w Sieradzu Filia w Wieluniu","article_published_time":"2023-11-23T09:26:57+00:00","article_modified_time":"2024-01-19T09:35:38+00:00","og_image":[{"width":1125,"height":750,"url":"http:\/\/filiawielun.bpsieradz.pl\/wp-content\/uploads\/2024\/01\/Poezja-60.jpg","type":"image\/jpeg"}],"author":"admin","twitter_card":"summary_large_image","twitter_misc":{"Napisane przez":"admin","Szacowany czas czytania":"3 minuty"},"schema":{"@context":"https:\/\/schema.org","@graph":[{"@type":"Article","@id":"http:\/\/filiawielun.bpsieradz.pl\/?p=900#article","isPartOf":{"@id":"http:\/\/filiawielun.bpsieradz.pl\/?p=900"},"author":{"name":"admin","@id":"http:\/\/filiawielun.bpsieradz.pl\/#\/schema\/person\/ded83f447e250ee0de21791741e06036"},"headline":"\u201eNiekt\u00f3rzy lubi\u0105 poezj\u0119\u201d","datePublished":"2023-11-23T09:26:57+00:00","dateModified":"2024-01-19T09:35:38+00:00","mainEntityOfPage":{"@id":"http:\/\/filiawielun.bpsieradz.pl\/?p=900"},"wordCount":512,"publisher":{"@id":"http:\/\/filiawielun.bpsieradz.pl\/#organization"},"image":{"@id":"http:\/\/filiawielun.bpsieradz.pl\/?p=900#primaryimage"},"thumbnailUrl":"https:\/\/filiawielun.bpsieradz.pl\/wp-content\/uploads\/2024\/01\/Poezja-60.jpg","articleSection":["Aktualno\u015bci"],"inLanguage":"pl-PL"},{"@type":"WebPage","@id":"http:\/\/filiawielun.bpsieradz.pl\/?p=900","url":"http:\/\/filiawielun.bpsieradz.pl\/?p=900","name":"\u201eNiekt\u00f3rzy lubi\u0105 poezj\u0119\u201d - Biblioteka Pedagogiczna w Sieradzu Filia w Wieluniu","isPartOf":{"@id":"http:\/\/filiawielun.bpsieradz.pl\/#website"},"primaryImageOfPage":{"@id":"http:\/\/filiawielun.bpsieradz.pl\/?p=900#primaryimage"},"image":{"@id":"http:\/\/filiawielun.bpsieradz.pl\/?p=900#primaryimage"},"thumbnailUrl":"https:\/\/filiawielun.bpsieradz.pl\/wp-content\/uploads\/2024\/01\/Poezja-60.jpg","datePublished":"2023-11-23T09:26:57+00:00","dateModified":"2024-01-19T09:35:38+00:00","breadcrumb":{"@id":"http:\/\/filiawielun.bpsieradz.pl\/?p=900#breadcrumb"},"inLanguage":"pl-PL","potentialAction":[{"@type":"ReadAction","target":["http:\/\/filiawielun.bpsieradz.pl\/?p=900"]}]},{"@type":"ImageObject","inLanguage":"pl-PL","@id":"http:\/\/filiawielun.bpsieradz.pl\/?p=900#primaryimage","url":"https:\/\/filiawielun.bpsieradz.pl\/wp-content\/uploads\/2024\/01\/Poezja-60.jpg","contentUrl":"https:\/\/filiawielun.bpsieradz.pl\/wp-content\/uploads\/2024\/01\/Poezja-60.jpg","width":1125,"height":750},{"@type":"BreadcrumbList","@id":"http:\/\/filiawielun.bpsieradz.pl\/?p=900#breadcrumb","itemListElement":[{"@type":"ListItem","position":1,"name":"Strona g\u0142\u00f3wna","item":"http:\/\/filiawielun.bpsieradz.pl\/"},{"@type":"ListItem","position":2,"name":"\u201eNiekt\u00f3rzy lubi\u0105 poezj\u0119\u201d"}]},{"@type":"WebSite","@id":"http:\/\/filiawielun.bpsieradz.pl\/#website","url":"http:\/\/filiawielun.bpsieradz.pl\/","name":"Biblioteka Pedagogiczna w Sieradzu Filia w Wieluniu","description":"Strona biblioteki","publisher":{"@id":"http:\/\/filiawielun.bpsieradz.pl\/#organization"},"potentialAction":[{"@type":"SearchAction","target":{"@type":"EntryPoint","urlTemplate":"http:\/\/filiawielun.bpsieradz.pl\/?s={search_term_string}"},"query-input":{"@type":"PropertyValueSpecification","valueRequired":true,"valueName":"search_term_string"}}],"inLanguage":"pl-PL"},{"@type":"Organization","@id":"http:\/\/filiawielun.bpsieradz.pl\/#organization","name":"Biblioteka Pedagogiczna w Sieradzu Filia w Wieluniu","url":"http:\/\/filiawielun.bpsieradz.pl\/","logo":{"@type":"ImageObject","inLanguage":"pl-PL","@id":"http:\/\/filiawielun.bpsieradz.pl\/#\/schema\/logo\/image\/","url":"https:\/\/filiawielun.bpsieradz.pl\/wp-content\/uploads\/2025\/04\/cre_lodzkie.webp","contentUrl":"https:\/\/filiawielun.bpsieradz.pl\/wp-content\/uploads\/2025\/04\/cre_lodzkie.webp","width":323,"height":50,"caption":"Biblioteka Pedagogiczna w Sieradzu Filia w Wieluniu"},"image":{"@id":"http:\/\/filiawielun.bpsieradz.pl\/#\/schema\/logo\/image\/"}},{"@type":"Person","@id":"http:\/\/filiawielun.bpsieradz.pl\/#\/schema\/person\/ded83f447e250ee0de21791741e06036","name":"admin","image":{"@type":"ImageObject","inLanguage":"pl-PL","@id":"http:\/\/filiawielun.bpsieradz.pl\/#\/schema\/person\/image\/","url":"https:\/\/secure.gravatar.com\/avatar\/7c9baecea61c950fa0ace417ade1d91ec20251533a476dc4eb52114bf5576b3a?s=96&d=mm&r=g","contentUrl":"https:\/\/secure.gravatar.com\/avatar\/7c9baecea61c950fa0ace417ade1d91ec20251533a476dc4eb52114bf5576b3a?s=96&d=mm&r=g","caption":"admin"},"sameAs":["http:\/\/bpsieradz.pl\/filiawielun1"],"url":"https:\/\/filiawielun.bpsieradz.pl\/?author=1"}]}},"rttpg_featured_image_url":{"full":["https:\/\/filiawielun.bpsieradz.pl\/wp-content\/uploads\/2024\/01\/Poezja-60.jpg",1125,750,false],"landscape":["https:\/\/filiawielun.bpsieradz.pl\/wp-content\/uploads\/2024\/01\/Poezja-60.jpg",1125,750,false],"portraits":["https:\/\/filiawielun.bpsieradz.pl\/wp-content\/uploads\/2024\/01\/Poezja-60.jpg",1125,750,false],"thumbnail":["https:\/\/filiawielun.bpsieradz.pl\/wp-content\/uploads\/2024\/01\/Poezja-60-150x150.jpg",150,150,true],"medium":["https:\/\/filiawielun.bpsieradz.pl\/wp-content\/uploads\/2024\/01\/Poezja-60-300x200.jpg",300,200,true],"large":["https:\/\/filiawielun.bpsieradz.pl\/wp-content\/uploads\/2024\/01\/Poezja-60-1024x683.jpg",800,534,true],"1536x1536":["https:\/\/filiawielun.bpsieradz.pl\/wp-content\/uploads\/2024\/01\/Poezja-60.jpg",1125,750,false],"2048x2048":["https:\/\/filiawielun.bpsieradz.pl\/wp-content\/uploads\/2024\/01\/Poezja-60.jpg",1125,750,false],"onepress-blog-small":["https:\/\/filiawielun.bpsieradz.pl\/wp-content\/uploads\/2024\/01\/Poezja-60-300x150.jpg",300,150,true],"onepress-small":["https:\/\/filiawielun.bpsieradz.pl\/wp-content\/uploads\/2024\/01\/Poezja-60-480x300.jpg",480,300,true],"onepress-medium":["https:\/\/filiawielun.bpsieradz.pl\/wp-content\/uploads\/2024\/01\/Poezja-60-640x400.jpg",640,400,true]},"rttpg_author":{"display_name":"admin","author_link":"https:\/\/filiawielun.bpsieradz.pl\/?author=1"},"rttpg_comment":0,"rttpg_category":"<a href=\"https:\/\/filiawielun.bpsieradz.pl\/?cat=2\" rel=\"category\">Aktualno\u015bci<\/a>","rttpg_excerpt":"Og\u0142oszenie Roku 2023 przez Senat Rzeczypospolitej Polskiej, Rokiem Wis\u0142awy Szymborskiej, w zwi\u0105zku z 100 rocznic\u0105 urodzin poetki, by\u0142o inspiracj\u0105 do zorganizowania konkursu recytatorskiego Jej utwor\u00f3w, dla uczni\u00f3w klas sz\u00f3stych, si\u00f3dmych ...","_links":{"self":[{"href":"https:\/\/filiawielun.bpsieradz.pl\/index.php?rest_route=\/wp\/v2\/posts\/900","targetHints":{"allow":["GET"]}}],"collection":[{"href":"https:\/\/filiawielun.bpsieradz.pl\/index.php?rest_route=\/wp\/v2\/posts"}],"about":[{"href":"https:\/\/filiawielun.bpsieradz.pl\/index.php?rest_route=\/wp\/v2\/types\/post"}],"author":[{"embeddable":true,"href":"https:\/\/filiawielun.bpsieradz.pl\/index.php?rest_route=\/wp\/v2\/users\/1"}],"replies":[{"embeddable":true,"href":"https:\/\/filiawielun.bpsieradz.pl\/index.php?rest_route=%2Fwp%2Fv2%2Fcomments&post=900"}],"version-history":[{"count":1,"href":"https:\/\/filiawielun.bpsieradz.pl\/index.php?rest_route=\/wp\/v2\/posts\/900\/revisions"}],"predecessor-version":[{"id":963,"href":"https:\/\/filiawielun.bpsieradz.pl\/index.php?rest_route=\/wp\/v2\/posts\/900\/revisions\/963"}],"wp:featuredmedia":[{"embeddable":true,"href":"https:\/\/filiawielun.bpsieradz.pl\/index.php?rest_route=\/wp\/v2\/media\/962"}],"wp:attachment":[{"href":"https:\/\/filiawielun.bpsieradz.pl\/index.php?rest_route=%2Fwp%2Fv2%2Fmedia&parent=900"}],"wp:term":[{"taxonomy":"category","embeddable":true,"href":"https:\/\/filiawielun.bpsieradz.pl\/index.php?rest_route=%2Fwp%2Fv2%2Fcategories&post=900"},{"taxonomy":"post_tag","embeddable":true,"href":"https:\/\/filiawielun.bpsieradz.pl\/index.php?rest_route=%2Fwp%2Fv2%2Ftags&post=900"}],"curies":[{"name":"wp","href":"https:\/\/api.w.org\/{rel}","templated":true}]}}