{"id":844,"date":"2023-11-10T09:29:32","date_gmt":"2023-11-10T09:29:32","guid":{"rendered":"http:\/\/filiawielun.bpsieradz.pl\/?p=844"},"modified":"2024-01-16T09:34:33","modified_gmt":"2024-01-16T09:34:33","slug":"konkurs-recytatorski-strofy-dla-niepodleglej-vi-edycja-6-listopada-2023-r","status":"publish","type":"post","link":"https:\/\/filiawielun.bpsieradz.pl\/?p=844","title":{"rendered":"Konkurs recytatorski \u201eStrofy dla Niepodleg\u0142ej\u201d\u00a0 &#8211; VI edycja &#8211; 6 listopada 2023 r."},"content":{"rendered":"\n<p class=\"wp-block-paragraph\">\u201ePami\u0119\u0107 minionych wydarze\u0144 buduje wi\u0119\u017a mi\u0119dzypokoleniow\u0105, jest mostem mi\u0119dzy tera\u017aniejszo\u015bci\u0105 a przesz\u0142o\u015bci\u0105. Codzienne obowi\u0105zki rzadko sprzyjaj\u0105 refleksji i zadumie nad czasem, kt\u00f3ry przyni\u00f3s\u0142 naszej ojczy\u017anie wolno\u015b\u0107. W 1918 roku s\u0142owo wolno\u015b\u0107 by\u0142o na ustach i w sercach wszystkich, dzi\u015b ten dar jest tak oczywisty, \u017ce nie zauwa\u017camy nawet, \u017ce oddychamy wolno\u015bci\u0105. Kiedy\u015b jej brak stawa\u0142 si\u0119 zarzewiem walki, w kt\u00f3rej oddawano \u017cycie. Dzi\u015b nie musimy sk\u0142ada\u0107 takich ofiar, ale musimy by\u0107 \u015bwiadomi, \u017ce nie jest dana raz na zawsze. Jako wsp\u00f3\u0142czesne pokolenie musimy czuwa\u0107 i w tej postawie czujno\u015bci wytrwa\u0107. Pomaga nam w tym poezja.\u201d\u00a0<\/p>\n\n\n\n<p class=\"wp-block-paragraph\">Tymi s\u0142owami&nbsp; rozpocz\u0105\u0142 si\u0119 konkurs recytatorski \u201eStrofy dla Niepodleg\u0142ej\u201d &#8211; VI edycja. Konkurs zorganizowano we wsp\u00f3\u0142pracy: Centrum Rozwoju Edukacji Wojew\u00f3dztwa \u0141\u00f3dzkiego w Sieradzu&nbsp; Biblioteka Pedagogiczna w Wieluniu i&nbsp; II Liceum Og\u00f3lnokszta\u0142c\u0105ce im. Janusza Korczaka w Wieluniu, przy wsparciu \u201eFundacji S\u0142owem pisane\u201d.<\/p>\n\n\n\n<p class=\"wp-block-paragraph\">W konkursie wzi\u0119\u0142o udzia\u0142 trzydziestu sze\u015bciu uczni\u00f3w szk\u00f3\u0142 ponadpodstawowych z Wielunia. Uczestnik\u00f3w Konkursu powita\u0142a Pani Sylwia D\u0119ga-Fr\u0105tczak dyrektor Centrum Rozwoju Edukacji Wojew\u00f3dztwa \u0141\u00f3dzkiego w Sieradzu.<\/p>\n\n\n\n<p class=\"wp-block-paragraph\">W przepi\u0119knych interpretacjach m\u0142odzie\u017cy wybrzmia\u0142a mi\u0142o\u015b\u0107 do tego co nasze, co polskie i najdro\u017csze sercu.<\/p>\n\n\n\n<p class=\"wp-block-paragraph\">Jury w sk\u0142adzie: Pani Dorota Staszak kierownik WODN Oddzia\u0142 w Wieluniu, nauczyciel-konsultant; Pani Magdalena Wicher&nbsp; dyrektor Powiatowej Biblioteki Publicznej w Wieluniu; Pani Ma\u0142gorzata \u017buchowska&nbsp; dyrektor Szko\u0142y Podstawowej nr 4 im. Kr\u00f3lowej Jadwigi w Wieluniu, doradca metodyczny; Pani Marlena Kara\u015b&nbsp; dyrektor Szko\u0142y Podstawowej im. Wis\u0142awy Szymborskiej w Sie\u0144cu, doradca metodyczny, nie mia\u0142o \u0142atwego zadania. Jury przyzna\u0142o pi\u0119\u0107 g\u0142\u00f3wnych nagr\u00f3d oraz dziewi\u0119\u0107 wyr\u00f3\u017cnie\u0144:<\/p>\n\n\n\n<ul class=\"wp-block-list\">\n<li>I miejsce: Oliwia Kubska &#8211; I LO im. T. Ko\u015bciuszki w Wieluniu<\/li>\n\n\n\n<li>II miejsce ex aequo:&nbsp; Emilia Grygowska II LO im. J. Korczaka w Wieluniu oraz Kacper Bornowski&nbsp; II LO im. J. Korczaka w Wieluniu<\/li>\n\n\n\n<li>III miejsce ex aequo: Wiktor Kubiaczyk I LO T. Ko\u015bciuszki w Wieluniu oraz Magdalena Macio\u0142ek&nbsp; II LO im. J. Korczaka w Wieluniu<\/li>\n<\/ul>\n\n\n\n<p class=\"wp-block-paragraph\">Wyr\u00f3\u017cnienia otrzymali:<\/p>\n\n\n\n<ul class=\"wp-block-list\">\n<li>Anna Krawczyk &#8211; II LO im. J. Korczaka w Wieluniu,<\/li>\n\n\n\n<li>Bianka Pasztaleniec &#8211; II LO im. J. Korczaka w Wieluniu,<\/li>\n\n\n\n<li>Natalia Olek \u2013 ZS nr 3 w Wieluniu,<\/li>\n\n\n\n<li>Nadia Szmaj II LO im. J. Korczaka w Wieluniu,<\/li>\n\n\n\n<li>Julia Rawska I LO im. T.&nbsp; Ko\u015bciuszki w Wieluniu,<\/li>\n\n\n\n<li>Natalia Szkudlarek&nbsp; II LO im. J. Korczaka w Wieluniu,<\/li>\n\n\n\n<li>Igor Grabczak I LO im. T.&nbsp; Ko\u015bciuszki w Wieluniu,<\/li>\n\n\n\n<li>Micha\u0142 Patacz I LO im. T.&nbsp; Ko\u015bciuszki w Wieluniu,<\/li>\n\n\n\n<li>Hubert Strzelczyk ZS n r 1 w Wieluniu.<\/li>\n<\/ul>\n\n\n\n<p class=\"wp-block-paragraph\">Nagrody ufundowane przez CREW\u0141 w Sieradzu, Rad\u0119 Rodzic\u00f3w II LO im. Janusza Korczaka w Wieluniu oraz \u201eFundacj\u0119 S\u0142owem pisane\u201d wr\u0119cza\u0142y: Pani Sylwia D\u0119ga-Fr\u0105tczak dyrektor Centrum Rozwoju Edukacji Wojew\u00f3dztwa \u0141\u00f3dzkiego w Sieradzu&nbsp; oraz Pani Renata Tatara Dyrektor II LO im. Janusza Korczaka w Wieluniu. Dodatkow\u0105 nagrod\u0105, dzi\u0119ki uprzejmo\u015bci prezesa Radia Ziemi Wielu\u0144skiej Pana Grzegorza Nowaka,&nbsp; b\u0119d\u0105 nagrane w studio RZW wyst\u0105pienia zwyci\u0119zc\u00f3w Konkursu, a wyemitowane na antenie RZW w dniu 11 listopada, w \u015awi\u0119to Niepodleg\u0142o\u015bci.<\/p>\n\n\n\n<p class=\"wp-block-paragraph\">Gratulujemy i dzi\u0119kujemy za udzia\u0142 !<\/p>\n\n\n\n<p class=\"wp-block-paragraph\">Autorka zdj\u0119\u0107 Magdalena P\u0142atek \u2013 Powiatowa Biblioteka Publiczna w Wieluniu<\/p>\n\n\n\nngg_shortcode_0_placeholder\n","protected":false},"excerpt":{"rendered":"<p>\u201ePami\u0119\u0107 minionych wydarze\u0144 buduje wi\u0119\u017a mi\u0119dzypokoleniow\u0105, jest mostem mi\u0119dzy tera\u017aniejszo\u015bci\u0105 a przesz\u0142o\u015bci\u0105. Codzienne obowi\u0105zki rzadko sprzyjaj\u0105 refleksji i zadumie nad czasem, kt\u00f3ry przyni\u00f3s\u0142 naszej ojczy\u017anie wolno\u015b\u0107. W 1918 roku s\u0142owo &#8230;<\/p>\n","protected":false},"author":1,"featured_media":845,"comment_status":"closed","ping_status":"closed","sticky":false,"template":"","format":"standard","meta":{"ngg_post_thumbnail":0,"footnotes":""},"categories":[2],"tags":[],"class_list":["post-844","post","type-post","status-publish","format-standard","has-post-thumbnail","hentry","category-aktualnosci"],"yoast_head":"<!-- This site is optimized with the Yoast SEO plugin v25.6 - https:\/\/yoast.com\/wordpress\/plugins\/seo\/ -->\n<title>Konkurs recytatorski \u201eStrofy dla Niepodleg\u0142ej\u201d\u00a0 - VI edycja - 6 listopada 2023 r. - Biblioteka Pedagogiczna w Sieradzu Filia w Wieluniu<\/title>\n<meta name=\"robots\" content=\"index, follow, max-snippet:-1, max-image-preview:large, max-video-preview:-1\" \/>\n<link rel=\"canonical\" href=\"http:\/\/filiawielun.bpsieradz.pl\/?p=844\" \/>\n<meta property=\"og:locale\" content=\"pl_PL\" \/>\n<meta property=\"og:type\" content=\"article\" \/>\n<meta property=\"og:title\" content=\"Konkurs recytatorski \u201eStrofy dla Niepodleg\u0142ej\u201d\u00a0 - VI edycja - 6 listopada 2023 r. - Biblioteka Pedagogiczna w Sieradzu Filia w Wieluniu\" \/>\n<meta property=\"og:description\" content=\"\u201ePami\u0119\u0107 minionych wydarze\u0144 buduje wi\u0119\u017a mi\u0119dzypokoleniow\u0105, jest mostem mi\u0119dzy tera\u017aniejszo\u015bci\u0105 a przesz\u0142o\u015bci\u0105. Codzienne obowi\u0105zki rzadko sprzyjaj\u0105 refleksji i zadumie nad czasem, kt\u00f3ry przyni\u00f3s\u0142 naszej ojczy\u017anie wolno\u015b\u0107. W 1918 roku s\u0142owo ...\" \/>\n<meta property=\"og:url\" content=\"http:\/\/filiawielun.bpsieradz.pl\/?p=844\" \/>\n<meta property=\"og:site_name\" content=\"Biblioteka Pedagogiczna w Sieradzu Filia w Wieluniu\" \/>\n<meta property=\"article:published_time\" content=\"2023-11-10T09:29:32+00:00\" \/>\n<meta property=\"article:modified_time\" content=\"2024-01-16T09:34:33+00:00\" \/>\n<meta property=\"og:image\" content=\"http:\/\/filiawielun.bpsieradz.pl\/wp-content\/uploads\/2024\/01\/Strofy-01.jpg\" \/>\n\t<meta property=\"og:image:width\" content=\"1125\" \/>\n\t<meta property=\"og:image:height\" content=\"750\" \/>\n\t<meta property=\"og:image:type\" content=\"image\/jpeg\" \/>\n<meta name=\"author\" content=\"admin\" \/>\n<meta name=\"twitter:card\" content=\"summary_large_image\" \/>\n<meta name=\"twitter:label1\" content=\"Napisane przez\" \/>\n\t<meta name=\"twitter:data1\" content=\"admin\" \/>\n\t<meta name=\"twitter:label2\" content=\"Szacowany czas czytania\" \/>\n\t<meta name=\"twitter:data2\" content=\"4 minuty\" \/>\n<script type=\"application\/ld+json\" class=\"yoast-schema-graph\">{\"@context\":\"https:\/\/schema.org\",\"@graph\":[{\"@type\":\"Article\",\"@id\":\"http:\/\/filiawielun.bpsieradz.pl\/?p=844#article\",\"isPartOf\":{\"@id\":\"http:\/\/filiawielun.bpsieradz.pl\/?p=844\"},\"author\":{\"name\":\"admin\",\"@id\":\"http:\/\/filiawielun.bpsieradz.pl\/#\/schema\/person\/ded83f447e250ee0de21791741e06036\"},\"headline\":\"Konkurs recytatorski \u201eStrofy dla Niepodleg\u0142ej\u201d\u00a0 &#8211; VI edycja &#8211; 6 listopada 2023 r.\",\"datePublished\":\"2023-11-10T09:29:32+00:00\",\"dateModified\":\"2024-01-16T09:34:33+00:00\",\"mainEntityOfPage\":{\"@id\":\"http:\/\/filiawielun.bpsieradz.pl\/?p=844\"},\"wordCount\":573,\"publisher\":{\"@id\":\"http:\/\/filiawielun.bpsieradz.pl\/#organization\"},\"image\":{\"@id\":\"http:\/\/filiawielun.bpsieradz.pl\/?p=844#primaryimage\"},\"thumbnailUrl\":\"https:\/\/filiawielun.bpsieradz.pl\/wp-content\/uploads\/2024\/01\/Strofy-01.jpg\",\"articleSection\":[\"Aktualno\u015bci\"],\"inLanguage\":\"pl-PL\"},{\"@type\":\"WebPage\",\"@id\":\"http:\/\/filiawielun.bpsieradz.pl\/?p=844\",\"url\":\"http:\/\/filiawielun.bpsieradz.pl\/?p=844\",\"name\":\"Konkurs recytatorski \u201eStrofy dla Niepodleg\u0142ej\u201d\u00a0 - VI edycja - 6 listopada 2023 r. - Biblioteka Pedagogiczna w Sieradzu Filia w Wieluniu\",\"isPartOf\":{\"@id\":\"http:\/\/filiawielun.bpsieradz.pl\/#website\"},\"primaryImageOfPage\":{\"@id\":\"http:\/\/filiawielun.bpsieradz.pl\/?p=844#primaryimage\"},\"image\":{\"@id\":\"http:\/\/filiawielun.bpsieradz.pl\/?p=844#primaryimage\"},\"thumbnailUrl\":\"https:\/\/filiawielun.bpsieradz.pl\/wp-content\/uploads\/2024\/01\/Strofy-01.jpg\",\"datePublished\":\"2023-11-10T09:29:32+00:00\",\"dateModified\":\"2024-01-16T09:34:33+00:00\",\"breadcrumb\":{\"@id\":\"http:\/\/filiawielun.bpsieradz.pl\/?p=844#breadcrumb\"},\"inLanguage\":\"pl-PL\",\"potentialAction\":[{\"@type\":\"ReadAction\",\"target\":[\"http:\/\/filiawielun.bpsieradz.pl\/?p=844\"]}]},{\"@type\":\"ImageObject\",\"inLanguage\":\"pl-PL\",\"@id\":\"http:\/\/filiawielun.bpsieradz.pl\/?p=844#primaryimage\",\"url\":\"https:\/\/filiawielun.bpsieradz.pl\/wp-content\/uploads\/2024\/01\/Strofy-01.jpg\",\"contentUrl\":\"https:\/\/filiawielun.bpsieradz.pl\/wp-content\/uploads\/2024\/01\/Strofy-01.jpg\",\"width\":1125,\"height\":750},{\"@type\":\"BreadcrumbList\",\"@id\":\"http:\/\/filiawielun.bpsieradz.pl\/?p=844#breadcrumb\",\"itemListElement\":[{\"@type\":\"ListItem\",\"position\":1,\"name\":\"Strona g\u0142\u00f3wna\",\"item\":\"http:\/\/filiawielun.bpsieradz.pl\/\"},{\"@type\":\"ListItem\",\"position\":2,\"name\":\"Konkurs recytatorski \u201eStrofy dla Niepodleg\u0142ej\u201d\u00a0 &#8211; VI edycja &#8211; 6 listopada 2023 r.\"}]},{\"@type\":\"WebSite\",\"@id\":\"http:\/\/filiawielun.bpsieradz.pl\/#website\",\"url\":\"http:\/\/filiawielun.bpsieradz.pl\/\",\"name\":\"Biblioteka Pedagogiczna w Sieradzu Filia w Wieluniu\",\"description\":\"Strona biblioteki\",\"publisher\":{\"@id\":\"http:\/\/filiawielun.bpsieradz.pl\/#organization\"},\"potentialAction\":[{\"@type\":\"SearchAction\",\"target\":{\"@type\":\"EntryPoint\",\"urlTemplate\":\"http:\/\/filiawielun.bpsieradz.pl\/?s={search_term_string}\"},\"query-input\":{\"@type\":\"PropertyValueSpecification\",\"valueRequired\":true,\"valueName\":\"search_term_string\"}}],\"inLanguage\":\"pl-PL\"},{\"@type\":\"Organization\",\"@id\":\"http:\/\/filiawielun.bpsieradz.pl\/#organization\",\"name\":\"Biblioteka Pedagogiczna w Sieradzu Filia w Wieluniu\",\"url\":\"http:\/\/filiawielun.bpsieradz.pl\/\",\"logo\":{\"@type\":\"ImageObject\",\"inLanguage\":\"pl-PL\",\"@id\":\"http:\/\/filiawielun.bpsieradz.pl\/#\/schema\/logo\/image\/\",\"url\":\"https:\/\/filiawielun.bpsieradz.pl\/wp-content\/uploads\/2025\/04\/cre_lodzkie.webp\",\"contentUrl\":\"https:\/\/filiawielun.bpsieradz.pl\/wp-content\/uploads\/2025\/04\/cre_lodzkie.webp\",\"width\":323,\"height\":50,\"caption\":\"Biblioteka Pedagogiczna w Sieradzu Filia w Wieluniu\"},\"image\":{\"@id\":\"http:\/\/filiawielun.bpsieradz.pl\/#\/schema\/logo\/image\/\"}},{\"@type\":\"Person\",\"@id\":\"http:\/\/filiawielun.bpsieradz.pl\/#\/schema\/person\/ded83f447e250ee0de21791741e06036\",\"name\":\"admin\",\"image\":{\"@type\":\"ImageObject\",\"inLanguage\":\"pl-PL\",\"@id\":\"http:\/\/filiawielun.bpsieradz.pl\/#\/schema\/person\/image\/\",\"url\":\"https:\/\/secure.gravatar.com\/avatar\/7c9baecea61c950fa0ace417ade1d91ec20251533a476dc4eb52114bf5576b3a?s=96&d=mm&r=g\",\"contentUrl\":\"https:\/\/secure.gravatar.com\/avatar\/7c9baecea61c950fa0ace417ade1d91ec20251533a476dc4eb52114bf5576b3a?s=96&d=mm&r=g\",\"caption\":\"admin\"},\"sameAs\":[\"http:\/\/bpsieradz.pl\/filiawielun1\"],\"url\":\"https:\/\/filiawielun.bpsieradz.pl\/?author=1\"}]}<\/script>\n<!-- \/ Yoast SEO plugin. -->","yoast_head_json":{"title":"Konkurs recytatorski \u201eStrofy dla Niepodleg\u0142ej\u201d\u00a0 - VI edycja - 6 listopada 2023 r. - Biblioteka Pedagogiczna w Sieradzu Filia w Wieluniu","robots":{"index":"index","follow":"follow","max-snippet":"max-snippet:-1","max-image-preview":"max-image-preview:large","max-video-preview":"max-video-preview:-1"},"canonical":"http:\/\/filiawielun.bpsieradz.pl\/?p=844","og_locale":"pl_PL","og_type":"article","og_title":"Konkurs recytatorski \u201eStrofy dla Niepodleg\u0142ej\u201d\u00a0 - VI edycja - 6 listopada 2023 r. - Biblioteka Pedagogiczna w Sieradzu Filia w Wieluniu","og_description":"\u201ePami\u0119\u0107 minionych wydarze\u0144 buduje wi\u0119\u017a mi\u0119dzypokoleniow\u0105, jest mostem mi\u0119dzy tera\u017aniejszo\u015bci\u0105 a przesz\u0142o\u015bci\u0105. Codzienne obowi\u0105zki rzadko sprzyjaj\u0105 refleksji i zadumie nad czasem, kt\u00f3ry przyni\u00f3s\u0142 naszej ojczy\u017anie wolno\u015b\u0107. W 1918 roku s\u0142owo ...","og_url":"http:\/\/filiawielun.bpsieradz.pl\/?p=844","og_site_name":"Biblioteka Pedagogiczna w Sieradzu Filia w Wieluniu","article_published_time":"2023-11-10T09:29:32+00:00","article_modified_time":"2024-01-16T09:34:33+00:00","og_image":[{"width":1125,"height":750,"url":"http:\/\/filiawielun.bpsieradz.pl\/wp-content\/uploads\/2024\/01\/Strofy-01.jpg","type":"image\/jpeg"}],"author":"admin","twitter_card":"summary_large_image","twitter_misc":{"Napisane przez":"admin","Szacowany czas czytania":"4 minuty"},"schema":{"@context":"https:\/\/schema.org","@graph":[{"@type":"Article","@id":"http:\/\/filiawielun.bpsieradz.pl\/?p=844#article","isPartOf":{"@id":"http:\/\/filiawielun.bpsieradz.pl\/?p=844"},"author":{"name":"admin","@id":"http:\/\/filiawielun.bpsieradz.pl\/#\/schema\/person\/ded83f447e250ee0de21791741e06036"},"headline":"Konkurs recytatorski \u201eStrofy dla Niepodleg\u0142ej\u201d\u00a0 &#8211; VI edycja &#8211; 6 listopada 2023 r.","datePublished":"2023-11-10T09:29:32+00:00","dateModified":"2024-01-16T09:34:33+00:00","mainEntityOfPage":{"@id":"http:\/\/filiawielun.bpsieradz.pl\/?p=844"},"wordCount":573,"publisher":{"@id":"http:\/\/filiawielun.bpsieradz.pl\/#organization"},"image":{"@id":"http:\/\/filiawielun.bpsieradz.pl\/?p=844#primaryimage"},"thumbnailUrl":"https:\/\/filiawielun.bpsieradz.pl\/wp-content\/uploads\/2024\/01\/Strofy-01.jpg","articleSection":["Aktualno\u015bci"],"inLanguage":"pl-PL"},{"@type":"WebPage","@id":"http:\/\/filiawielun.bpsieradz.pl\/?p=844","url":"http:\/\/filiawielun.bpsieradz.pl\/?p=844","name":"Konkurs recytatorski \u201eStrofy dla Niepodleg\u0142ej\u201d\u00a0 - VI edycja - 6 listopada 2023 r. - Biblioteka Pedagogiczna w Sieradzu Filia w Wieluniu","isPartOf":{"@id":"http:\/\/filiawielun.bpsieradz.pl\/#website"},"primaryImageOfPage":{"@id":"http:\/\/filiawielun.bpsieradz.pl\/?p=844#primaryimage"},"image":{"@id":"http:\/\/filiawielun.bpsieradz.pl\/?p=844#primaryimage"},"thumbnailUrl":"https:\/\/filiawielun.bpsieradz.pl\/wp-content\/uploads\/2024\/01\/Strofy-01.jpg","datePublished":"2023-11-10T09:29:32+00:00","dateModified":"2024-01-16T09:34:33+00:00","breadcrumb":{"@id":"http:\/\/filiawielun.bpsieradz.pl\/?p=844#breadcrumb"},"inLanguage":"pl-PL","potentialAction":[{"@type":"ReadAction","target":["http:\/\/filiawielun.bpsieradz.pl\/?p=844"]}]},{"@type":"ImageObject","inLanguage":"pl-PL","@id":"http:\/\/filiawielun.bpsieradz.pl\/?p=844#primaryimage","url":"https:\/\/filiawielun.bpsieradz.pl\/wp-content\/uploads\/2024\/01\/Strofy-01.jpg","contentUrl":"https:\/\/filiawielun.bpsieradz.pl\/wp-content\/uploads\/2024\/01\/Strofy-01.jpg","width":1125,"height":750},{"@type":"BreadcrumbList","@id":"http:\/\/filiawielun.bpsieradz.pl\/?p=844#breadcrumb","itemListElement":[{"@type":"ListItem","position":1,"name":"Strona g\u0142\u00f3wna","item":"http:\/\/filiawielun.bpsieradz.pl\/"},{"@type":"ListItem","position":2,"name":"Konkurs recytatorski \u201eStrofy dla Niepodleg\u0142ej\u201d\u00a0 &#8211; VI edycja &#8211; 6 listopada 2023 r."}]},{"@type":"WebSite","@id":"http:\/\/filiawielun.bpsieradz.pl\/#website","url":"http:\/\/filiawielun.bpsieradz.pl\/","name":"Biblioteka Pedagogiczna w Sieradzu Filia w Wieluniu","description":"Strona biblioteki","publisher":{"@id":"http:\/\/filiawielun.bpsieradz.pl\/#organization"},"potentialAction":[{"@type":"SearchAction","target":{"@type":"EntryPoint","urlTemplate":"http:\/\/filiawielun.bpsieradz.pl\/?s={search_term_string}"},"query-input":{"@type":"PropertyValueSpecification","valueRequired":true,"valueName":"search_term_string"}}],"inLanguage":"pl-PL"},{"@type":"Organization","@id":"http:\/\/filiawielun.bpsieradz.pl\/#organization","name":"Biblioteka Pedagogiczna w Sieradzu Filia w Wieluniu","url":"http:\/\/filiawielun.bpsieradz.pl\/","logo":{"@type":"ImageObject","inLanguage":"pl-PL","@id":"http:\/\/filiawielun.bpsieradz.pl\/#\/schema\/logo\/image\/","url":"https:\/\/filiawielun.bpsieradz.pl\/wp-content\/uploads\/2025\/04\/cre_lodzkie.webp","contentUrl":"https:\/\/filiawielun.bpsieradz.pl\/wp-content\/uploads\/2025\/04\/cre_lodzkie.webp","width":323,"height":50,"caption":"Biblioteka Pedagogiczna w Sieradzu Filia w Wieluniu"},"image":{"@id":"http:\/\/filiawielun.bpsieradz.pl\/#\/schema\/logo\/image\/"}},{"@type":"Person","@id":"http:\/\/filiawielun.bpsieradz.pl\/#\/schema\/person\/ded83f447e250ee0de21791741e06036","name":"admin","image":{"@type":"ImageObject","inLanguage":"pl-PL","@id":"http:\/\/filiawielun.bpsieradz.pl\/#\/schema\/person\/image\/","url":"https:\/\/secure.gravatar.com\/avatar\/7c9baecea61c950fa0ace417ade1d91ec20251533a476dc4eb52114bf5576b3a?s=96&d=mm&r=g","contentUrl":"https:\/\/secure.gravatar.com\/avatar\/7c9baecea61c950fa0ace417ade1d91ec20251533a476dc4eb52114bf5576b3a?s=96&d=mm&r=g","caption":"admin"},"sameAs":["http:\/\/bpsieradz.pl\/filiawielun1"],"url":"https:\/\/filiawielun.bpsieradz.pl\/?author=1"}]}},"rttpg_featured_image_url":{"full":["https:\/\/filiawielun.bpsieradz.pl\/wp-content\/uploads\/2024\/01\/Strofy-01.jpg",1125,750,false],"landscape":["https:\/\/filiawielun.bpsieradz.pl\/wp-content\/uploads\/2024\/01\/Strofy-01.jpg",1125,750,false],"portraits":["https:\/\/filiawielun.bpsieradz.pl\/wp-content\/uploads\/2024\/01\/Strofy-01.jpg",1125,750,false],"thumbnail":["https:\/\/filiawielun.bpsieradz.pl\/wp-content\/uploads\/2024\/01\/Strofy-01-150x150.jpg",150,150,true],"medium":["https:\/\/filiawielun.bpsieradz.pl\/wp-content\/uploads\/2024\/01\/Strofy-01-300x200.jpg",300,200,true],"large":["https:\/\/filiawielun.bpsieradz.pl\/wp-content\/uploads\/2024\/01\/Strofy-01-1024x683.jpg",800,534,true],"1536x1536":["https:\/\/filiawielun.bpsieradz.pl\/wp-content\/uploads\/2024\/01\/Strofy-01.jpg",1125,750,false],"2048x2048":["https:\/\/filiawielun.bpsieradz.pl\/wp-content\/uploads\/2024\/01\/Strofy-01.jpg",1125,750,false],"onepress-blog-small":["https:\/\/filiawielun.bpsieradz.pl\/wp-content\/uploads\/2024\/01\/Strofy-01-300x150.jpg",300,150,true],"onepress-small":["https:\/\/filiawielun.bpsieradz.pl\/wp-content\/uploads\/2024\/01\/Strofy-01-480x300.jpg",480,300,true],"onepress-medium":["https:\/\/filiawielun.bpsieradz.pl\/wp-content\/uploads\/2024\/01\/Strofy-01-640x400.jpg",640,400,true]},"rttpg_author":{"display_name":"admin","author_link":"https:\/\/filiawielun.bpsieradz.pl\/?author=1"},"rttpg_comment":0,"rttpg_category":"<a href=\"https:\/\/filiawielun.bpsieradz.pl\/?cat=2\" rel=\"category\">Aktualno\u015bci<\/a>","rttpg_excerpt":"\u201ePami\u0119\u0107 minionych wydarze\u0144 buduje wi\u0119\u017a mi\u0119dzypokoleniow\u0105, jest mostem mi\u0119dzy tera\u017aniejszo\u015bci\u0105 a przesz\u0142o\u015bci\u0105. Codzienne obowi\u0105zki rzadko sprzyjaj\u0105 refleksji i zadumie nad czasem, kt\u00f3ry przyni\u00f3s\u0142 naszej ojczy\u017anie wolno\u015b\u0107. W 1918 roku s\u0142owo ...","_links":{"self":[{"href":"https:\/\/filiawielun.bpsieradz.pl\/index.php?rest_route=\/wp\/v2\/posts\/844","targetHints":{"allow":["GET"]}}],"collection":[{"href":"https:\/\/filiawielun.bpsieradz.pl\/index.php?rest_route=\/wp\/v2\/posts"}],"about":[{"href":"https:\/\/filiawielun.bpsieradz.pl\/index.php?rest_route=\/wp\/v2\/types\/post"}],"author":[{"embeddable":true,"href":"https:\/\/filiawielun.bpsieradz.pl\/index.php?rest_route=\/wp\/v2\/users\/1"}],"replies":[{"embeddable":true,"href":"https:\/\/filiawielun.bpsieradz.pl\/index.php?rest_route=%2Fwp%2Fv2%2Fcomments&post=844"}],"version-history":[{"count":1,"href":"https:\/\/filiawielun.bpsieradz.pl\/index.php?rest_route=\/wp\/v2\/posts\/844\/revisions"}],"predecessor-version":[{"id":866,"href":"https:\/\/filiawielun.bpsieradz.pl\/index.php?rest_route=\/wp\/v2\/posts\/844\/revisions\/866"}],"wp:featuredmedia":[{"embeddable":true,"href":"https:\/\/filiawielun.bpsieradz.pl\/index.php?rest_route=\/wp\/v2\/media\/845"}],"wp:attachment":[{"href":"https:\/\/filiawielun.bpsieradz.pl\/index.php?rest_route=%2Fwp%2Fv2%2Fmedia&parent=844"}],"wp:term":[{"taxonomy":"category","embeddable":true,"href":"https:\/\/filiawielun.bpsieradz.pl\/index.php?rest_route=%2Fwp%2Fv2%2Fcategories&post=844"},{"taxonomy":"post_tag","embeddable":true,"href":"https:\/\/filiawielun.bpsieradz.pl\/index.php?rest_route=%2Fwp%2Fv2%2Ftags&post=844"}],"curies":[{"name":"wp","href":"https:\/\/api.w.org\/{rel}","templated":true}]}}