{"id":794,"date":"2023-11-07T14:27:45","date_gmt":"2023-11-07T14:27:45","guid":{"rendered":"http:\/\/filiawielun.bpsieradz.pl\/?p=794"},"modified":"2023-11-07T14:28:46","modified_gmt":"2023-11-07T14:28:46","slug":"otk2023-talent-i-praca-to-sie-oplaca","status":"publish","type":"post","link":"https:\/\/filiawielun.bpsieradz.pl\/?p=794","title":{"rendered":"#OTK2023 &#8211; TALENT I PRACA \u2013 TO SI\u0118 OP\u0141ACA"},"content":{"rendered":"\n<p class=\"wp-block-paragraph\">Has\u0142o to, kt\u00f3re przy\u015bwieca\u0142o naszym dzia\u0142aniom przez ca\u0142y tydzie\u0144.<\/p>\n\n\n\n<p class=\"wp-block-paragraph\">Biblioteka Pedagogiczna w Wieluniu we wsp\u00f3\u0142pracy z Poradni\u0105 Psychologiczno &#8211; Pedagogicznej w Wieluniu oraz Zespo\u0142em Szkolno-Przedszkolnym w Wierzchlesie realizowa\u0142a je poprzez organizacj\u0119 zaj\u0119\u0107 dla uczni\u00f3w stoj\u0105cych przed wyborem dalszej \u015bcie\u017cki edukacyjnej.<\/p>\n\n\n\n<p class=\"wp-block-paragraph\">W tym roku odwiedzili nas uczniowie ze Szko\u0142y Podstawowej im. Komisji Edukacji Narodowej w <em>Kurowie,<\/em> ze Szko\u0142y Podstawowej w Szynkielowie, ze Szko\u0142y Podstawowej im. Jana Paw\u0142a II w Rych\u0142ocicach oraz ze <em>Szko\u0142y Podstawowej nr 4<\/em> im. Kr\u00f3lowej Jadwigi w <em>Wieluniu.<\/em><\/p>\n\n\n\n<p class=\"wp-block-paragraph\">19 pa\u017adziernika 2023 r. odby\u0142y si\u0119 ostatnie zaj\u0119cia z cyklu. Brali w nich udzia\u0142 uczniowie&nbsp; ze <em>Szko\u0142y Podstawowej nr 4<\/em> im. Kr\u00f3lowej Jadwigi w <em>Wieluniu.<\/em>&nbsp; Zaj\u0119cia prowadzi\u0142y :&nbsp; p. Sylwia Falkowska \u2013 psycholog i doradca zawodowy, a r\u00f3wnie\u017c p. Anna Borgul \u2013 doradca zawodowy z Poradni Psychologiczno &#8211; Pedagogicznej w Wieluniu.<\/p>\n\n\n\n<p class=\"wp-block-paragraph\">Prowadz\u0105cym Paniom i uczestnikom warsztat\u00f3w bardzo dzi\u0119kujemy!<\/p>\n\n\n\n<p class=\"wp-block-paragraph\">\u017byczymy w\u0142a\u015bciwych wybor\u00f3w!<\/p>\n\n\n\nngg_shortcode_0_placeholder\n","protected":false},"excerpt":{"rendered":"<p>Has\u0142o to, kt\u00f3re przy\u015bwieca\u0142o naszym dzia\u0142aniom przez ca\u0142y tydzie\u0144. Biblioteka Pedagogiczna w Wieluniu we wsp\u00f3\u0142pracy z Poradni\u0105 Psychologiczno &#8211; Pedagogicznej w Wieluniu oraz Zespo\u0142em Szkolno-Przedszkolnym w Wierzchlesie realizowa\u0142a je poprzez &#8230;<\/p>\n","protected":false},"author":1,"featured_media":795,"comment_status":"closed","ping_status":"closed","sticky":false,"template":"","format":"standard","meta":{"ngg_post_thumbnail":0,"footnotes":""},"categories":[2],"tags":[],"class_list":["post-794","post","type-post","status-publish","format-standard","has-post-thumbnail","hentry","category-aktualnosci"],"yoast_head":"<!-- This site is optimized with the Yoast SEO plugin v25.6 - https:\/\/yoast.com\/wordpress\/plugins\/seo\/ -->\n<title>#OTK2023 - TALENT I PRACA \u2013 TO SI\u0118 OP\u0141ACA - Biblioteka Pedagogiczna w Sieradzu Filia w Wieluniu<\/title>\n<meta name=\"robots\" content=\"index, follow, max-snippet:-1, max-image-preview:large, max-video-preview:-1\" \/>\n<link rel=\"canonical\" href=\"http:\/\/filiawielun.bpsieradz.pl\/?p=794\" \/>\n<meta property=\"og:locale\" content=\"pl_PL\" \/>\n<meta property=\"og:type\" content=\"article\" \/>\n<meta property=\"og:title\" content=\"#OTK2023 - TALENT I PRACA \u2013 TO SI\u0118 OP\u0141ACA - Biblioteka Pedagogiczna w Sieradzu Filia w Wieluniu\" \/>\n<meta property=\"og:description\" content=\"Has\u0142o to, kt\u00f3re przy\u015bwieca\u0142o naszym dzia\u0142aniom przez ca\u0142y tydzie\u0144. Biblioteka Pedagogiczna w Wieluniu we wsp\u00f3\u0142pracy z Poradni\u0105 Psychologiczno &#8211; Pedagogicznej w Wieluniu oraz Zespo\u0142em Szkolno-Przedszkolnym w Wierzchlesie realizowa\u0142a je poprzez ...\" \/>\n<meta property=\"og:url\" content=\"http:\/\/filiawielun.bpsieradz.pl\/?p=794\" \/>\n<meta property=\"og:site_name\" content=\"Biblioteka Pedagogiczna w Sieradzu Filia w Wieluniu\" \/>\n<meta property=\"article:published_time\" content=\"2023-11-07T14:27:45+00:00\" \/>\n<meta property=\"article:modified_time\" content=\"2023-11-07T14:28:46+00:00\" \/>\n<meta property=\"og:image\" content=\"http:\/\/filiawielun.bpsieradz.pl\/wp-content\/uploads\/2023\/11\/otk.jpg\" \/>\n\t<meta property=\"og:image:width\" content=\"600\" \/>\n\t<meta property=\"og:image:height\" content=\"226\" \/>\n\t<meta property=\"og:image:type\" content=\"image\/jpeg\" \/>\n<meta name=\"author\" content=\"admin\" \/>\n<meta name=\"twitter:card\" content=\"summary_large_image\" \/>\n<meta name=\"twitter:label1\" content=\"Napisane przez\" \/>\n\t<meta name=\"twitter:data1\" content=\"admin\" \/>\n\t<meta name=\"twitter:label2\" content=\"Szacowany czas czytania\" \/>\n\t<meta name=\"twitter:data2\" content=\"1 minuta\" \/>\n<script type=\"application\/ld+json\" class=\"yoast-schema-graph\">{\"@context\":\"https:\/\/schema.org\",\"@graph\":[{\"@type\":\"Article\",\"@id\":\"http:\/\/filiawielun.bpsieradz.pl\/?p=794#article\",\"isPartOf\":{\"@id\":\"http:\/\/filiawielun.bpsieradz.pl\/?p=794\"},\"author\":{\"name\":\"admin\",\"@id\":\"http:\/\/filiawielun.bpsieradz.pl\/#\/schema\/person\/ded83f447e250ee0de21791741e06036\"},\"headline\":\"#OTK2023 &#8211; TALENT I PRACA \u2013 TO SI\u0118 OP\u0141ACA\",\"datePublished\":\"2023-11-07T14:27:45+00:00\",\"dateModified\":\"2023-11-07T14:28:46+00:00\",\"mainEntityOfPage\":{\"@id\":\"http:\/\/filiawielun.bpsieradz.pl\/?p=794\"},\"wordCount\":186,\"publisher\":{\"@id\":\"http:\/\/filiawielun.bpsieradz.pl\/#organization\"},\"image\":{\"@id\":\"http:\/\/filiawielun.bpsieradz.pl\/?p=794#primaryimage\"},\"thumbnailUrl\":\"https:\/\/filiawielun.bpsieradz.pl\/wp-content\/uploads\/2023\/11\/otk.jpg\",\"articleSection\":[\"Aktualno\u015bci\"],\"inLanguage\":\"pl-PL\"},{\"@type\":\"WebPage\",\"@id\":\"http:\/\/filiawielun.bpsieradz.pl\/?p=794\",\"url\":\"http:\/\/filiawielun.bpsieradz.pl\/?p=794\",\"name\":\"#OTK2023 - TALENT I PRACA \u2013 TO SI\u0118 OP\u0141ACA - Biblioteka Pedagogiczna w Sieradzu Filia w Wieluniu\",\"isPartOf\":{\"@id\":\"http:\/\/filiawielun.bpsieradz.pl\/#website\"},\"primaryImageOfPage\":{\"@id\":\"http:\/\/filiawielun.bpsieradz.pl\/?p=794#primaryimage\"},\"image\":{\"@id\":\"http:\/\/filiawielun.bpsieradz.pl\/?p=794#primaryimage\"},\"thumbnailUrl\":\"https:\/\/filiawielun.bpsieradz.pl\/wp-content\/uploads\/2023\/11\/otk.jpg\",\"datePublished\":\"2023-11-07T14:27:45+00:00\",\"dateModified\":\"2023-11-07T14:28:46+00:00\",\"breadcrumb\":{\"@id\":\"http:\/\/filiawielun.bpsieradz.pl\/?p=794#breadcrumb\"},\"inLanguage\":\"pl-PL\",\"potentialAction\":[{\"@type\":\"ReadAction\",\"target\":[\"http:\/\/filiawielun.bpsieradz.pl\/?p=794\"]}]},{\"@type\":\"ImageObject\",\"inLanguage\":\"pl-PL\",\"@id\":\"http:\/\/filiawielun.bpsieradz.pl\/?p=794#primaryimage\",\"url\":\"https:\/\/filiawielun.bpsieradz.pl\/wp-content\/uploads\/2023\/11\/otk.jpg\",\"contentUrl\":\"https:\/\/filiawielun.bpsieradz.pl\/wp-content\/uploads\/2023\/11\/otk.jpg\",\"width\":600,\"height\":226},{\"@type\":\"BreadcrumbList\",\"@id\":\"http:\/\/filiawielun.bpsieradz.pl\/?p=794#breadcrumb\",\"itemListElement\":[{\"@type\":\"ListItem\",\"position\":1,\"name\":\"Strona g\u0142\u00f3wna\",\"item\":\"http:\/\/filiawielun.bpsieradz.pl\/\"},{\"@type\":\"ListItem\",\"position\":2,\"name\":\"#OTK2023 &#8211; TALENT I PRACA \u2013 TO SI\u0118 OP\u0141ACA\"}]},{\"@type\":\"WebSite\",\"@id\":\"http:\/\/filiawielun.bpsieradz.pl\/#website\",\"url\":\"http:\/\/filiawielun.bpsieradz.pl\/\",\"name\":\"Biblioteka Pedagogiczna w Sieradzu Filia w Wieluniu\",\"description\":\"Strona biblioteki\",\"publisher\":{\"@id\":\"http:\/\/filiawielun.bpsieradz.pl\/#organization\"},\"potentialAction\":[{\"@type\":\"SearchAction\",\"target\":{\"@type\":\"EntryPoint\",\"urlTemplate\":\"http:\/\/filiawielun.bpsieradz.pl\/?s={search_term_string}\"},\"query-input\":{\"@type\":\"PropertyValueSpecification\",\"valueRequired\":true,\"valueName\":\"search_term_string\"}}],\"inLanguage\":\"pl-PL\"},{\"@type\":\"Organization\",\"@id\":\"http:\/\/filiawielun.bpsieradz.pl\/#organization\",\"name\":\"Biblioteka Pedagogiczna w Sieradzu Filia w Wieluniu\",\"url\":\"http:\/\/filiawielun.bpsieradz.pl\/\",\"logo\":{\"@type\":\"ImageObject\",\"inLanguage\":\"pl-PL\",\"@id\":\"http:\/\/filiawielun.bpsieradz.pl\/#\/schema\/logo\/image\/\",\"url\":\"https:\/\/filiawielun.bpsieradz.pl\/wp-content\/uploads\/2025\/04\/cre_lodzkie.webp\",\"contentUrl\":\"https:\/\/filiawielun.bpsieradz.pl\/wp-content\/uploads\/2025\/04\/cre_lodzkie.webp\",\"width\":323,\"height\":50,\"caption\":\"Biblioteka Pedagogiczna w Sieradzu Filia w Wieluniu\"},\"image\":{\"@id\":\"http:\/\/filiawielun.bpsieradz.pl\/#\/schema\/logo\/image\/\"}},{\"@type\":\"Person\",\"@id\":\"http:\/\/filiawielun.bpsieradz.pl\/#\/schema\/person\/ded83f447e250ee0de21791741e06036\",\"name\":\"admin\",\"image\":{\"@type\":\"ImageObject\",\"inLanguage\":\"pl-PL\",\"@id\":\"http:\/\/filiawielun.bpsieradz.pl\/#\/schema\/person\/image\/\",\"url\":\"https:\/\/secure.gravatar.com\/avatar\/7c9baecea61c950fa0ace417ade1d91ec20251533a476dc4eb52114bf5576b3a?s=96&d=mm&r=g\",\"contentUrl\":\"https:\/\/secure.gravatar.com\/avatar\/7c9baecea61c950fa0ace417ade1d91ec20251533a476dc4eb52114bf5576b3a?s=96&d=mm&r=g\",\"caption\":\"admin\"},\"sameAs\":[\"http:\/\/bpsieradz.pl\/filiawielun1\"],\"url\":\"https:\/\/filiawielun.bpsieradz.pl\/?author=1\"}]}<\/script>\n<!-- \/ Yoast SEO plugin. -->","yoast_head_json":{"title":"#OTK2023 - TALENT I PRACA \u2013 TO SI\u0118 OP\u0141ACA - Biblioteka Pedagogiczna w Sieradzu Filia w Wieluniu","robots":{"index":"index","follow":"follow","max-snippet":"max-snippet:-1","max-image-preview":"max-image-preview:large","max-video-preview":"max-video-preview:-1"},"canonical":"http:\/\/filiawielun.bpsieradz.pl\/?p=794","og_locale":"pl_PL","og_type":"article","og_title":"#OTK2023 - TALENT I PRACA \u2013 TO SI\u0118 OP\u0141ACA - Biblioteka Pedagogiczna w Sieradzu Filia w Wieluniu","og_description":"Has\u0142o to, kt\u00f3re przy\u015bwieca\u0142o naszym dzia\u0142aniom przez ca\u0142y tydzie\u0144. Biblioteka Pedagogiczna w Wieluniu we wsp\u00f3\u0142pracy z Poradni\u0105 Psychologiczno &#8211; Pedagogicznej w Wieluniu oraz Zespo\u0142em Szkolno-Przedszkolnym w Wierzchlesie realizowa\u0142a je poprzez ...","og_url":"http:\/\/filiawielun.bpsieradz.pl\/?p=794","og_site_name":"Biblioteka Pedagogiczna w Sieradzu Filia w Wieluniu","article_published_time":"2023-11-07T14:27:45+00:00","article_modified_time":"2023-11-07T14:28:46+00:00","og_image":[{"width":600,"height":226,"url":"http:\/\/filiawielun.bpsieradz.pl\/wp-content\/uploads\/2023\/11\/otk.jpg","type":"image\/jpeg"}],"author":"admin","twitter_card":"summary_large_image","twitter_misc":{"Napisane przez":"admin","Szacowany czas czytania":"1 minuta"},"schema":{"@context":"https:\/\/schema.org","@graph":[{"@type":"Article","@id":"http:\/\/filiawielun.bpsieradz.pl\/?p=794#article","isPartOf":{"@id":"http:\/\/filiawielun.bpsieradz.pl\/?p=794"},"author":{"name":"admin","@id":"http:\/\/filiawielun.bpsieradz.pl\/#\/schema\/person\/ded83f447e250ee0de21791741e06036"},"headline":"#OTK2023 &#8211; TALENT I PRACA \u2013 TO SI\u0118 OP\u0141ACA","datePublished":"2023-11-07T14:27:45+00:00","dateModified":"2023-11-07T14:28:46+00:00","mainEntityOfPage":{"@id":"http:\/\/filiawielun.bpsieradz.pl\/?p=794"},"wordCount":186,"publisher":{"@id":"http:\/\/filiawielun.bpsieradz.pl\/#organization"},"image":{"@id":"http:\/\/filiawielun.bpsieradz.pl\/?p=794#primaryimage"},"thumbnailUrl":"https:\/\/filiawielun.bpsieradz.pl\/wp-content\/uploads\/2023\/11\/otk.jpg","articleSection":["Aktualno\u015bci"],"inLanguage":"pl-PL"},{"@type":"WebPage","@id":"http:\/\/filiawielun.bpsieradz.pl\/?p=794","url":"http:\/\/filiawielun.bpsieradz.pl\/?p=794","name":"#OTK2023 - TALENT I PRACA \u2013 TO SI\u0118 OP\u0141ACA - Biblioteka Pedagogiczna w Sieradzu Filia w Wieluniu","isPartOf":{"@id":"http:\/\/filiawielun.bpsieradz.pl\/#website"},"primaryImageOfPage":{"@id":"http:\/\/filiawielun.bpsieradz.pl\/?p=794#primaryimage"},"image":{"@id":"http:\/\/filiawielun.bpsieradz.pl\/?p=794#primaryimage"},"thumbnailUrl":"https:\/\/filiawielun.bpsieradz.pl\/wp-content\/uploads\/2023\/11\/otk.jpg","datePublished":"2023-11-07T14:27:45+00:00","dateModified":"2023-11-07T14:28:46+00:00","breadcrumb":{"@id":"http:\/\/filiawielun.bpsieradz.pl\/?p=794#breadcrumb"},"inLanguage":"pl-PL","potentialAction":[{"@type":"ReadAction","target":["http:\/\/filiawielun.bpsieradz.pl\/?p=794"]}]},{"@type":"ImageObject","inLanguage":"pl-PL","@id":"http:\/\/filiawielun.bpsieradz.pl\/?p=794#primaryimage","url":"https:\/\/filiawielun.bpsieradz.pl\/wp-content\/uploads\/2023\/11\/otk.jpg","contentUrl":"https:\/\/filiawielun.bpsieradz.pl\/wp-content\/uploads\/2023\/11\/otk.jpg","width":600,"height":226},{"@type":"BreadcrumbList","@id":"http:\/\/filiawielun.bpsieradz.pl\/?p=794#breadcrumb","itemListElement":[{"@type":"ListItem","position":1,"name":"Strona g\u0142\u00f3wna","item":"http:\/\/filiawielun.bpsieradz.pl\/"},{"@type":"ListItem","position":2,"name":"#OTK2023 &#8211; TALENT I PRACA \u2013 TO SI\u0118 OP\u0141ACA"}]},{"@type":"WebSite","@id":"http:\/\/filiawielun.bpsieradz.pl\/#website","url":"http:\/\/filiawielun.bpsieradz.pl\/","name":"Biblioteka Pedagogiczna w Sieradzu Filia w Wieluniu","description":"Strona biblioteki","publisher":{"@id":"http:\/\/filiawielun.bpsieradz.pl\/#organization"},"potentialAction":[{"@type":"SearchAction","target":{"@type":"EntryPoint","urlTemplate":"http:\/\/filiawielun.bpsieradz.pl\/?s={search_term_string}"},"query-input":{"@type":"PropertyValueSpecification","valueRequired":true,"valueName":"search_term_string"}}],"inLanguage":"pl-PL"},{"@type":"Organization","@id":"http:\/\/filiawielun.bpsieradz.pl\/#organization","name":"Biblioteka Pedagogiczna w Sieradzu Filia w Wieluniu","url":"http:\/\/filiawielun.bpsieradz.pl\/","logo":{"@type":"ImageObject","inLanguage":"pl-PL","@id":"http:\/\/filiawielun.bpsieradz.pl\/#\/schema\/logo\/image\/","url":"https:\/\/filiawielun.bpsieradz.pl\/wp-content\/uploads\/2025\/04\/cre_lodzkie.webp","contentUrl":"https:\/\/filiawielun.bpsieradz.pl\/wp-content\/uploads\/2025\/04\/cre_lodzkie.webp","width":323,"height":50,"caption":"Biblioteka Pedagogiczna w Sieradzu Filia w Wieluniu"},"image":{"@id":"http:\/\/filiawielun.bpsieradz.pl\/#\/schema\/logo\/image\/"}},{"@type":"Person","@id":"http:\/\/filiawielun.bpsieradz.pl\/#\/schema\/person\/ded83f447e250ee0de21791741e06036","name":"admin","image":{"@type":"ImageObject","inLanguage":"pl-PL","@id":"http:\/\/filiawielun.bpsieradz.pl\/#\/schema\/person\/image\/","url":"https:\/\/secure.gravatar.com\/avatar\/7c9baecea61c950fa0ace417ade1d91ec20251533a476dc4eb52114bf5576b3a?s=96&d=mm&r=g","contentUrl":"https:\/\/secure.gravatar.com\/avatar\/7c9baecea61c950fa0ace417ade1d91ec20251533a476dc4eb52114bf5576b3a?s=96&d=mm&r=g","caption":"admin"},"sameAs":["http:\/\/bpsieradz.pl\/filiawielun1"],"url":"https:\/\/filiawielun.bpsieradz.pl\/?author=1"}]}},"rttpg_featured_image_url":{"full":["https:\/\/filiawielun.bpsieradz.pl\/wp-content\/uploads\/2023\/11\/otk.jpg",600,226,false],"landscape":["https:\/\/filiawielun.bpsieradz.pl\/wp-content\/uploads\/2023\/11\/otk.jpg",600,226,false],"portraits":["https:\/\/filiawielun.bpsieradz.pl\/wp-content\/uploads\/2023\/11\/otk.jpg",600,226,false],"thumbnail":["https:\/\/filiawielun.bpsieradz.pl\/wp-content\/uploads\/2023\/11\/otk-150x150.jpg",150,150,true],"medium":["https:\/\/filiawielun.bpsieradz.pl\/wp-content\/uploads\/2023\/11\/otk-300x113.jpg",300,113,true],"large":["https:\/\/filiawielun.bpsieradz.pl\/wp-content\/uploads\/2023\/11\/otk.jpg",600,226,false],"1536x1536":["https:\/\/filiawielun.bpsieradz.pl\/wp-content\/uploads\/2023\/11\/otk.jpg",600,226,false],"2048x2048":["https:\/\/filiawielun.bpsieradz.pl\/wp-content\/uploads\/2023\/11\/otk.jpg",600,226,false],"onepress-blog-small":["https:\/\/filiawielun.bpsieradz.pl\/wp-content\/uploads\/2023\/11\/otk-300x150.jpg",300,150,true],"onepress-small":["https:\/\/filiawielun.bpsieradz.pl\/wp-content\/uploads\/2023\/11\/otk-480x226.jpg",480,226,true],"onepress-medium":["https:\/\/filiawielun.bpsieradz.pl\/wp-content\/uploads\/2023\/11\/otk.jpg",600,226,false]},"rttpg_author":{"display_name":"admin","author_link":"https:\/\/filiawielun.bpsieradz.pl\/?author=1"},"rttpg_comment":0,"rttpg_category":"<a href=\"https:\/\/filiawielun.bpsieradz.pl\/?cat=2\" rel=\"category\">Aktualno\u015bci<\/a>","rttpg_excerpt":"Has\u0142o to, kt\u00f3re przy\u015bwieca\u0142o naszym dzia\u0142aniom przez ca\u0142y tydzie\u0144. Biblioteka Pedagogiczna w Wieluniu we wsp\u00f3\u0142pracy z Poradni\u0105 Psychologiczno &#8211; Pedagogicznej w Wieluniu oraz Zespo\u0142em Szkolno-Przedszkolnym w Wierzchlesie realizowa\u0142a je poprzez ...","_links":{"self":[{"href":"https:\/\/filiawielun.bpsieradz.pl\/index.php?rest_route=\/wp\/v2\/posts\/794","targetHints":{"allow":["GET"]}}],"collection":[{"href":"https:\/\/filiawielun.bpsieradz.pl\/index.php?rest_route=\/wp\/v2\/posts"}],"about":[{"href":"https:\/\/filiawielun.bpsieradz.pl\/index.php?rest_route=\/wp\/v2\/types\/post"}],"author":[{"embeddable":true,"href":"https:\/\/filiawielun.bpsieradz.pl\/index.php?rest_route=\/wp\/v2\/users\/1"}],"replies":[{"embeddable":true,"href":"https:\/\/filiawielun.bpsieradz.pl\/index.php?rest_route=%2Fwp%2Fv2%2Fcomments&post=794"}],"version-history":[{"count":1,"href":"https:\/\/filiawielun.bpsieradz.pl\/index.php?rest_route=\/wp\/v2\/posts\/794\/revisions"}],"predecessor-version":[{"id":836,"href":"https:\/\/filiawielun.bpsieradz.pl\/index.php?rest_route=\/wp\/v2\/posts\/794\/revisions\/836"}],"wp:featuredmedia":[{"embeddable":true,"href":"https:\/\/filiawielun.bpsieradz.pl\/index.php?rest_route=\/wp\/v2\/media\/795"}],"wp:attachment":[{"href":"https:\/\/filiawielun.bpsieradz.pl\/index.php?rest_route=%2Fwp%2Fv2%2Fmedia&parent=794"}],"wp:term":[{"taxonomy":"category","embeddable":true,"href":"https:\/\/filiawielun.bpsieradz.pl\/index.php?rest_route=%2Fwp%2Fv2%2Fcategories&post=794"},{"taxonomy":"post_tag","embeddable":true,"href":"https:\/\/filiawielun.bpsieradz.pl\/index.php?rest_route=%2Fwp%2Fv2%2Ftags&post=794"}],"curies":[{"name":"wp","href":"https:\/\/api.w.org\/{rel}","templated":true}]}}