{"id":679,"date":"2023-10-04T12:35:34","date_gmt":"2023-10-04T12:35:34","guid":{"rendered":"http:\/\/bpsieradz.pl\/filiawielun1\/?p=679"},"modified":"2023-10-04T12:35:34","modified_gmt":"2023-10-04T12:35:34","slug":"o-bibliotece","status":"publish","type":"post","link":"https:\/\/filiawielun.bpsieradz.pl\/?p=679","title":{"rendered":"O bibliotece"},"content":{"rendered":"\n<p class=\"wp-block-paragraph\"><em><strong>Biblioteka Pedagogiczna w Wieluniu<\/strong><\/em> powsta\u0142a w 1950 r., jako Pedagogiczna Biblioteka Powiatowa. Po likwidacji powiat\u00f3w, w 1975 r., zosta\u0142a przekszta\u0142cona w fili\u0119 Pedagogicznej Biblioteki Wojew\u00f3dzkiej w Sieradzu. W 1999 r., w zwi\u0105zku z reform\u0105 administracyjn\u0105 i likwidacj\u0105 wojew\u00f3dztwa sieradzkiego, zosta\u0142a przekszta\u0142cona w Bibliotek\u0119 Pedagogiczn\u0105 w Sieradzu Filia w Wieluniu.<\/p>\n\n\n\n<p class=\"wp-block-paragraph\">Do 1990 r. Biblioteka znajdowa\u0142a si\u0119 w budynku przy ul. Reformackiej 3. Od 1990 r. mie\u015bci\u0142a si\u0119 w budynku pocerkiewnym, przy ul. Palestranckiej 5, a w 2012 roku zosta\u0142a przeniesiona do budynku przy ul. Pi\u0142sudskiego 6. Obecnie wej\u015bcie znajduje si\u0119 od ulicy Szkolnej.<\/p>\n\n\n\n<p class=\"wp-block-paragraph\">Pierwszym kierownikiem by\u0142a Anna Rosak (1950-1957). W kolejnych latach funkcj\u0119 t\u0119 pe\u0142ni\u0142y: Henryka Lewik (1957-1965) i Walentyna \u015alusarek (1965-1992). Od 1993 roku kierownikiem jest <em><strong>Barbara Mas\u0142owska<\/strong><\/em>.<\/p>\n\n\n\n<p class=\"wp-block-paragraph\">Biblioteka Pedagogiczna w Wieluniu jest integraln\u0105 cz\u0119\u015bci\u0105 Biblioteki Pedagogicznej w Sieradzu. Cele i zadania, kt\u00f3re realizuje plac\u00f3wka s\u0105 zawarte w Statucie Biblioteki Pedagogicznej w Sieradzu.<\/p>\n","protected":false},"excerpt":{"rendered":"<p>Biblioteka Pedagogiczna w Wieluniu powsta\u0142a w 1950 r., jako Pedagogiczna Biblioteka Powiatowa. Po likwidacji powiat\u00f3w, w 1975 r., zosta\u0142a przekszta\u0142cona w fili\u0119 Pedagogicznej Biblioteki Wojew\u00f3dzkiej w Sieradzu. W 1999 r., &#8230;<\/p>\n","protected":false},"author":1,"featured_media":0,"comment_status":"closed","ping_status":"closed","sticky":false,"template":"","format":"standard","meta":{"ngg_post_thumbnail":0,"footnotes":""},"categories":[4],"tags":[],"class_list":["post-679","post","type-post","status-publish","format-standard","hentry","category-biblioteka"],"yoast_head":"<!-- This site is optimized with the Yoast SEO plugin v25.6 - https:\/\/yoast.com\/wordpress\/plugins\/seo\/ -->\n<title>O bibliotece - Biblioteka Pedagogiczna w Sieradzu Filia w Wieluniu<\/title>\n<meta name=\"robots\" content=\"index, follow, max-snippet:-1, max-image-preview:large, max-video-preview:-1\" \/>\n<link rel=\"canonical\" href=\"http:\/\/filiawielun.bpsieradz.pl\/?p=679\" \/>\n<meta property=\"og:locale\" content=\"pl_PL\" \/>\n<meta property=\"og:type\" content=\"article\" \/>\n<meta property=\"og:title\" content=\"O bibliotece - Biblioteka Pedagogiczna w Sieradzu Filia w Wieluniu\" \/>\n<meta property=\"og:description\" content=\"Biblioteka Pedagogiczna w Wieluniu powsta\u0142a w 1950 r., jako Pedagogiczna Biblioteka Powiatowa. Po likwidacji powiat\u00f3w, w 1975 r., zosta\u0142a przekszta\u0142cona w fili\u0119 Pedagogicznej Biblioteki Wojew\u00f3dzkiej w Sieradzu. W 1999 r., ...\" \/>\n<meta property=\"og:url\" content=\"http:\/\/filiawielun.bpsieradz.pl\/?p=679\" \/>\n<meta property=\"og:site_name\" content=\"Biblioteka Pedagogiczna w Sieradzu Filia w Wieluniu\" \/>\n<meta property=\"article:published_time\" content=\"2023-10-04T12:35:34+00:00\" \/>\n<meta name=\"author\" content=\"admin\" \/>\n<meta name=\"twitter:card\" content=\"summary_large_image\" \/>\n<meta name=\"twitter:label1\" content=\"Napisane przez\" \/>\n\t<meta name=\"twitter:data1\" content=\"admin\" \/>\n\t<meta name=\"twitter:label2\" content=\"Szacowany czas czytania\" \/>\n\t<meta name=\"twitter:data2\" content=\"1 minuta\" \/>\n<script type=\"application\/ld+json\" class=\"yoast-schema-graph\">{\"@context\":\"https:\/\/schema.org\",\"@graph\":[{\"@type\":\"Article\",\"@id\":\"http:\/\/filiawielun.bpsieradz.pl\/?p=679#article\",\"isPartOf\":{\"@id\":\"http:\/\/filiawielun.bpsieradz.pl\/?p=679\"},\"author\":{\"name\":\"admin\",\"@id\":\"http:\/\/filiawielun.bpsieradz.pl\/#\/schema\/person\/ded83f447e250ee0de21791741e06036\"},\"headline\":\"O bibliotece\",\"datePublished\":\"2023-10-04T12:35:34+00:00\",\"mainEntityOfPage\":{\"@id\":\"http:\/\/filiawielun.bpsieradz.pl\/?p=679\"},\"wordCount\":157,\"publisher\":{\"@id\":\"http:\/\/filiawielun.bpsieradz.pl\/#organization\"},\"articleSection\":[\"Biblioteka\"],\"inLanguage\":\"pl-PL\"},{\"@type\":\"WebPage\",\"@id\":\"http:\/\/filiawielun.bpsieradz.pl\/?p=679\",\"url\":\"http:\/\/filiawielun.bpsieradz.pl\/?p=679\",\"name\":\"O bibliotece - Biblioteka Pedagogiczna w Sieradzu Filia w Wieluniu\",\"isPartOf\":{\"@id\":\"http:\/\/filiawielun.bpsieradz.pl\/#website\"},\"datePublished\":\"2023-10-04T12:35:34+00:00\",\"breadcrumb\":{\"@id\":\"http:\/\/filiawielun.bpsieradz.pl\/?p=679#breadcrumb\"},\"inLanguage\":\"pl-PL\",\"potentialAction\":[{\"@type\":\"ReadAction\",\"target\":[\"http:\/\/filiawielun.bpsieradz.pl\/?p=679\"]}]},{\"@type\":\"BreadcrumbList\",\"@id\":\"http:\/\/filiawielun.bpsieradz.pl\/?p=679#breadcrumb\",\"itemListElement\":[{\"@type\":\"ListItem\",\"position\":1,\"name\":\"Strona g\u0142\u00f3wna\",\"item\":\"http:\/\/filiawielun.bpsieradz.pl\/\"},{\"@type\":\"ListItem\",\"position\":2,\"name\":\"O bibliotece\"}]},{\"@type\":\"WebSite\",\"@id\":\"http:\/\/filiawielun.bpsieradz.pl\/#website\",\"url\":\"http:\/\/filiawielun.bpsieradz.pl\/\",\"name\":\"Biblioteka Pedagogiczna w Sieradzu Filia w Wieluniu\",\"description\":\"Strona biblioteki\",\"publisher\":{\"@id\":\"http:\/\/filiawielun.bpsieradz.pl\/#organization\"},\"potentialAction\":[{\"@type\":\"SearchAction\",\"target\":{\"@type\":\"EntryPoint\",\"urlTemplate\":\"http:\/\/filiawielun.bpsieradz.pl\/?s={search_term_string}\"},\"query-input\":{\"@type\":\"PropertyValueSpecification\",\"valueRequired\":true,\"valueName\":\"search_term_string\"}}],\"inLanguage\":\"pl-PL\"},{\"@type\":\"Organization\",\"@id\":\"http:\/\/filiawielun.bpsieradz.pl\/#organization\",\"name\":\"Biblioteka Pedagogiczna w Sieradzu Filia w Wieluniu\",\"url\":\"http:\/\/filiawielun.bpsieradz.pl\/\",\"logo\":{\"@type\":\"ImageObject\",\"inLanguage\":\"pl-PL\",\"@id\":\"http:\/\/filiawielun.bpsieradz.pl\/#\/schema\/logo\/image\/\",\"url\":\"https:\/\/filiawielun.bpsieradz.pl\/wp-content\/uploads\/2025\/04\/cre_lodzkie.webp\",\"contentUrl\":\"https:\/\/filiawielun.bpsieradz.pl\/wp-content\/uploads\/2025\/04\/cre_lodzkie.webp\",\"width\":323,\"height\":50,\"caption\":\"Biblioteka Pedagogiczna w Sieradzu Filia w Wieluniu\"},\"image\":{\"@id\":\"http:\/\/filiawielun.bpsieradz.pl\/#\/schema\/logo\/image\/\"}},{\"@type\":\"Person\",\"@id\":\"http:\/\/filiawielun.bpsieradz.pl\/#\/schema\/person\/ded83f447e250ee0de21791741e06036\",\"name\":\"admin\",\"image\":{\"@type\":\"ImageObject\",\"inLanguage\":\"pl-PL\",\"@id\":\"http:\/\/filiawielun.bpsieradz.pl\/#\/schema\/person\/image\/\",\"url\":\"https:\/\/secure.gravatar.com\/avatar\/7c9baecea61c950fa0ace417ade1d91ec20251533a476dc4eb52114bf5576b3a?s=96&d=mm&r=g\",\"contentUrl\":\"https:\/\/secure.gravatar.com\/avatar\/7c9baecea61c950fa0ace417ade1d91ec20251533a476dc4eb52114bf5576b3a?s=96&d=mm&r=g\",\"caption\":\"admin\"},\"sameAs\":[\"http:\/\/bpsieradz.pl\/filiawielun1\"],\"url\":\"https:\/\/filiawielun.bpsieradz.pl\/?author=1\"}]}<\/script>\n<!-- \/ Yoast SEO plugin. -->","yoast_head_json":{"title":"O bibliotece - Biblioteka Pedagogiczna w Sieradzu Filia w Wieluniu","robots":{"index":"index","follow":"follow","max-snippet":"max-snippet:-1","max-image-preview":"max-image-preview:large","max-video-preview":"max-video-preview:-1"},"canonical":"http:\/\/filiawielun.bpsieradz.pl\/?p=679","og_locale":"pl_PL","og_type":"article","og_title":"O bibliotece - Biblioteka Pedagogiczna w Sieradzu Filia w Wieluniu","og_description":"Biblioteka Pedagogiczna w Wieluniu powsta\u0142a w 1950 r., jako Pedagogiczna Biblioteka Powiatowa. Po likwidacji powiat\u00f3w, w 1975 r., zosta\u0142a przekszta\u0142cona w fili\u0119 Pedagogicznej Biblioteki Wojew\u00f3dzkiej w Sieradzu. W 1999 r., ...","og_url":"http:\/\/filiawielun.bpsieradz.pl\/?p=679","og_site_name":"Biblioteka Pedagogiczna w Sieradzu Filia w Wieluniu","article_published_time":"2023-10-04T12:35:34+00:00","author":"admin","twitter_card":"summary_large_image","twitter_misc":{"Napisane przez":"admin","Szacowany czas czytania":"1 minuta"},"schema":{"@context":"https:\/\/schema.org","@graph":[{"@type":"Article","@id":"http:\/\/filiawielun.bpsieradz.pl\/?p=679#article","isPartOf":{"@id":"http:\/\/filiawielun.bpsieradz.pl\/?p=679"},"author":{"name":"admin","@id":"http:\/\/filiawielun.bpsieradz.pl\/#\/schema\/person\/ded83f447e250ee0de21791741e06036"},"headline":"O bibliotece","datePublished":"2023-10-04T12:35:34+00:00","mainEntityOfPage":{"@id":"http:\/\/filiawielun.bpsieradz.pl\/?p=679"},"wordCount":157,"publisher":{"@id":"http:\/\/filiawielun.bpsieradz.pl\/#organization"},"articleSection":["Biblioteka"],"inLanguage":"pl-PL"},{"@type":"WebPage","@id":"http:\/\/filiawielun.bpsieradz.pl\/?p=679","url":"http:\/\/filiawielun.bpsieradz.pl\/?p=679","name":"O bibliotece - Biblioteka Pedagogiczna w Sieradzu Filia w Wieluniu","isPartOf":{"@id":"http:\/\/filiawielun.bpsieradz.pl\/#website"},"datePublished":"2023-10-04T12:35:34+00:00","breadcrumb":{"@id":"http:\/\/filiawielun.bpsieradz.pl\/?p=679#breadcrumb"},"inLanguage":"pl-PL","potentialAction":[{"@type":"ReadAction","target":["http:\/\/filiawielun.bpsieradz.pl\/?p=679"]}]},{"@type":"BreadcrumbList","@id":"http:\/\/filiawielun.bpsieradz.pl\/?p=679#breadcrumb","itemListElement":[{"@type":"ListItem","position":1,"name":"Strona g\u0142\u00f3wna","item":"http:\/\/filiawielun.bpsieradz.pl\/"},{"@type":"ListItem","position":2,"name":"O bibliotece"}]},{"@type":"WebSite","@id":"http:\/\/filiawielun.bpsieradz.pl\/#website","url":"http:\/\/filiawielun.bpsieradz.pl\/","name":"Biblioteka Pedagogiczna w Sieradzu Filia w Wieluniu","description":"Strona biblioteki","publisher":{"@id":"http:\/\/filiawielun.bpsieradz.pl\/#organization"},"potentialAction":[{"@type":"SearchAction","target":{"@type":"EntryPoint","urlTemplate":"http:\/\/filiawielun.bpsieradz.pl\/?s={search_term_string}"},"query-input":{"@type":"PropertyValueSpecification","valueRequired":true,"valueName":"search_term_string"}}],"inLanguage":"pl-PL"},{"@type":"Organization","@id":"http:\/\/filiawielun.bpsieradz.pl\/#organization","name":"Biblioteka Pedagogiczna w Sieradzu Filia w Wieluniu","url":"http:\/\/filiawielun.bpsieradz.pl\/","logo":{"@type":"ImageObject","inLanguage":"pl-PL","@id":"http:\/\/filiawielun.bpsieradz.pl\/#\/schema\/logo\/image\/","url":"https:\/\/filiawielun.bpsieradz.pl\/wp-content\/uploads\/2025\/04\/cre_lodzkie.webp","contentUrl":"https:\/\/filiawielun.bpsieradz.pl\/wp-content\/uploads\/2025\/04\/cre_lodzkie.webp","width":323,"height":50,"caption":"Biblioteka Pedagogiczna w Sieradzu Filia w Wieluniu"},"image":{"@id":"http:\/\/filiawielun.bpsieradz.pl\/#\/schema\/logo\/image\/"}},{"@type":"Person","@id":"http:\/\/filiawielun.bpsieradz.pl\/#\/schema\/person\/ded83f447e250ee0de21791741e06036","name":"admin","image":{"@type":"ImageObject","inLanguage":"pl-PL","@id":"http:\/\/filiawielun.bpsieradz.pl\/#\/schema\/person\/image\/","url":"https:\/\/secure.gravatar.com\/avatar\/7c9baecea61c950fa0ace417ade1d91ec20251533a476dc4eb52114bf5576b3a?s=96&d=mm&r=g","contentUrl":"https:\/\/secure.gravatar.com\/avatar\/7c9baecea61c950fa0ace417ade1d91ec20251533a476dc4eb52114bf5576b3a?s=96&d=mm&r=g","caption":"admin"},"sameAs":["http:\/\/bpsieradz.pl\/filiawielun1"],"url":"https:\/\/filiawielun.bpsieradz.pl\/?author=1"}]}},"rttpg_featured_image_url":null,"rttpg_author":{"display_name":"admin","author_link":"https:\/\/filiawielun.bpsieradz.pl\/?author=1"},"rttpg_comment":0,"rttpg_category":"<a href=\"https:\/\/filiawielun.bpsieradz.pl\/?cat=4\" rel=\"category\">Biblioteka<\/a>","rttpg_excerpt":"Biblioteka Pedagogiczna w Wieluniu powsta\u0142a w 1950 r., jako Pedagogiczna Biblioteka Powiatowa. Po likwidacji powiat\u00f3w, w 1975 r., zosta\u0142a przekszta\u0142cona w fili\u0119 Pedagogicznej Biblioteki Wojew\u00f3dzkiej w Sieradzu. W 1999 r., ...","_links":{"self":[{"href":"https:\/\/filiawielun.bpsieradz.pl\/index.php?rest_route=\/wp\/v2\/posts\/679","targetHints":{"allow":["GET"]}}],"collection":[{"href":"https:\/\/filiawielun.bpsieradz.pl\/index.php?rest_route=\/wp\/v2\/posts"}],"about":[{"href":"https:\/\/filiawielun.bpsieradz.pl\/index.php?rest_route=\/wp\/v2\/types\/post"}],"author":[{"embeddable":true,"href":"https:\/\/filiawielun.bpsieradz.pl\/index.php?rest_route=\/wp\/v2\/users\/1"}],"replies":[{"embeddable":true,"href":"https:\/\/filiawielun.bpsieradz.pl\/index.php?rest_route=%2Fwp%2Fv2%2Fcomments&post=679"}],"version-history":[{"count":1,"href":"https:\/\/filiawielun.bpsieradz.pl\/index.php?rest_route=\/wp\/v2\/posts\/679\/revisions"}],"predecessor-version":[{"id":683,"href":"https:\/\/filiawielun.bpsieradz.pl\/index.php?rest_route=\/wp\/v2\/posts\/679\/revisions\/683"}],"wp:attachment":[{"href":"https:\/\/filiawielun.bpsieradz.pl\/index.php?rest_route=%2Fwp%2Fv2%2Fmedia&parent=679"}],"wp:term":[{"taxonomy":"category","embeddable":true,"href":"https:\/\/filiawielun.bpsieradz.pl\/index.php?rest_route=%2Fwp%2Fv2%2Fcategories&post=679"},{"taxonomy":"post_tag","embeddable":true,"href":"https:\/\/filiawielun.bpsieradz.pl\/index.php?rest_route=%2Fwp%2Fv2%2Ftags&post=679"}],"curies":[{"name":"wp","href":"https:\/\/api.w.org\/{rel}","templated":true}]}}