{"id":315,"date":"2023-05-18T13:19:00","date_gmt":"2023-05-18T13:19:00","guid":{"rendered":"http:\/\/bpsieradz.pl\/filiawielun1\/?p=315"},"modified":"2023-10-03T13:29:42","modified_gmt":"2023-10-03T13:29:42","slug":"xx-tydzien-bibliotek-pod-haslem-moja-twoja-nasza-biblioteka-2","status":"publish","type":"post","link":"https:\/\/filiawielun.bpsieradz.pl\/?p=315","title":{"rendered":"XX Tydzie\u0144 Bibliotek pod has\u0142em &#8222;Moja, Twoja, Nasza Biblioteka&#8221;"},"content":{"rendered":"\n<p class=\"wp-block-paragraph\">W ramach Tygodnia Bibliotek 2023 odby\u0142y si\u0119:<br>&#8211; Zaj\u0119cia literacko-prozdrowotne oraz warsztaty plastyczne, w kt\u00f3rych udzia\u0142 wzi\u0119\u0142y dwie klasy pierwsze wraz z nauczycielkami, ze Szko\u0142y Podstawowej nr 5 z Oddzia\u0142ami Integracyjnymi im. Powsta\u0144c\u00f3w \u015al\u0105skich w Wieluniu. Dzieci zapozna\u0142y si\u0119 z tw\u00f3rczo\u015bci\u0105 Jana Brzechwy i wys\u0142ucha\u0142y wiersz &#8222;Na straganie\u201d. Rozmawiali\u015bmy o warzywach wyst\u0119puj\u0105cych w wierszu, ale r\u00f3wnie\u017c o owocach oraz kolorach warzyw i owoc\u00f3w &#8211; ich w\u0142a\u015bciwo\u015bciach i korzy\u015bciach dla organizmu cz\u0142owieka. Dzieci utrwali\u0142y sobie wiadomo\u015bci na temat piramidy \u017cywieniowej i jej g\u0142\u00f3wnych za\u0142o\u017ce\u0144. Aby zape\u0142ni\u0107 &#8222;stragan&#8221; wykona\u0142y &#8222;warzywa i owoce&#8221; w r\u00f3\u017cnych kolorach. Uzupe\u0142nieniem zaj\u0119\u0107 by\u0142y \u0107wiczenia j\u0119zykowe.<\/p>\n\n\n\n<p class=\"wp-block-paragraph\">&#8211; \u201eWywiad z Wis\u0142aw\u0105 Szymborsk\u0105\u201d &#8211; zaj\u0119cia edukacyjne dla uczni\u00f3w klasy 3 d z II Liceum Og\u00f3lnokszta\u0142c\u0105cego im. Janusza Korczaka w Wieluniu. Na zaj\u0119ciach m\u0142odzie\u017c zapoznana zosta\u0142a z kr\u00f3tkim \u017cyciorysem i ciekawostkami dotycz\u0105cymi noblistki i Patronki Roku 2023 r. Nast\u0119pnie w grupach przeredagowywali wiersze poetki na wywiady, kt\u00f3rych Wis\u0142awa Szymborska wr\u0119cz nie znosi\u0142a. Na koniec wcielili si\u0119 w rol\u0119 dziennikarzy oraz poetki i przedstawili efekty swojej pracy grupowej. M\u0142odzie\u017c wykaza\u0142a si\u0119 niezwyk\u0142\u0105 kreatywno\u015bci\u0105 i poczuciem humoru.<\/p>\n\n\n\n<p class=\"wp-block-paragraph\">&#8211; Wystawa r\u0119kodzie\u0142a Pani Barbary Mas\u0142owskiej i Pani Doroty Staszak \ud83d\ude42<\/p>\n\n\n\n<p class=\"wp-block-paragraph\">&#8211; Akcja czytelnicza \u201eD\u0142uga przerwa z Aleksandrem Fredr\u0105\u201d. 12 maj\u0105 2023 roku w akcji wzi\u0119\u0142y udzia\u0142 nast\u0119puj\u0105ce szko\u0142y:<\/p>\n\n\n\n<ul class=\"wp-block-list\">\n<li>I Liceum Og\u00f3lnokszta\u0142c\u0105ce im. Tadeusza Ko\u015bciuszki w Wieluniu,<\/li>\n\n\n\n<li>II Liceum Og\u00f3lnokszta\u0142c\u0105ce im. Janusza Korczaka w Wieluniu,<\/li>\n\n\n\n<li>Zesp\u00f3\u0142 Szk\u00f3\u0142 Specjalnych w Wieluniu, Szko\u0142a Podstawowa nr 4 im. Kr\u00f3lowej Jadwigi w Wieluniu,<\/li>\n\n\n\n<li>Zesp\u00f3\u0142 Szkolno-Przedszkolny w Wierzchlesie,<\/li>\n\n\n\n<li>Szko\u0142a Podstawowa nr 2 im. Henryka Sienkiewicza w Wieluniu,<\/li>\n\n\n\n<li>Szko\u0142a Podstawowa im. rtm. Witolda Pileckiego w Ostr\u00f3wku.<\/li>\n<\/ul>\n\n\n\n<p class=\"wp-block-paragraph\">Podczas d\u0142ugiej przerwy uczniowie w\/w szk\u00f3\u0142 czytali utwory Aleksandra Fredry \u2013 Patrona Roku 2023. By\u0142o czytanie fragment\u00f3w \u201eZemsty\u201d i \u201e\u015alub\u00f3w panie\u0144skich\u201d, wierszyk\u00f3w z podzia\u0142em na role, wystawki ksi\u0105\u017cek Autora i poszukiwanie informacji o pisarzu. Akcja zosta\u0142a zainicjowana podczas spotkania \u201eSieci samokszta\u0142cenia i wsp\u00f3\u0142pracy nauczycieli bibliotekarzy powiatu wielu\u0144skiego\u201d.<\/p>\n\n\n\n<p class=\"wp-block-paragraph\">Akcje towarzysz\u0105ce: \u201ePrzygarnij ksi\u0105\u017ck\u0119&#8230;\u201d i \u201eZbieramy nakr\u0119tki\u201d. &nbsp;<\/p>\n\n\n\nngg_shortcode_0_placeholder\n","protected":false},"excerpt":{"rendered":"<p>W ramach Tygodnia Bibliotek 2023 odby\u0142y si\u0119:&#8211; Zaj\u0119cia literacko-prozdrowotne oraz warsztaty plastyczne, w kt\u00f3rych udzia\u0142 wzi\u0119\u0142y dwie klasy pierwsze wraz z nauczycielkami, ze Szko\u0142y Podstawowej nr 5 z Oddzia\u0142ami Integracyjnymi &#8230;<\/p>\n","protected":false},"author":1,"featured_media":412,"comment_status":"closed","ping_status":"closed","sticky":false,"template":"","format":"standard","meta":{"ngg_post_thumbnail":0,"footnotes":""},"categories":[2],"tags":[],"class_list":["post-315","post","type-post","status-publish","format-standard","has-post-thumbnail","hentry","category-aktualnosci"],"yoast_head":"<!-- This site is optimized with the Yoast SEO plugin v25.6 - https:\/\/yoast.com\/wordpress\/plugins\/seo\/ -->\n<title>XX Tydzie\u0144 Bibliotek pod has\u0142em &quot;Moja, Twoja, Nasza Biblioteka&quot; - Biblioteka Pedagogiczna w Sieradzu Filia w Wieluniu<\/title>\n<meta name=\"robots\" content=\"index, follow, max-snippet:-1, max-image-preview:large, max-video-preview:-1\" \/>\n<link rel=\"canonical\" href=\"http:\/\/filiawielun.bpsieradz.pl\/?p=315\" \/>\n<meta property=\"og:locale\" content=\"pl_PL\" \/>\n<meta property=\"og:type\" content=\"article\" \/>\n<meta property=\"og:title\" content=\"XX Tydzie\u0144 Bibliotek pod has\u0142em &quot;Moja, Twoja, Nasza Biblioteka&quot; - Biblioteka Pedagogiczna w Sieradzu Filia w Wieluniu\" \/>\n<meta property=\"og:description\" content=\"W ramach Tygodnia Bibliotek 2023 odby\u0142y si\u0119:&#8211; Zaj\u0119cia literacko-prozdrowotne oraz warsztaty plastyczne, w kt\u00f3rych udzia\u0142 wzi\u0119\u0142y dwie klasy pierwsze wraz z nauczycielkami, ze Szko\u0142y Podstawowej nr 5 z Oddzia\u0142ami Integracyjnymi ...\" \/>\n<meta property=\"og:url\" content=\"http:\/\/filiawielun.bpsieradz.pl\/?p=315\" \/>\n<meta property=\"og:site_name\" content=\"Biblioteka Pedagogiczna w Sieradzu Filia w Wieluniu\" \/>\n<meta property=\"article:published_time\" content=\"2023-05-18T13:19:00+00:00\" \/>\n<meta property=\"article:modified_time\" content=\"2023-10-03T13:29:42+00:00\" \/>\n<meta property=\"og:image\" content=\"http:\/\/filiawielun.bpsieradz.pl\/wp-content\/uploads\/2023\/05\/TB_20231.jpg\" \/>\n\t<meta property=\"og:image:width\" content=\"750\" \/>\n\t<meta property=\"og:image:height\" content=\"423\" \/>\n\t<meta property=\"og:image:type\" content=\"image\/jpeg\" \/>\n<meta name=\"author\" content=\"admin\" \/>\n<meta name=\"twitter:card\" content=\"summary_large_image\" \/>\n<meta name=\"twitter:label1\" content=\"Napisane przez\" \/>\n\t<meta name=\"twitter:data1\" content=\"admin\" \/>\n\t<meta name=\"twitter:label2\" content=\"Szacowany czas czytania\" \/>\n\t<meta name=\"twitter:data2\" content=\"2 minuty\" \/>\n<script type=\"application\/ld+json\" class=\"yoast-schema-graph\">{\"@context\":\"https:\/\/schema.org\",\"@graph\":[{\"@type\":\"Article\",\"@id\":\"http:\/\/filiawielun.bpsieradz.pl\/?p=315#article\",\"isPartOf\":{\"@id\":\"http:\/\/filiawielun.bpsieradz.pl\/?p=315\"},\"author\":{\"name\":\"admin\",\"@id\":\"http:\/\/filiawielun.bpsieradz.pl\/#\/schema\/person\/ded83f447e250ee0de21791741e06036\"},\"headline\":\"XX Tydzie\u0144 Bibliotek pod has\u0142em &#8222;Moja, Twoja, Nasza Biblioteka&#8221;\",\"datePublished\":\"2023-05-18T13:19:00+00:00\",\"dateModified\":\"2023-10-03T13:29:42+00:00\",\"mainEntityOfPage\":{\"@id\":\"http:\/\/filiawielun.bpsieradz.pl\/?p=315\"},\"wordCount\":405,\"publisher\":{\"@id\":\"http:\/\/filiawielun.bpsieradz.pl\/#organization\"},\"image\":{\"@id\":\"http:\/\/filiawielun.bpsieradz.pl\/?p=315#primaryimage\"},\"thumbnailUrl\":\"https:\/\/filiawielun.bpsieradz.pl\/wp-content\/uploads\/2023\/05\/TB_20231.jpg\",\"articleSection\":[\"Aktualno\u015bci\"],\"inLanguage\":\"pl-PL\"},{\"@type\":\"WebPage\",\"@id\":\"http:\/\/filiawielun.bpsieradz.pl\/?p=315\",\"url\":\"http:\/\/filiawielun.bpsieradz.pl\/?p=315\",\"name\":\"XX Tydzie\u0144 Bibliotek pod has\u0142em \\\"Moja, Twoja, Nasza Biblioteka\\\" - Biblioteka Pedagogiczna w Sieradzu Filia w Wieluniu\",\"isPartOf\":{\"@id\":\"http:\/\/filiawielun.bpsieradz.pl\/#website\"},\"primaryImageOfPage\":{\"@id\":\"http:\/\/filiawielun.bpsieradz.pl\/?p=315#primaryimage\"},\"image\":{\"@id\":\"http:\/\/filiawielun.bpsieradz.pl\/?p=315#primaryimage\"},\"thumbnailUrl\":\"https:\/\/filiawielun.bpsieradz.pl\/wp-content\/uploads\/2023\/05\/TB_20231.jpg\",\"datePublished\":\"2023-05-18T13:19:00+00:00\",\"dateModified\":\"2023-10-03T13:29:42+00:00\",\"breadcrumb\":{\"@id\":\"http:\/\/filiawielun.bpsieradz.pl\/?p=315#breadcrumb\"},\"inLanguage\":\"pl-PL\",\"potentialAction\":[{\"@type\":\"ReadAction\",\"target\":[\"http:\/\/filiawielun.bpsieradz.pl\/?p=315\"]}]},{\"@type\":\"ImageObject\",\"inLanguage\":\"pl-PL\",\"@id\":\"http:\/\/filiawielun.bpsieradz.pl\/?p=315#primaryimage\",\"url\":\"https:\/\/filiawielun.bpsieradz.pl\/wp-content\/uploads\/2023\/05\/TB_20231.jpg\",\"contentUrl\":\"https:\/\/filiawielun.bpsieradz.pl\/wp-content\/uploads\/2023\/05\/TB_20231.jpg\",\"width\":750,\"height\":423},{\"@type\":\"BreadcrumbList\",\"@id\":\"http:\/\/filiawielun.bpsieradz.pl\/?p=315#breadcrumb\",\"itemListElement\":[{\"@type\":\"ListItem\",\"position\":1,\"name\":\"Strona g\u0142\u00f3wna\",\"item\":\"http:\/\/filiawielun.bpsieradz.pl\/\"},{\"@type\":\"ListItem\",\"position\":2,\"name\":\"XX Tydzie\u0144 Bibliotek pod has\u0142em &#8222;Moja, Twoja, Nasza Biblioteka&#8221;\"}]},{\"@type\":\"WebSite\",\"@id\":\"http:\/\/filiawielun.bpsieradz.pl\/#website\",\"url\":\"http:\/\/filiawielun.bpsieradz.pl\/\",\"name\":\"Biblioteka Pedagogiczna w Sieradzu Filia w Wieluniu\",\"description\":\"Strona biblioteki\",\"publisher\":{\"@id\":\"http:\/\/filiawielun.bpsieradz.pl\/#organization\"},\"potentialAction\":[{\"@type\":\"SearchAction\",\"target\":{\"@type\":\"EntryPoint\",\"urlTemplate\":\"http:\/\/filiawielun.bpsieradz.pl\/?s={search_term_string}\"},\"query-input\":{\"@type\":\"PropertyValueSpecification\",\"valueRequired\":true,\"valueName\":\"search_term_string\"}}],\"inLanguage\":\"pl-PL\"},{\"@type\":\"Organization\",\"@id\":\"http:\/\/filiawielun.bpsieradz.pl\/#organization\",\"name\":\"Biblioteka Pedagogiczna w Sieradzu Filia w Wieluniu\",\"url\":\"http:\/\/filiawielun.bpsieradz.pl\/\",\"logo\":{\"@type\":\"ImageObject\",\"inLanguage\":\"pl-PL\",\"@id\":\"http:\/\/filiawielun.bpsieradz.pl\/#\/schema\/logo\/image\/\",\"url\":\"https:\/\/filiawielun.bpsieradz.pl\/wp-content\/uploads\/2025\/04\/cre_lodzkie.webp\",\"contentUrl\":\"https:\/\/filiawielun.bpsieradz.pl\/wp-content\/uploads\/2025\/04\/cre_lodzkie.webp\",\"width\":323,\"height\":50,\"caption\":\"Biblioteka Pedagogiczna w Sieradzu Filia w Wieluniu\"},\"image\":{\"@id\":\"http:\/\/filiawielun.bpsieradz.pl\/#\/schema\/logo\/image\/\"}},{\"@type\":\"Person\",\"@id\":\"http:\/\/filiawielun.bpsieradz.pl\/#\/schema\/person\/ded83f447e250ee0de21791741e06036\",\"name\":\"admin\",\"image\":{\"@type\":\"ImageObject\",\"inLanguage\":\"pl-PL\",\"@id\":\"http:\/\/filiawielun.bpsieradz.pl\/#\/schema\/person\/image\/\",\"url\":\"https:\/\/secure.gravatar.com\/avatar\/7c9baecea61c950fa0ace417ade1d91ec20251533a476dc4eb52114bf5576b3a?s=96&d=mm&r=g\",\"contentUrl\":\"https:\/\/secure.gravatar.com\/avatar\/7c9baecea61c950fa0ace417ade1d91ec20251533a476dc4eb52114bf5576b3a?s=96&d=mm&r=g\",\"caption\":\"admin\"},\"sameAs\":[\"http:\/\/bpsieradz.pl\/filiawielun1\"],\"url\":\"https:\/\/filiawielun.bpsieradz.pl\/?author=1\"}]}<\/script>\n<!-- \/ Yoast SEO plugin. -->","yoast_head_json":{"title":"XX Tydzie\u0144 Bibliotek pod has\u0142em \"Moja, Twoja, Nasza Biblioteka\" - Biblioteka Pedagogiczna w Sieradzu Filia w Wieluniu","robots":{"index":"index","follow":"follow","max-snippet":"max-snippet:-1","max-image-preview":"max-image-preview:large","max-video-preview":"max-video-preview:-1"},"canonical":"http:\/\/filiawielun.bpsieradz.pl\/?p=315","og_locale":"pl_PL","og_type":"article","og_title":"XX Tydzie\u0144 Bibliotek pod has\u0142em \"Moja, Twoja, Nasza Biblioteka\" - Biblioteka Pedagogiczna w Sieradzu Filia w Wieluniu","og_description":"W ramach Tygodnia Bibliotek 2023 odby\u0142y si\u0119:&#8211; Zaj\u0119cia literacko-prozdrowotne oraz warsztaty plastyczne, w kt\u00f3rych udzia\u0142 wzi\u0119\u0142y dwie klasy pierwsze wraz z nauczycielkami, ze Szko\u0142y Podstawowej nr 5 z Oddzia\u0142ami Integracyjnymi ...","og_url":"http:\/\/filiawielun.bpsieradz.pl\/?p=315","og_site_name":"Biblioteka Pedagogiczna w Sieradzu Filia w Wieluniu","article_published_time":"2023-05-18T13:19:00+00:00","article_modified_time":"2023-10-03T13:29:42+00:00","og_image":[{"width":750,"height":423,"url":"http:\/\/filiawielun.bpsieradz.pl\/wp-content\/uploads\/2023\/05\/TB_20231.jpg","type":"image\/jpeg"}],"author":"admin","twitter_card":"summary_large_image","twitter_misc":{"Napisane przez":"admin","Szacowany czas czytania":"2 minuty"},"schema":{"@context":"https:\/\/schema.org","@graph":[{"@type":"Article","@id":"http:\/\/filiawielun.bpsieradz.pl\/?p=315#article","isPartOf":{"@id":"http:\/\/filiawielun.bpsieradz.pl\/?p=315"},"author":{"name":"admin","@id":"http:\/\/filiawielun.bpsieradz.pl\/#\/schema\/person\/ded83f447e250ee0de21791741e06036"},"headline":"XX Tydzie\u0144 Bibliotek pod has\u0142em &#8222;Moja, Twoja, Nasza Biblioteka&#8221;","datePublished":"2023-05-18T13:19:00+00:00","dateModified":"2023-10-03T13:29:42+00:00","mainEntityOfPage":{"@id":"http:\/\/filiawielun.bpsieradz.pl\/?p=315"},"wordCount":405,"publisher":{"@id":"http:\/\/filiawielun.bpsieradz.pl\/#organization"},"image":{"@id":"http:\/\/filiawielun.bpsieradz.pl\/?p=315#primaryimage"},"thumbnailUrl":"https:\/\/filiawielun.bpsieradz.pl\/wp-content\/uploads\/2023\/05\/TB_20231.jpg","articleSection":["Aktualno\u015bci"],"inLanguage":"pl-PL"},{"@type":"WebPage","@id":"http:\/\/filiawielun.bpsieradz.pl\/?p=315","url":"http:\/\/filiawielun.bpsieradz.pl\/?p=315","name":"XX Tydzie\u0144 Bibliotek pod has\u0142em \"Moja, Twoja, Nasza Biblioteka\" - Biblioteka Pedagogiczna w Sieradzu Filia w Wieluniu","isPartOf":{"@id":"http:\/\/filiawielun.bpsieradz.pl\/#website"},"primaryImageOfPage":{"@id":"http:\/\/filiawielun.bpsieradz.pl\/?p=315#primaryimage"},"image":{"@id":"http:\/\/filiawielun.bpsieradz.pl\/?p=315#primaryimage"},"thumbnailUrl":"https:\/\/filiawielun.bpsieradz.pl\/wp-content\/uploads\/2023\/05\/TB_20231.jpg","datePublished":"2023-05-18T13:19:00+00:00","dateModified":"2023-10-03T13:29:42+00:00","breadcrumb":{"@id":"http:\/\/filiawielun.bpsieradz.pl\/?p=315#breadcrumb"},"inLanguage":"pl-PL","potentialAction":[{"@type":"ReadAction","target":["http:\/\/filiawielun.bpsieradz.pl\/?p=315"]}]},{"@type":"ImageObject","inLanguage":"pl-PL","@id":"http:\/\/filiawielun.bpsieradz.pl\/?p=315#primaryimage","url":"https:\/\/filiawielun.bpsieradz.pl\/wp-content\/uploads\/2023\/05\/TB_20231.jpg","contentUrl":"https:\/\/filiawielun.bpsieradz.pl\/wp-content\/uploads\/2023\/05\/TB_20231.jpg","width":750,"height":423},{"@type":"BreadcrumbList","@id":"http:\/\/filiawielun.bpsieradz.pl\/?p=315#breadcrumb","itemListElement":[{"@type":"ListItem","position":1,"name":"Strona g\u0142\u00f3wna","item":"http:\/\/filiawielun.bpsieradz.pl\/"},{"@type":"ListItem","position":2,"name":"XX Tydzie\u0144 Bibliotek pod has\u0142em &#8222;Moja, Twoja, Nasza Biblioteka&#8221;"}]},{"@type":"WebSite","@id":"http:\/\/filiawielun.bpsieradz.pl\/#website","url":"http:\/\/filiawielun.bpsieradz.pl\/","name":"Biblioteka Pedagogiczna w Sieradzu Filia w Wieluniu","description":"Strona biblioteki","publisher":{"@id":"http:\/\/filiawielun.bpsieradz.pl\/#organization"},"potentialAction":[{"@type":"SearchAction","target":{"@type":"EntryPoint","urlTemplate":"http:\/\/filiawielun.bpsieradz.pl\/?s={search_term_string}"},"query-input":{"@type":"PropertyValueSpecification","valueRequired":true,"valueName":"search_term_string"}}],"inLanguage":"pl-PL"},{"@type":"Organization","@id":"http:\/\/filiawielun.bpsieradz.pl\/#organization","name":"Biblioteka Pedagogiczna w Sieradzu Filia w Wieluniu","url":"http:\/\/filiawielun.bpsieradz.pl\/","logo":{"@type":"ImageObject","inLanguage":"pl-PL","@id":"http:\/\/filiawielun.bpsieradz.pl\/#\/schema\/logo\/image\/","url":"https:\/\/filiawielun.bpsieradz.pl\/wp-content\/uploads\/2025\/04\/cre_lodzkie.webp","contentUrl":"https:\/\/filiawielun.bpsieradz.pl\/wp-content\/uploads\/2025\/04\/cre_lodzkie.webp","width":323,"height":50,"caption":"Biblioteka Pedagogiczna w Sieradzu Filia w Wieluniu"},"image":{"@id":"http:\/\/filiawielun.bpsieradz.pl\/#\/schema\/logo\/image\/"}},{"@type":"Person","@id":"http:\/\/filiawielun.bpsieradz.pl\/#\/schema\/person\/ded83f447e250ee0de21791741e06036","name":"admin","image":{"@type":"ImageObject","inLanguage":"pl-PL","@id":"http:\/\/filiawielun.bpsieradz.pl\/#\/schema\/person\/image\/","url":"https:\/\/secure.gravatar.com\/avatar\/7c9baecea61c950fa0ace417ade1d91ec20251533a476dc4eb52114bf5576b3a?s=96&d=mm&r=g","contentUrl":"https:\/\/secure.gravatar.com\/avatar\/7c9baecea61c950fa0ace417ade1d91ec20251533a476dc4eb52114bf5576b3a?s=96&d=mm&r=g","caption":"admin"},"sameAs":["http:\/\/bpsieradz.pl\/filiawielun1"],"url":"https:\/\/filiawielun.bpsieradz.pl\/?author=1"}]}},"rttpg_featured_image_url":{"full":["https:\/\/filiawielun.bpsieradz.pl\/wp-content\/uploads\/2023\/05\/TB_20231.jpg",750,423,false],"landscape":["https:\/\/filiawielun.bpsieradz.pl\/wp-content\/uploads\/2023\/05\/TB_20231.jpg",750,423,false],"portraits":["https:\/\/filiawielun.bpsieradz.pl\/wp-content\/uploads\/2023\/05\/TB_20231.jpg",750,423,false],"thumbnail":["https:\/\/filiawielun.bpsieradz.pl\/wp-content\/uploads\/2023\/05\/TB_20231-150x150.jpg",150,150,true],"medium":["https:\/\/filiawielun.bpsieradz.pl\/wp-content\/uploads\/2023\/05\/TB_20231-300x169.jpg",300,169,true],"large":["https:\/\/filiawielun.bpsieradz.pl\/wp-content\/uploads\/2023\/05\/TB_20231.jpg",750,423,false],"1536x1536":["https:\/\/filiawielun.bpsieradz.pl\/wp-content\/uploads\/2023\/05\/TB_20231.jpg",750,423,false],"2048x2048":["https:\/\/filiawielun.bpsieradz.pl\/wp-content\/uploads\/2023\/05\/TB_20231.jpg",750,423,false],"onepress-blog-small":["https:\/\/filiawielun.bpsieradz.pl\/wp-content\/uploads\/2023\/05\/TB_20231-300x150.jpg",300,150,true],"onepress-small":["https:\/\/filiawielun.bpsieradz.pl\/wp-content\/uploads\/2023\/05\/TB_20231-480x300.jpg",480,300,true],"onepress-medium":["https:\/\/filiawielun.bpsieradz.pl\/wp-content\/uploads\/2023\/05\/TB_20231-640x400.jpg",640,400,true]},"rttpg_author":{"display_name":"admin","author_link":"https:\/\/filiawielun.bpsieradz.pl\/?author=1"},"rttpg_comment":0,"rttpg_category":"<a href=\"https:\/\/filiawielun.bpsieradz.pl\/?cat=2\" rel=\"category\">Aktualno\u015bci<\/a>","rttpg_excerpt":"W ramach Tygodnia Bibliotek 2023 odby\u0142y si\u0119:&#8211; Zaj\u0119cia literacko-prozdrowotne oraz warsztaty plastyczne, w kt\u00f3rych udzia\u0142 wzi\u0119\u0142y dwie klasy pierwsze wraz z nauczycielkami, ze Szko\u0142y Podstawowej nr 5 z Oddzia\u0142ami Integracyjnymi ...","_links":{"self":[{"href":"https:\/\/filiawielun.bpsieradz.pl\/index.php?rest_route=\/wp\/v2\/posts\/315","targetHints":{"allow":["GET"]}}],"collection":[{"href":"https:\/\/filiawielun.bpsieradz.pl\/index.php?rest_route=\/wp\/v2\/posts"}],"about":[{"href":"https:\/\/filiawielun.bpsieradz.pl\/index.php?rest_route=\/wp\/v2\/types\/post"}],"author":[{"embeddable":true,"href":"https:\/\/filiawielun.bpsieradz.pl\/index.php?rest_route=\/wp\/v2\/users\/1"}],"replies":[{"embeddable":true,"href":"https:\/\/filiawielun.bpsieradz.pl\/index.php?rest_route=%2Fwp%2Fv2%2Fcomments&post=315"}],"version-history":[{"count":2,"href":"https:\/\/filiawielun.bpsieradz.pl\/index.php?rest_route=\/wp\/v2\/posts\/315\/revisions"}],"predecessor-version":[{"id":411,"href":"https:\/\/filiawielun.bpsieradz.pl\/index.php?rest_route=\/wp\/v2\/posts\/315\/revisions\/411"}],"wp:featuredmedia":[{"embeddable":true,"href":"https:\/\/filiawielun.bpsieradz.pl\/index.php?rest_route=\/wp\/v2\/media\/412"}],"wp:attachment":[{"href":"https:\/\/filiawielun.bpsieradz.pl\/index.php?rest_route=%2Fwp%2Fv2%2Fmedia&parent=315"}],"wp:term":[{"taxonomy":"category","embeddable":true,"href":"https:\/\/filiawielun.bpsieradz.pl\/index.php?rest_route=%2Fwp%2Fv2%2Fcategories&post=315"},{"taxonomy":"post_tag","embeddable":true,"href":"https:\/\/filiawielun.bpsieradz.pl\/index.php?rest_route=%2Fwp%2Fv2%2Ftags&post=315"}],"curies":[{"name":"wp","href":"https:\/\/api.w.org\/{rel}","templated":true}]}}