{"id":1698,"date":"2026-06-11T11:21:50","date_gmt":"2026-06-11T11:21:50","guid":{"rendered":"http:\/\/filiawielun.bpsieradz.pl\/?p=1698"},"modified":"2026-06-11T11:21:51","modified_gmt":"2026-06-11T11:21:51","slug":"biblioteka-otwierasz-odkrywasz-haslo-tegorocznego-tygodnia-bibliotek","status":"publish","type":"post","link":"https:\/\/filiawielun.bpsieradz.pl\/?p=1698","title":{"rendered":"&#8222;Biblioteka. Otwierasz. Odkrywasz&#8221; has\u0142o tegorocznego Tygodnia Bibliotek."},"content":{"rendered":"\n<p class=\"wp-block-paragraph\">Dzia\u0142ania podj\u0119te w&nbsp; CREW\u0141 w Sieradzu&nbsp; <strong>Biblioteka Pedagogiczna w Wieluniu<\/strong>:<\/p>\n\n\n\n<p class=\"wp-block-paragraph\">Zaj\u0119cia edukacyjne dla sze\u015bciolatk\u00f3w z PP nr 2 w Wieluniu.<\/p>\n\n\n\n<p class=\"wp-block-paragraph\">Dzieci wys\u0142ucha\u0142y pi\u0119knej rymowanej opowie\u015bci o empatii i przyja\u017ani, &#8222;Wieloryb, kt\u00f3ry chcia\u0142 wi\u0119cej&#8221; autorstwa Jima Fielda i Rachel Bright. Bra\u0142y udzia\u0142 w zabawach integracyjnych.<\/p>\n\n\n\n<p class=\"wp-block-paragraph\">Zaj\u0119cia zach\u0119caj\u0105&nbsp; dzieci do dzielenia si\u0119 z innymi, bycia dobrym i pomagaj\u0105 znale\u017a\u0107 odpowiedzie\u0107&nbsp; na pytanie \u201eCo jest wa\u017cniejsze: stan posiadania czy prawdziwa przyja\u017a\u0144?\u201d.<\/p>\n\n\n\n<p class=\"wp-block-paragraph\">Zaj\u0119cia edukacyjne dla pi\u0119ciolatk\u00f3w z PP nr 1 w Wieluniu p.t.: Postaci z bajek&#8221;.<\/p>\n\n\n\n<p class=\"wp-block-paragraph\">Przedszkolaki opowiada\u0142y o swoich ulubionych bajkach i ich bohaterach, o tym, kto im czyta bajki. &nbsp;Dzieci odgadywa\u0142y postaci z bajek na podstawie zagadek s\u0142ownych i szuka\u0142y schowanych w sali \u201ebajkowych rekwizyt\u00f3w\u201d, a potem dopasowywa\u0142y je do odpowiednich bajek. Bawi\u0142y si\u0119 w gr\u0119 s\u0142owno-ruchow\u0105 \u201eKto tak jak ja lubi \u2026?\u201d oraz zata\u0144czy\u0142y \u201eTaniec rado\u015bci\u201d. Wys\u0142ucha\u0142y bajki \u201eKsi\u0119\u017cniczki na ziarnku grochu\u201d w t\u0142umaczeniu Jana Kazimierza Siwka wed\u0142ug J. Ch. Andersena.<\/p>\n\n\n\nngg_shortcode_0_placeholder\n\n\n\n<p class=\"wp-block-paragraph\">Zaj\u0119cia prozawodowe \u201eMoje Mount Everesty\u201d dla uczni\u00f3w klasy pierwszej II LO w Wieluniu. Uczniowie zapoznali si\u0119 z postaci\u0105&nbsp; Wandy Rutkiewicz \u2013 himalaistki, zdobywczyni Mount Everestu i pierwszej kobiety, kt\u00f3ra stan\u0119\u0142a na szczycie K2. Prezentacja dotycz\u0105ca \u017cycia i g\u00f3rskich wypraw Wandy Rutkiewicz, by\u0142y punktem wyj\u015bcia do rozmowy na temat marze\u0144 i d\u0105\u017cenia do ich realizacji. Zadaniem uczni\u00f3w by\u0142o napisanie na karcie pracy, jakie kroki musz\u0105 podj\u0105\u0107, by dotrze\u0107 na szczyt swoich marze\u0144, a z jakimi trudno\u015bciami trzeba b\u0119dzie si\u0119 zmierzy\u0107. Zastanawiali si\u0119 r\u00f3wnie\u017c nad wyborem zawodu i jakie predyspozycje trzeba mie\u0107 do ich wykonywania.<\/p>\n\n\n\n<p class=\"wp-block-paragraph\">Fina\u0142 konkursu plastycznego dla klas \u201eM\u00f3j zdrowy &#8211; kolorowy \u015bwiat\u201d dla uczni\u00f3w klas 1-3 szk\u00f3\u0142 podstawowych z powiatu wielu\u0144skiego. Przedmiotem konkursu by\u0142 plakat promuj\u0105cy zdrowy styl \u017cycia w roku Profilaktyki Zdrowotnej \u2013 2026! W konkursie wzi\u0119li udzia\u0142 uczniowie siedmiu szk\u00f3\u0142 podstawowych z powiatu wielu\u0144skiego. Na konkurs wp\u0142yn\u0119\u0142y 54 prace. Jury przyzna\u0142o cztery nagrody g\u0142\u00f3wne ( I miejsce ex aequo) i siedem wyr\u00f3\u017cnie\u0144.<\/p>\n\n\n\n<p class=\"wp-block-paragraph\">Akcja czytelnicza \u201eZr\u00f3b sobie przerw\u0119 na czytanie&#8230;o zdrowiu\u201d.<\/p>\n\n\n\n<p class=\"wp-block-paragraph\">W Tygodniu Bibliotek uczestniczki \u201eSieci wsp\u00f3\u0142pracy i samokszta\u0142cenia&#8230;\u201d przeprowadzi\u0142y w swoich szko\u0142ach akcj\u0119 czytelnicz\u0105 \u201eZr\u00f3b sobie przerw\u0119 na czytanie&#8230;o zdrowiu\u201d w Roku Profilaktyki Zdrowotnej 2026!&nbsp; Do akcji w\u0142\u0105czy\u0142o si\u0119 pi\u0119\u0107 szk\u00f3\u0142, w kt\u00f3rych uczniowie czytali wiersze i proz\u0119 dotycz\u0105ca zdrowego trybu \u017cycia. Czytaniu tekst\u00f3w towarzyszy\u0142y rozmowy o zdrowiu i zdrowym trybie \u017cycia. Liczba os\u00f3b bior\u0105cych udzia\u0142 w akcji jest trudna do oszacowania, ale w przybli\u017ceniu to 300<strong> <\/strong>os\u00f3b.<\/p>\n\n\n\n<p class=\"wp-block-paragraph\">W Tygodniu Bibliotek odby\u0142o si\u0119 r\u00f3wnie\u017c spotkanie \u201eK\u00f3\u0142ka Rob\u00f3tek Zr\u0119cznych ;)\u201d, na kt\u00f3rym uczestniczki zaprezentowa\u0142y zrobione przez siebie na szyde\u0142ku r\u0119kodzie\u0142a. Ustalono r\u00f3wnie\u017c \u017ce \u201eK\u00f3\u0142ko\u201d b\u0119dzie kontynuowa\u0107 dzia\u0142alno\u015b\u0107 w przysz\u0142ym roku szkolnym.<\/p>\n\n\n\nngg_shortcode_1_placeholder\n","protected":false},"excerpt":{"rendered":"<p>Dzia\u0142ania podj\u0119te w&nbsp; CREW\u0141 w Sieradzu&nbsp; Biblioteka Pedagogiczna w Wieluniu: Zaj\u0119cia edukacyjne dla sze\u015bciolatk\u00f3w z PP nr 2 w Wieluniu. Dzieci wys\u0142ucha\u0142y pi\u0119knej rymowanej opowie\u015bci o empatii i przyja\u017ani, &#8222;Wieloryb, &#8230;<\/p>\n","protected":false},"author":1,"featured_media":1742,"comment_status":"closed","ping_status":"open","sticky":false,"template":"","format":"standard","meta":{"ngg_post_thumbnail":0,"footnotes":""},"categories":[2],"tags":[],"class_list":["post-1698","post","type-post","status-publish","format-standard","has-post-thumbnail","hentry","category-aktualnosci"],"yoast_head":"<!-- This site is optimized with the Yoast SEO plugin v25.6 - https:\/\/yoast.com\/wordpress\/plugins\/seo\/ -->\n<title>&quot;Biblioteka. Otwierasz. Odkrywasz&quot; has\u0142o tegorocznego Tygodnia Bibliotek. - Biblioteka Pedagogiczna w Sieradzu Filia w Wieluniu<\/title>\n<meta name=\"robots\" content=\"index, follow, max-snippet:-1, max-image-preview:large, max-video-preview:-1\" \/>\n<link rel=\"canonical\" href=\"http:\/\/filiawielun.bpsieradz.pl\/?p=1698\" \/>\n<meta property=\"og:locale\" content=\"pl_PL\" \/>\n<meta property=\"og:type\" content=\"article\" \/>\n<meta property=\"og:title\" content=\"&quot;Biblioteka. Otwierasz. Odkrywasz&quot; has\u0142o tegorocznego Tygodnia Bibliotek. - Biblioteka Pedagogiczna w Sieradzu Filia w Wieluniu\" \/>\n<meta property=\"og:description\" content=\"Dzia\u0142ania podj\u0119te w&nbsp; CREW\u0141 w Sieradzu&nbsp; Biblioteka Pedagogiczna w Wieluniu: Zaj\u0119cia edukacyjne dla sze\u015bciolatk\u00f3w z PP nr 2 w Wieluniu. Dzieci wys\u0142ucha\u0142y pi\u0119knej rymowanej opowie\u015bci o empatii i przyja\u017ani, &#8222;Wieloryb, ...\" \/>\n<meta property=\"og:url\" content=\"http:\/\/filiawielun.bpsieradz.pl\/?p=1698\" \/>\n<meta property=\"og:site_name\" content=\"Biblioteka Pedagogiczna w Sieradzu Filia w Wieluniu\" \/>\n<meta property=\"article:published_time\" content=\"2026-06-11T11:21:50+00:00\" \/>\n<meta property=\"article:modified_time\" content=\"2026-06-11T11:21:51+00:00\" \/>\n<meta property=\"og:image\" content=\"http:\/\/filiawielun.bpsieradz.pl\/wp-content\/uploads\/2026\/06\/TB_przedszkola-2.jpg\" \/>\n\t<meta property=\"og:image:width\" content=\"2048\" \/>\n\t<meta property=\"og:image:height\" content=\"1536\" \/>\n\t<meta property=\"og:image:type\" content=\"image\/jpeg\" \/>\n<meta name=\"author\" content=\"admin\" \/>\n<meta name=\"twitter:card\" content=\"summary_large_image\" \/>\n<meta name=\"twitter:label1\" content=\"Napisane przez\" \/>\n\t<meta name=\"twitter:data1\" content=\"admin\" \/>\n\t<meta name=\"twitter:label2\" content=\"Szacowany czas czytania\" \/>\n\t<meta name=\"twitter:data2\" content=\"3 minuty\" \/>\n<script type=\"application\/ld+json\" class=\"yoast-schema-graph\">{\"@context\":\"https:\/\/schema.org\",\"@graph\":[{\"@type\":\"Article\",\"@id\":\"http:\/\/filiawielun.bpsieradz.pl\/?p=1698#article\",\"isPartOf\":{\"@id\":\"http:\/\/filiawielun.bpsieradz.pl\/?p=1698\"},\"author\":{\"name\":\"admin\",\"@id\":\"http:\/\/filiawielun.bpsieradz.pl\/#\/schema\/person\/ded83f447e250ee0de21791741e06036\"},\"headline\":\"&#8222;Biblioteka. Otwierasz. Odkrywasz&#8221; has\u0142o tegorocznego Tygodnia Bibliotek.\",\"datePublished\":\"2026-06-11T11:21:50+00:00\",\"dateModified\":\"2026-06-11T11:21:51+00:00\",\"mainEntityOfPage\":{\"@id\":\"http:\/\/filiawielun.bpsieradz.pl\/?p=1698\"},\"wordCount\":529,\"publisher\":{\"@id\":\"http:\/\/filiawielun.bpsieradz.pl\/#organization\"},\"image\":{\"@id\":\"http:\/\/filiawielun.bpsieradz.pl\/?p=1698#primaryimage\"},\"thumbnailUrl\":\"https:\/\/filiawielun.bpsieradz.pl\/wp-content\/uploads\/2026\/06\/TB_przedszkola-2.jpg\",\"articleSection\":[\"Aktualno\u015bci\"],\"inLanguage\":\"pl-PL\"},{\"@type\":\"WebPage\",\"@id\":\"http:\/\/filiawielun.bpsieradz.pl\/?p=1698\",\"url\":\"http:\/\/filiawielun.bpsieradz.pl\/?p=1698\",\"name\":\"\\\"Biblioteka. Otwierasz. Odkrywasz\\\" has\u0142o tegorocznego Tygodnia Bibliotek. - Biblioteka Pedagogiczna w Sieradzu Filia w Wieluniu\",\"isPartOf\":{\"@id\":\"http:\/\/filiawielun.bpsieradz.pl\/#website\"},\"primaryImageOfPage\":{\"@id\":\"http:\/\/filiawielun.bpsieradz.pl\/?p=1698#primaryimage\"},\"image\":{\"@id\":\"http:\/\/filiawielun.bpsieradz.pl\/?p=1698#primaryimage\"},\"thumbnailUrl\":\"https:\/\/filiawielun.bpsieradz.pl\/wp-content\/uploads\/2026\/06\/TB_przedszkola-2.jpg\",\"datePublished\":\"2026-06-11T11:21:50+00:00\",\"dateModified\":\"2026-06-11T11:21:51+00:00\",\"breadcrumb\":{\"@id\":\"http:\/\/filiawielun.bpsieradz.pl\/?p=1698#breadcrumb\"},\"inLanguage\":\"pl-PL\",\"potentialAction\":[{\"@type\":\"ReadAction\",\"target\":[\"http:\/\/filiawielun.bpsieradz.pl\/?p=1698\"]}]},{\"@type\":\"ImageObject\",\"inLanguage\":\"pl-PL\",\"@id\":\"http:\/\/filiawielun.bpsieradz.pl\/?p=1698#primaryimage\",\"url\":\"https:\/\/filiawielun.bpsieradz.pl\/wp-content\/uploads\/2026\/06\/TB_przedszkola-2.jpg\",\"contentUrl\":\"https:\/\/filiawielun.bpsieradz.pl\/wp-content\/uploads\/2026\/06\/TB_przedszkola-2.jpg\",\"width\":2048,\"height\":1536},{\"@type\":\"BreadcrumbList\",\"@id\":\"http:\/\/filiawielun.bpsieradz.pl\/?p=1698#breadcrumb\",\"itemListElement\":[{\"@type\":\"ListItem\",\"position\":1,\"name\":\"Strona g\u0142\u00f3wna\",\"item\":\"http:\/\/filiawielun.bpsieradz.pl\/\"},{\"@type\":\"ListItem\",\"position\":2,\"name\":\"&#8222;Biblioteka. Otwierasz. Odkrywasz&#8221; has\u0142o tegorocznego Tygodnia Bibliotek.\"}]},{\"@type\":\"WebSite\",\"@id\":\"http:\/\/filiawielun.bpsieradz.pl\/#website\",\"url\":\"http:\/\/filiawielun.bpsieradz.pl\/\",\"name\":\"Biblioteka Pedagogiczna w Sieradzu Filia w Wieluniu\",\"description\":\"Strona biblioteki\",\"publisher\":{\"@id\":\"http:\/\/filiawielun.bpsieradz.pl\/#organization\"},\"potentialAction\":[{\"@type\":\"SearchAction\",\"target\":{\"@type\":\"EntryPoint\",\"urlTemplate\":\"http:\/\/filiawielun.bpsieradz.pl\/?s={search_term_string}\"},\"query-input\":{\"@type\":\"PropertyValueSpecification\",\"valueRequired\":true,\"valueName\":\"search_term_string\"}}],\"inLanguage\":\"pl-PL\"},{\"@type\":\"Organization\",\"@id\":\"http:\/\/filiawielun.bpsieradz.pl\/#organization\",\"name\":\"Biblioteka Pedagogiczna w Sieradzu Filia w Wieluniu\",\"url\":\"http:\/\/filiawielun.bpsieradz.pl\/\",\"logo\":{\"@type\":\"ImageObject\",\"inLanguage\":\"pl-PL\",\"@id\":\"http:\/\/filiawielun.bpsieradz.pl\/#\/schema\/logo\/image\/\",\"url\":\"https:\/\/filiawielun.bpsieradz.pl\/wp-content\/uploads\/2025\/04\/cre_lodzkie.webp\",\"contentUrl\":\"https:\/\/filiawielun.bpsieradz.pl\/wp-content\/uploads\/2025\/04\/cre_lodzkie.webp\",\"width\":323,\"height\":50,\"caption\":\"Biblioteka Pedagogiczna w Sieradzu Filia w Wieluniu\"},\"image\":{\"@id\":\"http:\/\/filiawielun.bpsieradz.pl\/#\/schema\/logo\/image\/\"}},{\"@type\":\"Person\",\"@id\":\"http:\/\/filiawielun.bpsieradz.pl\/#\/schema\/person\/ded83f447e250ee0de21791741e06036\",\"name\":\"admin\",\"image\":{\"@type\":\"ImageObject\",\"inLanguage\":\"pl-PL\",\"@id\":\"http:\/\/filiawielun.bpsieradz.pl\/#\/schema\/person\/image\/\",\"url\":\"https:\/\/secure.gravatar.com\/avatar\/7c9baecea61c950fa0ace417ade1d91ec20251533a476dc4eb52114bf5576b3a?s=96&d=mm&r=g\",\"contentUrl\":\"https:\/\/secure.gravatar.com\/avatar\/7c9baecea61c950fa0ace417ade1d91ec20251533a476dc4eb52114bf5576b3a?s=96&d=mm&r=g\",\"caption\":\"admin\"},\"sameAs\":[\"http:\/\/bpsieradz.pl\/filiawielun1\"],\"url\":\"https:\/\/filiawielun.bpsieradz.pl\/?author=1\"}]}<\/script>\n<!-- \/ Yoast SEO plugin. -->","yoast_head_json":{"title":"\"Biblioteka. Otwierasz. Odkrywasz\" has\u0142o tegorocznego Tygodnia Bibliotek. - Biblioteka Pedagogiczna w Sieradzu Filia w Wieluniu","robots":{"index":"index","follow":"follow","max-snippet":"max-snippet:-1","max-image-preview":"max-image-preview:large","max-video-preview":"max-video-preview:-1"},"canonical":"http:\/\/filiawielun.bpsieradz.pl\/?p=1698","og_locale":"pl_PL","og_type":"article","og_title":"\"Biblioteka. Otwierasz. Odkrywasz\" has\u0142o tegorocznego Tygodnia Bibliotek. - Biblioteka Pedagogiczna w Sieradzu Filia w Wieluniu","og_description":"Dzia\u0142ania podj\u0119te w&nbsp; CREW\u0141 w Sieradzu&nbsp; Biblioteka Pedagogiczna w Wieluniu: Zaj\u0119cia edukacyjne dla sze\u015bciolatk\u00f3w z PP nr 2 w Wieluniu. Dzieci wys\u0142ucha\u0142y pi\u0119knej rymowanej opowie\u015bci o empatii i przyja\u017ani, &#8222;Wieloryb, ...","og_url":"http:\/\/filiawielun.bpsieradz.pl\/?p=1698","og_site_name":"Biblioteka Pedagogiczna w Sieradzu Filia w Wieluniu","article_published_time":"2026-06-11T11:21:50+00:00","article_modified_time":"2026-06-11T11:21:51+00:00","og_image":[{"width":2048,"height":1536,"url":"http:\/\/filiawielun.bpsieradz.pl\/wp-content\/uploads\/2026\/06\/TB_przedszkola-2.jpg","type":"image\/jpeg"}],"author":"admin","twitter_card":"summary_large_image","twitter_misc":{"Napisane przez":"admin","Szacowany czas czytania":"3 minuty"},"schema":{"@context":"https:\/\/schema.org","@graph":[{"@type":"Article","@id":"http:\/\/filiawielun.bpsieradz.pl\/?p=1698#article","isPartOf":{"@id":"http:\/\/filiawielun.bpsieradz.pl\/?p=1698"},"author":{"name":"admin","@id":"http:\/\/filiawielun.bpsieradz.pl\/#\/schema\/person\/ded83f447e250ee0de21791741e06036"},"headline":"&#8222;Biblioteka. Otwierasz. Odkrywasz&#8221; has\u0142o tegorocznego Tygodnia Bibliotek.","datePublished":"2026-06-11T11:21:50+00:00","dateModified":"2026-06-11T11:21:51+00:00","mainEntityOfPage":{"@id":"http:\/\/filiawielun.bpsieradz.pl\/?p=1698"},"wordCount":529,"publisher":{"@id":"http:\/\/filiawielun.bpsieradz.pl\/#organization"},"image":{"@id":"http:\/\/filiawielun.bpsieradz.pl\/?p=1698#primaryimage"},"thumbnailUrl":"https:\/\/filiawielun.bpsieradz.pl\/wp-content\/uploads\/2026\/06\/TB_przedszkola-2.jpg","articleSection":["Aktualno\u015bci"],"inLanguage":"pl-PL"},{"@type":"WebPage","@id":"http:\/\/filiawielun.bpsieradz.pl\/?p=1698","url":"http:\/\/filiawielun.bpsieradz.pl\/?p=1698","name":"\"Biblioteka. Otwierasz. Odkrywasz\" has\u0142o tegorocznego Tygodnia Bibliotek. - Biblioteka Pedagogiczna w Sieradzu Filia w Wieluniu","isPartOf":{"@id":"http:\/\/filiawielun.bpsieradz.pl\/#website"},"primaryImageOfPage":{"@id":"http:\/\/filiawielun.bpsieradz.pl\/?p=1698#primaryimage"},"image":{"@id":"http:\/\/filiawielun.bpsieradz.pl\/?p=1698#primaryimage"},"thumbnailUrl":"https:\/\/filiawielun.bpsieradz.pl\/wp-content\/uploads\/2026\/06\/TB_przedszkola-2.jpg","datePublished":"2026-06-11T11:21:50+00:00","dateModified":"2026-06-11T11:21:51+00:00","breadcrumb":{"@id":"http:\/\/filiawielun.bpsieradz.pl\/?p=1698#breadcrumb"},"inLanguage":"pl-PL","potentialAction":[{"@type":"ReadAction","target":["http:\/\/filiawielun.bpsieradz.pl\/?p=1698"]}]},{"@type":"ImageObject","inLanguage":"pl-PL","@id":"http:\/\/filiawielun.bpsieradz.pl\/?p=1698#primaryimage","url":"https:\/\/filiawielun.bpsieradz.pl\/wp-content\/uploads\/2026\/06\/TB_przedszkola-2.jpg","contentUrl":"https:\/\/filiawielun.bpsieradz.pl\/wp-content\/uploads\/2026\/06\/TB_przedszkola-2.jpg","width":2048,"height":1536},{"@type":"BreadcrumbList","@id":"http:\/\/filiawielun.bpsieradz.pl\/?p=1698#breadcrumb","itemListElement":[{"@type":"ListItem","position":1,"name":"Strona g\u0142\u00f3wna","item":"http:\/\/filiawielun.bpsieradz.pl\/"},{"@type":"ListItem","position":2,"name":"&#8222;Biblioteka. Otwierasz. Odkrywasz&#8221; has\u0142o tegorocznego Tygodnia Bibliotek."}]},{"@type":"WebSite","@id":"http:\/\/filiawielun.bpsieradz.pl\/#website","url":"http:\/\/filiawielun.bpsieradz.pl\/","name":"Biblioteka Pedagogiczna w Sieradzu Filia w Wieluniu","description":"Strona biblioteki","publisher":{"@id":"http:\/\/filiawielun.bpsieradz.pl\/#organization"},"potentialAction":[{"@type":"SearchAction","target":{"@type":"EntryPoint","urlTemplate":"http:\/\/filiawielun.bpsieradz.pl\/?s={search_term_string}"},"query-input":{"@type":"PropertyValueSpecification","valueRequired":true,"valueName":"search_term_string"}}],"inLanguage":"pl-PL"},{"@type":"Organization","@id":"http:\/\/filiawielun.bpsieradz.pl\/#organization","name":"Biblioteka Pedagogiczna w Sieradzu Filia w Wieluniu","url":"http:\/\/filiawielun.bpsieradz.pl\/","logo":{"@type":"ImageObject","inLanguage":"pl-PL","@id":"http:\/\/filiawielun.bpsieradz.pl\/#\/schema\/logo\/image\/","url":"https:\/\/filiawielun.bpsieradz.pl\/wp-content\/uploads\/2025\/04\/cre_lodzkie.webp","contentUrl":"https:\/\/filiawielun.bpsieradz.pl\/wp-content\/uploads\/2025\/04\/cre_lodzkie.webp","width":323,"height":50,"caption":"Biblioteka Pedagogiczna w Sieradzu Filia w Wieluniu"},"image":{"@id":"http:\/\/filiawielun.bpsieradz.pl\/#\/schema\/logo\/image\/"}},{"@type":"Person","@id":"http:\/\/filiawielun.bpsieradz.pl\/#\/schema\/person\/ded83f447e250ee0de21791741e06036","name":"admin","image":{"@type":"ImageObject","inLanguage":"pl-PL","@id":"http:\/\/filiawielun.bpsieradz.pl\/#\/schema\/person\/image\/","url":"https:\/\/secure.gravatar.com\/avatar\/7c9baecea61c950fa0ace417ade1d91ec20251533a476dc4eb52114bf5576b3a?s=96&d=mm&r=g","contentUrl":"https:\/\/secure.gravatar.com\/avatar\/7c9baecea61c950fa0ace417ade1d91ec20251533a476dc4eb52114bf5576b3a?s=96&d=mm&r=g","caption":"admin"},"sameAs":["http:\/\/bpsieradz.pl\/filiawielun1"],"url":"https:\/\/filiawielun.bpsieradz.pl\/?author=1"}]}},"rttpg_featured_image_url":{"full":["https:\/\/filiawielun.bpsieradz.pl\/wp-content\/uploads\/2026\/06\/TB_przedszkola-2.jpg",2048,1536,false],"landscape":["https:\/\/filiawielun.bpsieradz.pl\/wp-content\/uploads\/2026\/06\/TB_przedszkola-2.jpg",2048,1536,false],"portraits":["https:\/\/filiawielun.bpsieradz.pl\/wp-content\/uploads\/2026\/06\/TB_przedszkola-2.jpg",2048,1536,false],"thumbnail":["https:\/\/filiawielun.bpsieradz.pl\/wp-content\/uploads\/2026\/06\/TB_przedszkola-2-150x150.jpg",150,150,true],"medium":["https:\/\/filiawielun.bpsieradz.pl\/wp-content\/uploads\/2026\/06\/TB_przedszkola-2-300x225.jpg",300,225,true],"large":["https:\/\/filiawielun.bpsieradz.pl\/wp-content\/uploads\/2026\/06\/TB_przedszkola-2-1024x768.jpg",800,600,true],"1536x1536":["https:\/\/filiawielun.bpsieradz.pl\/wp-content\/uploads\/2026\/06\/TB_przedszkola-2-1536x1152.jpg",1536,1152,true],"2048x2048":["https:\/\/filiawielun.bpsieradz.pl\/wp-content\/uploads\/2026\/06\/TB_przedszkola-2.jpg",2048,1536,false],"onepress-blog-small":["https:\/\/filiawielun.bpsieradz.pl\/wp-content\/uploads\/2026\/06\/TB_przedszkola-2-300x150.jpg",300,150,true],"onepress-small":["https:\/\/filiawielun.bpsieradz.pl\/wp-content\/uploads\/2026\/06\/TB_przedszkola-2-480x300.jpg",480,300,true],"onepress-medium":["https:\/\/filiawielun.bpsieradz.pl\/wp-content\/uploads\/2026\/06\/TB_przedszkola-2-640x400.jpg",640,400,true]},"rttpg_author":{"display_name":"admin","author_link":"https:\/\/filiawielun.bpsieradz.pl\/?author=1"},"rttpg_comment":0,"rttpg_category":"<a href=\"https:\/\/filiawielun.bpsieradz.pl\/?cat=2\" rel=\"category\">Aktualno\u015bci<\/a>","rttpg_excerpt":"Dzia\u0142ania podj\u0119te w&nbsp; CREW\u0141 w Sieradzu&nbsp; Biblioteka Pedagogiczna w Wieluniu: Zaj\u0119cia edukacyjne dla sze\u015bciolatk\u00f3w z PP nr 2 w Wieluniu. Dzieci wys\u0142ucha\u0142y pi\u0119knej rymowanej opowie\u015bci o empatii i przyja\u017ani, &#8222;Wieloryb, ...","_links":{"self":[{"href":"https:\/\/filiawielun.bpsieradz.pl\/index.php?rest_route=\/wp\/v2\/posts\/1698","targetHints":{"allow":["GET"]}}],"collection":[{"href":"https:\/\/filiawielun.bpsieradz.pl\/index.php?rest_route=\/wp\/v2\/posts"}],"about":[{"href":"https:\/\/filiawielun.bpsieradz.pl\/index.php?rest_route=\/wp\/v2\/types\/post"}],"author":[{"embeddable":true,"href":"https:\/\/filiawielun.bpsieradz.pl\/index.php?rest_route=\/wp\/v2\/users\/1"}],"replies":[{"embeddable":true,"href":"https:\/\/filiawielun.bpsieradz.pl\/index.php?rest_route=%2Fwp%2Fv2%2Fcomments&post=1698"}],"version-history":[{"count":1,"href":"https:\/\/filiawielun.bpsieradz.pl\/index.php?rest_route=\/wp\/v2\/posts\/1698\/revisions"}],"predecessor-version":[{"id":1743,"href":"https:\/\/filiawielun.bpsieradz.pl\/index.php?rest_route=\/wp\/v2\/posts\/1698\/revisions\/1743"}],"wp:featuredmedia":[{"embeddable":true,"href":"https:\/\/filiawielun.bpsieradz.pl\/index.php?rest_route=\/wp\/v2\/media\/1742"}],"wp:attachment":[{"href":"https:\/\/filiawielun.bpsieradz.pl\/index.php?rest_route=%2Fwp%2Fv2%2Fmedia&parent=1698"}],"wp:term":[{"taxonomy":"category","embeddable":true,"href":"https:\/\/filiawielun.bpsieradz.pl\/index.php?rest_route=%2Fwp%2Fv2%2Fcategories&post=1698"},{"taxonomy":"post_tag","embeddable":true,"href":"https:\/\/filiawielun.bpsieradz.pl\/index.php?rest_route=%2Fwp%2Fv2%2Ftags&post=1698"}],"curies":[{"name":"wp","href":"https:\/\/api.w.org\/{rel}","templated":true}]}}