{"id":1680,"date":"2026-05-26T10:08:17","date_gmt":"2026-05-26T10:08:17","guid":{"rendered":"https:\/\/filiawielun.bpsieradz.pl\/?p=1680"},"modified":"2026-05-26T10:08:18","modified_gmt":"2026-05-26T10:08:18","slug":"moj-zdrowy-kolorowy-swiat-konkurs-plastyczny","status":"publish","type":"post","link":"https:\/\/filiawielun.bpsieradz.pl\/?p=1680","title":{"rendered":"\u201eM\u00f3j zdrowy &#8211; kolorowy \u015bwiat\u201d\u00a0 &#8211; konkurs plastyczny!"},"content":{"rendered":"\n<p class=\"wp-block-paragraph\">Organizatorem konkursu by\u0142o Centrum Rozwoju Edukacji Wojew\u00f3dztwa \u0141\u00f3dzkiego w Sieradzu Biblioteka Pedagogiczna w Sieradzu Filia w Wieluniu.<\/p>\n\n\n\n<p class=\"wp-block-paragraph\">Celem konkursu by\u0142o:<\/p>\n\n\n\n<ul class=\"wp-block-list\">\n<li>szerzenie w\u015br\u00f3d dzieci wiedzy na temat zasad zdrowego od\u017cywiania,<\/li>\n\n\n\n<li>promocja zdrowego stylu \u017cycia,<\/li>\n\n\n\n<li>inspirowanie do pracy tw\u00f3rczej i pobudzanie wyobra\u017ani,<\/li>\n\n\n\n<li>rozwijanie r\u00f3\u017cnorodnych form i technik plastycznych.<\/li>\n<\/ul>\n\n\n\n<p class=\"wp-block-paragraph\">Konkurs adresowany by\u0142 do uczni\u00f3w klas 1-3 szk\u00f3\u0142 podstawowych z powiatu wielu\u0144skiego.<\/p>\n\n\n\n<p class=\"wp-block-paragraph\">Przedmiotem konkursu by\u0142 plakat promuj\u0105cy zdrowy styl \u017cycia w roku Profilaktyki Zdrowotnej \u2013 2026!<\/p>\n\n\n\n<p class=\"wp-block-paragraph\">W konkursie wzi\u0119li udzia\u0142 uczniowie:<\/p>\n\n\n\n<ul class=\"wp-block-list\">\n<li>Szko\u0142y Podstawowej im. Henryka Sienkiewicza w Wierzchlesie,<\/li>\n\n\n\n<li>Zespo\u0142u Szk\u00f3\u0142 Specjalnych w Wieluniu,<\/li>\n\n\n\n<li>Publicznej Szko\u0142y Podstawowej z Oddzia\u0142ami Integracyjnymi SPSK w Strugach,<\/li>\n\n\n\n<li>Publicznej Szko\u0142y Podstawowej w Janowie,<\/li>\n\n\n\n<li>Szko\u0142y Podstawowej im. Wincentego Witosa w Rudzie,<\/li>\n\n\n\n<li>Publicznej Szko\u0142y Podstawowej SPSK im. \u015aw. Jana Paw\u0142a II w Kad\u0142ubie,<\/li>\n\n\n\n<li>Szko\u0142y Podstawowej im. Tadeusza Ko\u015bciuszki w Skrzynnie.<\/li>\n<\/ul>\n\n\n\n<p class=\"wp-block-paragraph\">Na konkurs wp\u0142yn\u0119\u0142y 54 prace, kt\u00f3re ocenia\u0142o jury w sk\u0142adzie: Dorota Staszak \u2013 konsultant WODN odzia\u0142 w Wieluniu, Arletta Sip \u2013 nauczyciel bibliotekarz \u2013 Biblioteka Pedagogiczna w Wieruszowie, Iwona Wojdy\u0142a-Udalska \u2013kierownik Biblioteki Pedagogicznej w Wieluniu, El\u017cbieta Walczak \u2013 nauczyciel bibliotekarz &#8211; Biblioteka Pedagogiczna w Wieluniu.<\/p>\n\n\n\n<p class=\"wp-block-paragraph\">Po d\u0142ugich obradach jury przyzna\u0142o:<\/p>\n\n\n\n<p class=\"wp-block-paragraph\"><strong>I miejsce ex aequo<\/strong><\/p>\n\n\n\n<ul class=\"wp-block-list\">\n<li>Lena Bondas \u2013 klasa III \u2013 Publiczna Szko\u0142a Podstawowa w Janowie<\/li>\n\n\n\n<li>Antoni Siwik \u2013 klasa I \u2013 Szko\u0142a Podstawowa im. Wincentego Witosa w Rudzie<\/li>\n<\/ul>\n\n\n\n<p class=\"wp-block-paragraph\"><strong>II miejsce<\/strong><\/p>\n\n\n\n<ul class=\"wp-block-list\">\n<li>Kuba Szkudlarek \u2013 klasa III &#8211; Szko\u0142a Podstawowa im. Henryka Sienkiewicza w Wierzchlesie<\/li>\n<\/ul>\n\n\n\n<p class=\"wp-block-paragraph\"><strong>III miejsce<\/strong><\/p>\n\n\n\n<ul class=\"wp-block-list\">\n<li>Amelia B\u0105k \u2013 klasa II \u2013 Szko\u0142a Podstawowa im. Tadeusza Ko\u015bciuszki w Skrzynnie<\/li>\n<\/ul>\n\n\n\n<p class=\"wp-block-paragraph\"><strong>Wyr\u00f3\u017cnienia:<\/strong><\/p>\n\n\n\n<ul class=\"wp-block-list\">\n<li>Miko\u0142aj Kostrzewski \u2013 klasa II \u2013 Zesp\u00f3\u0142 Szk\u00f3\u0142 Specjalnych w Wieluniu,<\/li>\n\n\n\n<li>Natalia Cie\u015bla \u2013 klasa I \u2013 Publiczna Szko\u0142a Podstawowa z Oddzia\u0142ami Integracyjnymi SPSK w Strugach,<\/li>\n\n\n\n<li>Mi\u0142osz Adamczyk &#8211; klasa II \u2013 Zesp\u00f3\u0142 Szk\u00f3\u0142 Specjalnych w Wieluniu,<\/li>\n\n\n\n<li>Mia Kuleszka \u2013 klasa I \u2013 Szko\u0142a Podstawowa im. Wincentego Witosa w Rudzie,<\/li>\n\n\n\n<li>Patryk Walasik \u2013 klasa II &#8211; Publiczna Szko\u0142a Podstawowa w Janowie,<\/li>\n\n\n\n<li>Hanna Stachulec \u2013 klasa II &#8211;&nbsp; Publiczna Szko\u0142a Podstawowa SPSK im. \u015aw. Jana Paw\u0142a II w Kad\u0142ubie,<\/li>\n\n\n\n<li>Oliwia Grze\u017c\u00f3\u0142kowska \u2013 klasa II \u2013 Zesp\u00f3\u0142 Szkolno-Przedszkolny w Wierzchlesie.<\/li>\n\n\n\n<li>Wszystkim uczniom bardzo dzi\u0119kujemy za udzia\u0142 w konkursie, a nauczycielom za wsp\u00f3\u0142prac\u0119!<\/li>\n<\/ul>\n\n\n\nngg_shortcode_0_placeholder\n","protected":false},"excerpt":{"rendered":"<p>Organizatorem konkursu by\u0142o Centrum Rozwoju Edukacji Wojew\u00f3dztwa \u0141\u00f3dzkiego w Sieradzu Biblioteka Pedagogiczna w Sieradzu Filia w Wieluniu. Celem konkursu by\u0142o: Konkurs adresowany by\u0142 do uczni\u00f3w klas 1-3 szk\u00f3\u0142 podstawowych z &#8230;<\/p>\n","protected":false},"author":1,"featured_media":1695,"comment_status":"closed","ping_status":"open","sticky":false,"template":"","format":"standard","meta":{"ngg_post_thumbnail":0,"footnotes":""},"categories":[2],"tags":[],"class_list":["post-1680","post","type-post","status-publish","format-standard","has-post-thumbnail","hentry","category-aktualnosci"],"yoast_head":"<!-- This site is optimized with the Yoast SEO plugin v25.6 - https:\/\/yoast.com\/wordpress\/plugins\/seo\/ -->\n<title>\u201eM\u00f3j zdrowy - kolorowy \u015bwiat\u201d\u00a0 - konkurs plastyczny! - Biblioteka Pedagogiczna w Sieradzu Filia w Wieluniu<\/title>\n<meta name=\"robots\" content=\"index, follow, max-snippet:-1, max-image-preview:large, max-video-preview:-1\" \/>\n<link rel=\"canonical\" href=\"http:\/\/filiawielun.bpsieradz.pl\/?p=1680\" \/>\n<meta property=\"og:locale\" content=\"pl_PL\" \/>\n<meta property=\"og:type\" content=\"article\" \/>\n<meta property=\"og:title\" content=\"\u201eM\u00f3j zdrowy - kolorowy \u015bwiat\u201d\u00a0 - konkurs plastyczny! - Biblioteka Pedagogiczna w Sieradzu Filia w Wieluniu\" \/>\n<meta property=\"og:description\" content=\"Organizatorem konkursu by\u0142o Centrum Rozwoju Edukacji Wojew\u00f3dztwa \u0141\u00f3dzkiego w Sieradzu Biblioteka Pedagogiczna w Sieradzu Filia w Wieluniu. Celem konkursu by\u0142o: Konkurs adresowany by\u0142 do uczni\u00f3w klas 1-3 szk\u00f3\u0142 podstawowych z ...\" \/>\n<meta property=\"og:url\" content=\"http:\/\/filiawielun.bpsieradz.pl\/?p=1680\" \/>\n<meta property=\"og:site_name\" content=\"Biblioteka Pedagogiczna w Sieradzu Filia w Wieluniu\" \/>\n<meta property=\"article:published_time\" content=\"2026-05-26T10:08:17+00:00\" \/>\n<meta property=\"article:modified_time\" content=\"2026-05-26T10:08:18+00:00\" \/>\n<meta property=\"og:image\" content=\"http:\/\/filiawielun.bpsieradz.pl\/wp-content\/uploads\/2026\/05\/Kolorowy_swiat-01.jpg\" \/>\n\t<meta property=\"og:image:width\" content=\"1057\" \/>\n\t<meta property=\"og:image:height\" content=\"750\" \/>\n\t<meta property=\"og:image:type\" content=\"image\/jpeg\" \/>\n<meta name=\"author\" content=\"admin\" \/>\n<meta name=\"twitter:card\" content=\"summary_large_image\" \/>\n<meta name=\"twitter:label1\" content=\"Napisane przez\" \/>\n\t<meta name=\"twitter:data1\" content=\"admin\" \/>\n\t<meta name=\"twitter:label2\" content=\"Szacowany czas czytania\" \/>\n\t<meta name=\"twitter:data2\" content=\"3 minuty\" \/>\n<script type=\"application\/ld+json\" class=\"yoast-schema-graph\">{\"@context\":\"https:\/\/schema.org\",\"@graph\":[{\"@type\":\"Article\",\"@id\":\"http:\/\/filiawielun.bpsieradz.pl\/?p=1680#article\",\"isPartOf\":{\"@id\":\"http:\/\/filiawielun.bpsieradz.pl\/?p=1680\"},\"author\":{\"name\":\"admin\",\"@id\":\"http:\/\/filiawielun.bpsieradz.pl\/#\/schema\/person\/ded83f447e250ee0de21791741e06036\"},\"headline\":\"\u201eM\u00f3j zdrowy &#8211; kolorowy \u015bwiat\u201d\u00a0 &#8211; konkurs plastyczny!\",\"datePublished\":\"2026-05-26T10:08:17+00:00\",\"dateModified\":\"2026-05-26T10:08:18+00:00\",\"mainEntityOfPage\":{\"@id\":\"http:\/\/filiawielun.bpsieradz.pl\/?p=1680\"},\"wordCount\":384,\"publisher\":{\"@id\":\"http:\/\/filiawielun.bpsieradz.pl\/#organization\"},\"image\":{\"@id\":\"http:\/\/filiawielun.bpsieradz.pl\/?p=1680#primaryimage\"},\"thumbnailUrl\":\"https:\/\/filiawielun.bpsieradz.pl\/wp-content\/uploads\/2026\/05\/Kolorowy_swiat-01.jpg\",\"articleSection\":[\"Aktualno\u015bci\"],\"inLanguage\":\"pl-PL\"},{\"@type\":\"WebPage\",\"@id\":\"http:\/\/filiawielun.bpsieradz.pl\/?p=1680\",\"url\":\"http:\/\/filiawielun.bpsieradz.pl\/?p=1680\",\"name\":\"\u201eM\u00f3j zdrowy - kolorowy \u015bwiat\u201d\u00a0 - konkurs plastyczny! - Biblioteka Pedagogiczna w Sieradzu Filia w Wieluniu\",\"isPartOf\":{\"@id\":\"http:\/\/filiawielun.bpsieradz.pl\/#website\"},\"primaryImageOfPage\":{\"@id\":\"http:\/\/filiawielun.bpsieradz.pl\/?p=1680#primaryimage\"},\"image\":{\"@id\":\"http:\/\/filiawielun.bpsieradz.pl\/?p=1680#primaryimage\"},\"thumbnailUrl\":\"https:\/\/filiawielun.bpsieradz.pl\/wp-content\/uploads\/2026\/05\/Kolorowy_swiat-01.jpg\",\"datePublished\":\"2026-05-26T10:08:17+00:00\",\"dateModified\":\"2026-05-26T10:08:18+00:00\",\"breadcrumb\":{\"@id\":\"http:\/\/filiawielun.bpsieradz.pl\/?p=1680#breadcrumb\"},\"inLanguage\":\"pl-PL\",\"potentialAction\":[{\"@type\":\"ReadAction\",\"target\":[\"http:\/\/filiawielun.bpsieradz.pl\/?p=1680\"]}]},{\"@type\":\"ImageObject\",\"inLanguage\":\"pl-PL\",\"@id\":\"http:\/\/filiawielun.bpsieradz.pl\/?p=1680#primaryimage\",\"url\":\"https:\/\/filiawielun.bpsieradz.pl\/wp-content\/uploads\/2026\/05\/Kolorowy_swiat-01.jpg\",\"contentUrl\":\"https:\/\/filiawielun.bpsieradz.pl\/wp-content\/uploads\/2026\/05\/Kolorowy_swiat-01.jpg\",\"width\":1057,\"height\":750},{\"@type\":\"BreadcrumbList\",\"@id\":\"http:\/\/filiawielun.bpsieradz.pl\/?p=1680#breadcrumb\",\"itemListElement\":[{\"@type\":\"ListItem\",\"position\":1,\"name\":\"Strona g\u0142\u00f3wna\",\"item\":\"http:\/\/filiawielun.bpsieradz.pl\/\"},{\"@type\":\"ListItem\",\"position\":2,\"name\":\"\u201eM\u00f3j zdrowy &#8211; kolorowy \u015bwiat\u201d\u00a0 &#8211; konkurs plastyczny!\"}]},{\"@type\":\"WebSite\",\"@id\":\"http:\/\/filiawielun.bpsieradz.pl\/#website\",\"url\":\"http:\/\/filiawielun.bpsieradz.pl\/\",\"name\":\"Biblioteka Pedagogiczna w Sieradzu Filia w Wieluniu\",\"description\":\"Strona biblioteki\",\"publisher\":{\"@id\":\"http:\/\/filiawielun.bpsieradz.pl\/#organization\"},\"potentialAction\":[{\"@type\":\"SearchAction\",\"target\":{\"@type\":\"EntryPoint\",\"urlTemplate\":\"http:\/\/filiawielun.bpsieradz.pl\/?s={search_term_string}\"},\"query-input\":{\"@type\":\"PropertyValueSpecification\",\"valueRequired\":true,\"valueName\":\"search_term_string\"}}],\"inLanguage\":\"pl-PL\"},{\"@type\":\"Organization\",\"@id\":\"http:\/\/filiawielun.bpsieradz.pl\/#organization\",\"name\":\"Biblioteka Pedagogiczna w Sieradzu Filia w Wieluniu\",\"url\":\"http:\/\/filiawielun.bpsieradz.pl\/\",\"logo\":{\"@type\":\"ImageObject\",\"inLanguage\":\"pl-PL\",\"@id\":\"http:\/\/filiawielun.bpsieradz.pl\/#\/schema\/logo\/image\/\",\"url\":\"https:\/\/filiawielun.bpsieradz.pl\/wp-content\/uploads\/2025\/04\/cre_lodzkie.webp\",\"contentUrl\":\"https:\/\/filiawielun.bpsieradz.pl\/wp-content\/uploads\/2025\/04\/cre_lodzkie.webp\",\"width\":323,\"height\":50,\"caption\":\"Biblioteka Pedagogiczna w Sieradzu Filia w Wieluniu\"},\"image\":{\"@id\":\"http:\/\/filiawielun.bpsieradz.pl\/#\/schema\/logo\/image\/\"}},{\"@type\":\"Person\",\"@id\":\"http:\/\/filiawielun.bpsieradz.pl\/#\/schema\/person\/ded83f447e250ee0de21791741e06036\",\"name\":\"admin\",\"image\":{\"@type\":\"ImageObject\",\"inLanguage\":\"pl-PL\",\"@id\":\"http:\/\/filiawielun.bpsieradz.pl\/#\/schema\/person\/image\/\",\"url\":\"https:\/\/secure.gravatar.com\/avatar\/7c9baecea61c950fa0ace417ade1d91ec20251533a476dc4eb52114bf5576b3a?s=96&d=mm&r=g\",\"contentUrl\":\"https:\/\/secure.gravatar.com\/avatar\/7c9baecea61c950fa0ace417ade1d91ec20251533a476dc4eb52114bf5576b3a?s=96&d=mm&r=g\",\"caption\":\"admin\"},\"sameAs\":[\"http:\/\/bpsieradz.pl\/filiawielun1\"],\"url\":\"https:\/\/filiawielun.bpsieradz.pl\/?author=1\"}]}<\/script>\n<!-- \/ Yoast SEO plugin. -->","yoast_head_json":{"title":"\u201eM\u00f3j zdrowy - kolorowy \u015bwiat\u201d\u00a0 - konkurs plastyczny! - Biblioteka Pedagogiczna w Sieradzu Filia w Wieluniu","robots":{"index":"index","follow":"follow","max-snippet":"max-snippet:-1","max-image-preview":"max-image-preview:large","max-video-preview":"max-video-preview:-1"},"canonical":"http:\/\/filiawielun.bpsieradz.pl\/?p=1680","og_locale":"pl_PL","og_type":"article","og_title":"\u201eM\u00f3j zdrowy - kolorowy \u015bwiat\u201d\u00a0 - konkurs plastyczny! - Biblioteka Pedagogiczna w Sieradzu Filia w Wieluniu","og_description":"Organizatorem konkursu by\u0142o Centrum Rozwoju Edukacji Wojew\u00f3dztwa \u0141\u00f3dzkiego w Sieradzu Biblioteka Pedagogiczna w Sieradzu Filia w Wieluniu. Celem konkursu by\u0142o: Konkurs adresowany by\u0142 do uczni\u00f3w klas 1-3 szk\u00f3\u0142 podstawowych z ...","og_url":"http:\/\/filiawielun.bpsieradz.pl\/?p=1680","og_site_name":"Biblioteka Pedagogiczna w Sieradzu Filia w Wieluniu","article_published_time":"2026-05-26T10:08:17+00:00","article_modified_time":"2026-05-26T10:08:18+00:00","og_image":[{"width":1057,"height":750,"url":"http:\/\/filiawielun.bpsieradz.pl\/wp-content\/uploads\/2026\/05\/Kolorowy_swiat-01.jpg","type":"image\/jpeg"}],"author":"admin","twitter_card":"summary_large_image","twitter_misc":{"Napisane przez":"admin","Szacowany czas czytania":"3 minuty"},"schema":{"@context":"https:\/\/schema.org","@graph":[{"@type":"Article","@id":"http:\/\/filiawielun.bpsieradz.pl\/?p=1680#article","isPartOf":{"@id":"http:\/\/filiawielun.bpsieradz.pl\/?p=1680"},"author":{"name":"admin","@id":"http:\/\/filiawielun.bpsieradz.pl\/#\/schema\/person\/ded83f447e250ee0de21791741e06036"},"headline":"\u201eM\u00f3j zdrowy &#8211; kolorowy \u015bwiat\u201d\u00a0 &#8211; konkurs plastyczny!","datePublished":"2026-05-26T10:08:17+00:00","dateModified":"2026-05-26T10:08:18+00:00","mainEntityOfPage":{"@id":"http:\/\/filiawielun.bpsieradz.pl\/?p=1680"},"wordCount":384,"publisher":{"@id":"http:\/\/filiawielun.bpsieradz.pl\/#organization"},"image":{"@id":"http:\/\/filiawielun.bpsieradz.pl\/?p=1680#primaryimage"},"thumbnailUrl":"https:\/\/filiawielun.bpsieradz.pl\/wp-content\/uploads\/2026\/05\/Kolorowy_swiat-01.jpg","articleSection":["Aktualno\u015bci"],"inLanguage":"pl-PL"},{"@type":"WebPage","@id":"http:\/\/filiawielun.bpsieradz.pl\/?p=1680","url":"http:\/\/filiawielun.bpsieradz.pl\/?p=1680","name":"\u201eM\u00f3j zdrowy - kolorowy \u015bwiat\u201d\u00a0 - konkurs plastyczny! - Biblioteka Pedagogiczna w Sieradzu Filia w Wieluniu","isPartOf":{"@id":"http:\/\/filiawielun.bpsieradz.pl\/#website"},"primaryImageOfPage":{"@id":"http:\/\/filiawielun.bpsieradz.pl\/?p=1680#primaryimage"},"image":{"@id":"http:\/\/filiawielun.bpsieradz.pl\/?p=1680#primaryimage"},"thumbnailUrl":"https:\/\/filiawielun.bpsieradz.pl\/wp-content\/uploads\/2026\/05\/Kolorowy_swiat-01.jpg","datePublished":"2026-05-26T10:08:17+00:00","dateModified":"2026-05-26T10:08:18+00:00","breadcrumb":{"@id":"http:\/\/filiawielun.bpsieradz.pl\/?p=1680#breadcrumb"},"inLanguage":"pl-PL","potentialAction":[{"@type":"ReadAction","target":["http:\/\/filiawielun.bpsieradz.pl\/?p=1680"]}]},{"@type":"ImageObject","inLanguage":"pl-PL","@id":"http:\/\/filiawielun.bpsieradz.pl\/?p=1680#primaryimage","url":"https:\/\/filiawielun.bpsieradz.pl\/wp-content\/uploads\/2026\/05\/Kolorowy_swiat-01.jpg","contentUrl":"https:\/\/filiawielun.bpsieradz.pl\/wp-content\/uploads\/2026\/05\/Kolorowy_swiat-01.jpg","width":1057,"height":750},{"@type":"BreadcrumbList","@id":"http:\/\/filiawielun.bpsieradz.pl\/?p=1680#breadcrumb","itemListElement":[{"@type":"ListItem","position":1,"name":"Strona g\u0142\u00f3wna","item":"http:\/\/filiawielun.bpsieradz.pl\/"},{"@type":"ListItem","position":2,"name":"\u201eM\u00f3j zdrowy &#8211; kolorowy \u015bwiat\u201d\u00a0 &#8211; konkurs plastyczny!"}]},{"@type":"WebSite","@id":"http:\/\/filiawielun.bpsieradz.pl\/#website","url":"http:\/\/filiawielun.bpsieradz.pl\/","name":"Biblioteka Pedagogiczna w Sieradzu Filia w Wieluniu","description":"Strona biblioteki","publisher":{"@id":"http:\/\/filiawielun.bpsieradz.pl\/#organization"},"potentialAction":[{"@type":"SearchAction","target":{"@type":"EntryPoint","urlTemplate":"http:\/\/filiawielun.bpsieradz.pl\/?s={search_term_string}"},"query-input":{"@type":"PropertyValueSpecification","valueRequired":true,"valueName":"search_term_string"}}],"inLanguage":"pl-PL"},{"@type":"Organization","@id":"http:\/\/filiawielun.bpsieradz.pl\/#organization","name":"Biblioteka Pedagogiczna w Sieradzu Filia w Wieluniu","url":"http:\/\/filiawielun.bpsieradz.pl\/","logo":{"@type":"ImageObject","inLanguage":"pl-PL","@id":"http:\/\/filiawielun.bpsieradz.pl\/#\/schema\/logo\/image\/","url":"https:\/\/filiawielun.bpsieradz.pl\/wp-content\/uploads\/2025\/04\/cre_lodzkie.webp","contentUrl":"https:\/\/filiawielun.bpsieradz.pl\/wp-content\/uploads\/2025\/04\/cre_lodzkie.webp","width":323,"height":50,"caption":"Biblioteka Pedagogiczna w Sieradzu Filia w Wieluniu"},"image":{"@id":"http:\/\/filiawielun.bpsieradz.pl\/#\/schema\/logo\/image\/"}},{"@type":"Person","@id":"http:\/\/filiawielun.bpsieradz.pl\/#\/schema\/person\/ded83f447e250ee0de21791741e06036","name":"admin","image":{"@type":"ImageObject","inLanguage":"pl-PL","@id":"http:\/\/filiawielun.bpsieradz.pl\/#\/schema\/person\/image\/","url":"https:\/\/secure.gravatar.com\/avatar\/7c9baecea61c950fa0ace417ade1d91ec20251533a476dc4eb52114bf5576b3a?s=96&d=mm&r=g","contentUrl":"https:\/\/secure.gravatar.com\/avatar\/7c9baecea61c950fa0ace417ade1d91ec20251533a476dc4eb52114bf5576b3a?s=96&d=mm&r=g","caption":"admin"},"sameAs":["http:\/\/bpsieradz.pl\/filiawielun1"],"url":"https:\/\/filiawielun.bpsieradz.pl\/?author=1"}]}},"rttpg_featured_image_url":{"full":["https:\/\/filiawielun.bpsieradz.pl\/wp-content\/uploads\/2026\/05\/Kolorowy_swiat-01.jpg",1057,750,false],"landscape":["https:\/\/filiawielun.bpsieradz.pl\/wp-content\/uploads\/2026\/05\/Kolorowy_swiat-01.jpg",1057,750,false],"portraits":["https:\/\/filiawielun.bpsieradz.pl\/wp-content\/uploads\/2026\/05\/Kolorowy_swiat-01.jpg",1057,750,false],"thumbnail":["https:\/\/filiawielun.bpsieradz.pl\/wp-content\/uploads\/2026\/05\/Kolorowy_swiat-01-150x150.jpg",150,150,true],"medium":["https:\/\/filiawielun.bpsieradz.pl\/wp-content\/uploads\/2026\/05\/Kolorowy_swiat-01-300x213.jpg",300,213,true],"large":["https:\/\/filiawielun.bpsieradz.pl\/wp-content\/uploads\/2026\/05\/Kolorowy_swiat-01-1024x727.jpg",800,568,true],"1536x1536":["https:\/\/filiawielun.bpsieradz.pl\/wp-content\/uploads\/2026\/05\/Kolorowy_swiat-01.jpg",1057,750,false],"2048x2048":["https:\/\/filiawielun.bpsieradz.pl\/wp-content\/uploads\/2026\/05\/Kolorowy_swiat-01.jpg",1057,750,false],"onepress-blog-small":["https:\/\/filiawielun.bpsieradz.pl\/wp-content\/uploads\/2026\/05\/Kolorowy_swiat-01-300x150.jpg",300,150,true],"onepress-small":["https:\/\/filiawielun.bpsieradz.pl\/wp-content\/uploads\/2026\/05\/Kolorowy_swiat-01-480x300.jpg",480,300,true],"onepress-medium":["https:\/\/filiawielun.bpsieradz.pl\/wp-content\/uploads\/2026\/05\/Kolorowy_swiat-01-640x400.jpg",640,400,true]},"rttpg_author":{"display_name":"admin","author_link":"https:\/\/filiawielun.bpsieradz.pl\/?author=1"},"rttpg_comment":0,"rttpg_category":"<a href=\"https:\/\/filiawielun.bpsieradz.pl\/?cat=2\" rel=\"category\">Aktualno\u015bci<\/a>","rttpg_excerpt":"Organizatorem konkursu by\u0142o Centrum Rozwoju Edukacji Wojew\u00f3dztwa \u0141\u00f3dzkiego w Sieradzu Biblioteka Pedagogiczna w Sieradzu Filia w Wieluniu. Celem konkursu by\u0142o: Konkurs adresowany by\u0142 do uczni\u00f3w klas 1-3 szk\u00f3\u0142 podstawowych z ...","_links":{"self":[{"href":"https:\/\/filiawielun.bpsieradz.pl\/index.php?rest_route=\/wp\/v2\/posts\/1680","targetHints":{"allow":["GET"]}}],"collection":[{"href":"https:\/\/filiawielun.bpsieradz.pl\/index.php?rest_route=\/wp\/v2\/posts"}],"about":[{"href":"https:\/\/filiawielun.bpsieradz.pl\/index.php?rest_route=\/wp\/v2\/types\/post"}],"author":[{"embeddable":true,"href":"https:\/\/filiawielun.bpsieradz.pl\/index.php?rest_route=\/wp\/v2\/users\/1"}],"replies":[{"embeddable":true,"href":"https:\/\/filiawielun.bpsieradz.pl\/index.php?rest_route=%2Fwp%2Fv2%2Fcomments&post=1680"}],"version-history":[{"count":1,"href":"https:\/\/filiawielun.bpsieradz.pl\/index.php?rest_route=\/wp\/v2\/posts\/1680\/revisions"}],"predecessor-version":[{"id":1696,"href":"https:\/\/filiawielun.bpsieradz.pl\/index.php?rest_route=\/wp\/v2\/posts\/1680\/revisions\/1696"}],"wp:featuredmedia":[{"embeddable":true,"href":"https:\/\/filiawielun.bpsieradz.pl\/index.php?rest_route=\/wp\/v2\/media\/1695"}],"wp:attachment":[{"href":"https:\/\/filiawielun.bpsieradz.pl\/index.php?rest_route=%2Fwp%2Fv2%2Fmedia&parent=1680"}],"wp:term":[{"taxonomy":"category","embeddable":true,"href":"https:\/\/filiawielun.bpsieradz.pl\/index.php?rest_route=%2Fwp%2Fv2%2Fcategories&post=1680"},{"taxonomy":"post_tag","embeddable":true,"href":"https:\/\/filiawielun.bpsieradz.pl\/index.php?rest_route=%2Fwp%2Fv2%2Ftags&post=1680"}],"curies":[{"name":"wp","href":"https:\/\/api.w.org\/{rel}","templated":true}]}}