{"id":1528,"date":"2025-11-12T07:19:53","date_gmt":"2025-11-12T07:19:53","guid":{"rendered":"https:\/\/filiawielun.bpsieradz.pl\/?p=1528"},"modified":"2025-11-12T07:19:54","modified_gmt":"2025-11-12T07:19:54","slug":"konkurs-recytatorski-strofy-dla-niepodleglej-dla-uczniow-klas-7-8-szkol-podstawowych-z-powiatu-wielunskiego","status":"publish","type":"post","link":"https:\/\/filiawielun.bpsieradz.pl\/?p=1528","title":{"rendered":"Konkurs recytatorski \u201eStrofy dla Niepodleg\u0142ej\u201d dla uczni\u00f3w klas 7-8 szk\u00f3\u0142 podstawowych z powiatu wielu\u0144skiego"},"content":{"rendered":"\n<p class=\"wp-block-paragraph\">5 listopada 2025 roku odby\u0142a si\u0119 I edycja konkursu recytatorskiego \u201eStrofy dla Niepodleg\u0142ej\u201d dla uczni\u00f3w klas 7-8 szk\u00f3\u0142 podstawowych z powiatu wielu\u0144skiego. Organizatorami konkursu by\u0142y: Centrum Rozwoju Edukacji Wojew\u00f3dztwa \u0141\u00f3dzkiego w Sieradzu &#8211; Biblioteka Pedagogiczna Filia w Wieluniu, II Liceum Og\u00f3lnokszta\u0142c\u0105ce im. Janusza Korczaka w Wieluniu oraz Szko\u0142a Podstawowa im. H. Sienkiewicza w Wierzchlesie. Uczestnik\u00f3w powita\u0142y: pani Renata Tatara\u00a0 dyrektor II LO im. J. Korczaka w Wieluniu oraz pani Daniela Danielewska-Matusiak dyrektor Centrum Rozwoju Edukacji Wojew\u00f3dztwa \u0141\u00f3dzkiego w Sieradzu.<\/p>\n\n\n\n<p class=\"wp-block-paragraph\">W konkursie wzi\u0119\u0142o udzia\u0142 30 uczestnik\u00f3w z klas 7-8 szk\u00f3\u0142&nbsp; podstawowych&nbsp; powiatu wielu\u0144skiego. Jury w sk\u0142adzie: pani Daniela Danielewska-Matusiak dyrektor Centrum Rozwoju Edukacji W\u0141 w Sieradzu, pani Dorota Staszak nauczyciel-konsultant CREW\u0141 WODN oddzia\u0142 w Wieluniu, pani Justyna Morawska bibliotekarz II LO im. Janusza Korczaka w Wieluniu oraz&nbsp; pani Joanna Cytarzy\u0144ska nauczyciel-bibliotekarz Biblioteki Pedagogicznej Filia w Paj\u0119cznie, postanowi\u0142o przyzna\u0107 pi\u0119\u0107 nagr\u00f3d g\u0142\u00f3wnych i pi\u0119\u0107 wyr\u00f3\u017cnie\u0144. Nagrody wr\u0119cza\u0142y pani Daniela Danielewska-Matusiak dyrektor Centrum Rozwoju Edukacji Wojew\u00f3dztwa \u0141\u00f3dzkiego w Sieradzu, pani Renata Tatara&nbsp; dyrektor II LO im. Janusza Korczaka w Wieluniu, pani Anna Borgul dyrektor Szko\u0142y Podstawowej im. H. Sienkiewicza&nbsp; w Wierzchlesie. oraz Paulina Kaczmarek nauczyciel-bibliotekarz Szko\u0142y Podstawowej im. H. Sienkiewicza w Wierzchlesie. Nagrody ufundowa\u0142y: CREW\u0141 w Sieradzu oraz Rada Rodzic\u00f3w przy Szkole Podstawowej im. H. Sienkiewicza w Wierzchlesie. Laureaci trzech pierwszych miejsc wezm\u0105 udzia\u0142 w nagraniu swoich recytacji w studio Radia Ziemi Wielu\u0144skiej, a nagrania b\u0119d\u0105 odtwarzane na antenie 11 listopada w Dzie\u0144 Niepodleg\u0142o\u015bci.<\/p>\n\n\n\n<p class=\"wp-block-paragraph\"><strong>Wyniki:<\/strong><\/p>\n\n\n\n<p class=\"wp-block-paragraph\"><strong>Miejsce I<\/strong>&nbsp; &#8211;&nbsp; Laura Krajcer &#8211; Szko\u0142a Podstawowa im. Komisji Edukacji Narodowej w Kurowie<\/p>\n\n\n\n<p class=\"wp-block-paragraph\"><strong>Miejsce II ex aequo<\/strong> &#8211; Maja Ka\u0142do\u0144ska &#8211; Szko\u0142a Podstawowa im. W. Be\u0142zy w Bieni\u0105dzicach oraz Julia W\u0105sowska &#8211; Szko\u0142a Podstawowa nr 2 im. Henryka Sienkiewicza w Wieluniu<\/p>\n\n\n\n<p class=\"wp-block-paragraph\"><strong>Miejsce III ex aequo<\/strong> &#8211; Natalia Rudnicka &#8211; Szko\u0142a Podstawowa nr 5 z Oddzia\u0142ami Integracyjnymi w Wieluniu oraz Oliwia Kuba &#8211; Szko\u0142a Podstawowa nr 5 z Oddzia\u0142ami Integracyjnymi w Wieluniu<\/p>\n\n\n\n<p class=\"wp-block-paragraph\"><strong>Wyr\u00f3\u017cnienia:<\/strong><\/p>\n\n\n\n<p class=\"wp-block-paragraph\">Sofiia Yaresko &#8211; Szko\u0142a Podstawowa nr 2 im. H. Sienkiewicza w Wieluniu<\/p>\n\n\n\n<p class=\"wp-block-paragraph\">Zofia Polak &#8211; Szko\u0142a Podstawowa im. Marii Konopnickiej w Mas\u0142owicach<\/p>\n\n\n\n<p class=\"wp-block-paragraph\">Liliana \u0141ebek \u2013 Publiczna Szko\u0142a Podstawowa w Bia\u0142ej<\/p>\n\n\n\n<p class=\"wp-block-paragraph\">Ma\u0142gorzata \u0141acina &#8211;&nbsp; Szko\u0142a Podstawowa nr 2 im. H. Sienkiewicza w Wieluniu<\/p>\n\n\n\n<p class=\"wp-block-paragraph\">Kinga Konieczna &#8211; Zesp\u00f3\u0142 Szkolno-Przedszkolny w Kraszkowicach<\/p>\n\n\n\n<p class=\"wp-block-paragraph\">Wszystkim uczestnikom dzi\u0119kujemy, a nagrodzonym gratulujemy!<\/p>\n\n\n\n<p class=\"wp-block-paragraph\">Zdj\u0119cia Izabela Kamyk &#8211;&nbsp; Powiatowa Biblioteka Publiczna w Wieluniu.<\/p>\n\n\n\nngg_shortcode_0_placeholder\n","protected":false},"excerpt":{"rendered":"<p>5 listopada 2025 roku odby\u0142a si\u0119 I edycja konkursu recytatorskiego \u201eStrofy dla Niepodleg\u0142ej\u201d dla uczni\u00f3w klas 7-8 szk\u00f3\u0142 podstawowych z powiatu wielu\u0144skiego. Organizatorami konkursu by\u0142y: Centrum Rozwoju Edukacji Wojew\u00f3dztwa \u0141\u00f3dzkiego &#8230;<\/p>\n","protected":false},"author":1,"featured_media":1578,"comment_status":"closed","ping_status":"open","sticky":false,"template":"","format":"standard","meta":{"ngg_post_thumbnail":0,"footnotes":""},"categories":[2],"tags":[],"class_list":["post-1528","post","type-post","status-publish","format-standard","has-post-thumbnail","hentry","category-aktualnosci"],"yoast_head":"<!-- This site is optimized with the Yoast SEO plugin v25.6 - https:\/\/yoast.com\/wordpress\/plugins\/seo\/ -->\n<title>Konkurs recytatorski \u201eStrofy dla Niepodleg\u0142ej\u201d dla uczni\u00f3w klas 7-8 szk\u00f3\u0142 podstawowych z powiatu wielu\u0144skiego - Biblioteka Pedagogiczna w Sieradzu Filia w Wieluniu<\/title>\n<meta name=\"robots\" content=\"index, follow, max-snippet:-1, max-image-preview:large, max-video-preview:-1\" \/>\n<link rel=\"canonical\" href=\"http:\/\/filiawielun.bpsieradz.pl\/?p=1528\" \/>\n<meta property=\"og:locale\" content=\"pl_PL\" \/>\n<meta property=\"og:type\" content=\"article\" \/>\n<meta property=\"og:title\" content=\"Konkurs recytatorski \u201eStrofy dla Niepodleg\u0142ej\u201d dla uczni\u00f3w klas 7-8 szk\u00f3\u0142 podstawowych z powiatu wielu\u0144skiego - Biblioteka Pedagogiczna w Sieradzu Filia w Wieluniu\" \/>\n<meta property=\"og:description\" content=\"5 listopada 2025 roku odby\u0142a si\u0119 I edycja konkursu recytatorskiego \u201eStrofy dla Niepodleg\u0142ej\u201d dla uczni\u00f3w klas 7-8 szk\u00f3\u0142 podstawowych z powiatu wielu\u0144skiego. Organizatorami konkursu by\u0142y: Centrum Rozwoju Edukacji Wojew\u00f3dztwa \u0141\u00f3dzkiego ...\" \/>\n<meta property=\"og:url\" content=\"http:\/\/filiawielun.bpsieradz.pl\/?p=1528\" \/>\n<meta property=\"og:site_name\" content=\"Biblioteka Pedagogiczna w Sieradzu Filia w Wieluniu\" \/>\n<meta property=\"article:published_time\" content=\"2025-11-12T07:19:53+00:00\" \/>\n<meta property=\"article:modified_time\" content=\"2025-11-12T07:19:54+00:00\" \/>\n<meta property=\"og:image\" content=\"http:\/\/filiawielun.bpsieradz.pl\/wp-content\/uploads\/2025\/11\/Strofy-dla-Niepodleglej-33.jpg\" \/>\n\t<meta property=\"og:image:width\" content=\"750\" \/>\n\t<meta property=\"og:image:height\" content=\"1125\" \/>\n\t<meta property=\"og:image:type\" content=\"image\/jpeg\" \/>\n<meta name=\"author\" content=\"admin\" \/>\n<meta name=\"twitter:card\" content=\"summary_large_image\" \/>\n<meta name=\"twitter:label1\" content=\"Napisane przez\" \/>\n\t<meta name=\"twitter:data1\" content=\"admin\" \/>\n\t<meta name=\"twitter:label2\" content=\"Szacowany czas czytania\" \/>\n\t<meta name=\"twitter:data2\" content=\"3 minuty\" \/>\n<script type=\"application\/ld+json\" class=\"yoast-schema-graph\">{\"@context\":\"https:\/\/schema.org\",\"@graph\":[{\"@type\":\"Article\",\"@id\":\"http:\/\/filiawielun.bpsieradz.pl\/?p=1528#article\",\"isPartOf\":{\"@id\":\"http:\/\/filiawielun.bpsieradz.pl\/?p=1528\"},\"author\":{\"name\":\"admin\",\"@id\":\"http:\/\/filiawielun.bpsieradz.pl\/#\/schema\/person\/ded83f447e250ee0de21791741e06036\"},\"headline\":\"Konkurs recytatorski \u201eStrofy dla Niepodleg\u0142ej\u201d dla uczni\u00f3w klas 7-8 szk\u00f3\u0142 podstawowych z powiatu wielu\u0144skiego\",\"datePublished\":\"2025-11-12T07:19:53+00:00\",\"dateModified\":\"2025-11-12T07:19:54+00:00\",\"mainEntityOfPage\":{\"@id\":\"http:\/\/filiawielun.bpsieradz.pl\/?p=1528\"},\"wordCount\":450,\"publisher\":{\"@id\":\"http:\/\/filiawielun.bpsieradz.pl\/#organization\"},\"image\":{\"@id\":\"http:\/\/filiawielun.bpsieradz.pl\/?p=1528#primaryimage\"},\"thumbnailUrl\":\"https:\/\/filiawielun.bpsieradz.pl\/wp-content\/uploads\/2025\/11\/Strofy-dla-Niepodleglej-33.jpg\",\"articleSection\":[\"Aktualno\u015bci\"],\"inLanguage\":\"pl-PL\"},{\"@type\":\"WebPage\",\"@id\":\"http:\/\/filiawielun.bpsieradz.pl\/?p=1528\",\"url\":\"http:\/\/filiawielun.bpsieradz.pl\/?p=1528\",\"name\":\"Konkurs recytatorski \u201eStrofy dla Niepodleg\u0142ej\u201d dla uczni\u00f3w klas 7-8 szk\u00f3\u0142 podstawowych z powiatu wielu\u0144skiego - Biblioteka Pedagogiczna w Sieradzu Filia w Wieluniu\",\"isPartOf\":{\"@id\":\"http:\/\/filiawielun.bpsieradz.pl\/#website\"},\"primaryImageOfPage\":{\"@id\":\"http:\/\/filiawielun.bpsieradz.pl\/?p=1528#primaryimage\"},\"image\":{\"@id\":\"http:\/\/filiawielun.bpsieradz.pl\/?p=1528#primaryimage\"},\"thumbnailUrl\":\"https:\/\/filiawielun.bpsieradz.pl\/wp-content\/uploads\/2025\/11\/Strofy-dla-Niepodleglej-33.jpg\",\"datePublished\":\"2025-11-12T07:19:53+00:00\",\"dateModified\":\"2025-11-12T07:19:54+00:00\",\"breadcrumb\":{\"@id\":\"http:\/\/filiawielun.bpsieradz.pl\/?p=1528#breadcrumb\"},\"inLanguage\":\"pl-PL\",\"potentialAction\":[{\"@type\":\"ReadAction\",\"target\":[\"http:\/\/filiawielun.bpsieradz.pl\/?p=1528\"]}]},{\"@type\":\"ImageObject\",\"inLanguage\":\"pl-PL\",\"@id\":\"http:\/\/filiawielun.bpsieradz.pl\/?p=1528#primaryimage\",\"url\":\"https:\/\/filiawielun.bpsieradz.pl\/wp-content\/uploads\/2025\/11\/Strofy-dla-Niepodleglej-33.jpg\",\"contentUrl\":\"https:\/\/filiawielun.bpsieradz.pl\/wp-content\/uploads\/2025\/11\/Strofy-dla-Niepodleglej-33.jpg\",\"width\":750,\"height\":1125},{\"@type\":\"BreadcrumbList\",\"@id\":\"http:\/\/filiawielun.bpsieradz.pl\/?p=1528#breadcrumb\",\"itemListElement\":[{\"@type\":\"ListItem\",\"position\":1,\"name\":\"Strona g\u0142\u00f3wna\",\"item\":\"http:\/\/filiawielun.bpsieradz.pl\/\"},{\"@type\":\"ListItem\",\"position\":2,\"name\":\"Konkurs recytatorski \u201eStrofy dla Niepodleg\u0142ej\u201d dla uczni\u00f3w klas 7-8 szk\u00f3\u0142 podstawowych z powiatu wielu\u0144skiego\"}]},{\"@type\":\"WebSite\",\"@id\":\"http:\/\/filiawielun.bpsieradz.pl\/#website\",\"url\":\"http:\/\/filiawielun.bpsieradz.pl\/\",\"name\":\"Biblioteka Pedagogiczna w Sieradzu Filia w Wieluniu\",\"description\":\"Strona biblioteki\",\"publisher\":{\"@id\":\"http:\/\/filiawielun.bpsieradz.pl\/#organization\"},\"potentialAction\":[{\"@type\":\"SearchAction\",\"target\":{\"@type\":\"EntryPoint\",\"urlTemplate\":\"http:\/\/filiawielun.bpsieradz.pl\/?s={search_term_string}\"},\"query-input\":{\"@type\":\"PropertyValueSpecification\",\"valueRequired\":true,\"valueName\":\"search_term_string\"}}],\"inLanguage\":\"pl-PL\"},{\"@type\":\"Organization\",\"@id\":\"http:\/\/filiawielun.bpsieradz.pl\/#organization\",\"name\":\"Biblioteka Pedagogiczna w Sieradzu Filia w Wieluniu\",\"url\":\"http:\/\/filiawielun.bpsieradz.pl\/\",\"logo\":{\"@type\":\"ImageObject\",\"inLanguage\":\"pl-PL\",\"@id\":\"http:\/\/filiawielun.bpsieradz.pl\/#\/schema\/logo\/image\/\",\"url\":\"https:\/\/filiawielun.bpsieradz.pl\/wp-content\/uploads\/2025\/04\/cre_lodzkie.webp\",\"contentUrl\":\"https:\/\/filiawielun.bpsieradz.pl\/wp-content\/uploads\/2025\/04\/cre_lodzkie.webp\",\"width\":323,\"height\":50,\"caption\":\"Biblioteka Pedagogiczna w Sieradzu Filia w Wieluniu\"},\"image\":{\"@id\":\"http:\/\/filiawielun.bpsieradz.pl\/#\/schema\/logo\/image\/\"}},{\"@type\":\"Person\",\"@id\":\"http:\/\/filiawielun.bpsieradz.pl\/#\/schema\/person\/ded83f447e250ee0de21791741e06036\",\"name\":\"admin\",\"image\":{\"@type\":\"ImageObject\",\"inLanguage\":\"pl-PL\",\"@id\":\"http:\/\/filiawielun.bpsieradz.pl\/#\/schema\/person\/image\/\",\"url\":\"https:\/\/secure.gravatar.com\/avatar\/7c9baecea61c950fa0ace417ade1d91ec20251533a476dc4eb52114bf5576b3a?s=96&d=mm&r=g\",\"contentUrl\":\"https:\/\/secure.gravatar.com\/avatar\/7c9baecea61c950fa0ace417ade1d91ec20251533a476dc4eb52114bf5576b3a?s=96&d=mm&r=g\",\"caption\":\"admin\"},\"sameAs\":[\"http:\/\/bpsieradz.pl\/filiawielun1\"],\"url\":\"https:\/\/filiawielun.bpsieradz.pl\/?author=1\"}]}<\/script>\n<!-- \/ Yoast SEO plugin. -->","yoast_head_json":{"title":"Konkurs recytatorski \u201eStrofy dla Niepodleg\u0142ej\u201d dla uczni\u00f3w klas 7-8 szk\u00f3\u0142 podstawowych z powiatu wielu\u0144skiego - Biblioteka Pedagogiczna w Sieradzu Filia w Wieluniu","robots":{"index":"index","follow":"follow","max-snippet":"max-snippet:-1","max-image-preview":"max-image-preview:large","max-video-preview":"max-video-preview:-1"},"canonical":"http:\/\/filiawielun.bpsieradz.pl\/?p=1528","og_locale":"pl_PL","og_type":"article","og_title":"Konkurs recytatorski \u201eStrofy dla Niepodleg\u0142ej\u201d dla uczni\u00f3w klas 7-8 szk\u00f3\u0142 podstawowych z powiatu wielu\u0144skiego - Biblioteka Pedagogiczna w Sieradzu Filia w Wieluniu","og_description":"5 listopada 2025 roku odby\u0142a si\u0119 I edycja konkursu recytatorskiego \u201eStrofy dla Niepodleg\u0142ej\u201d dla uczni\u00f3w klas 7-8 szk\u00f3\u0142 podstawowych z powiatu wielu\u0144skiego. Organizatorami konkursu by\u0142y: Centrum Rozwoju Edukacji Wojew\u00f3dztwa \u0141\u00f3dzkiego ...","og_url":"http:\/\/filiawielun.bpsieradz.pl\/?p=1528","og_site_name":"Biblioteka Pedagogiczna w Sieradzu Filia w Wieluniu","article_published_time":"2025-11-12T07:19:53+00:00","article_modified_time":"2025-11-12T07:19:54+00:00","og_image":[{"width":750,"height":1125,"url":"http:\/\/filiawielun.bpsieradz.pl\/wp-content\/uploads\/2025\/11\/Strofy-dla-Niepodleglej-33.jpg","type":"image\/jpeg"}],"author":"admin","twitter_card":"summary_large_image","twitter_misc":{"Napisane przez":"admin","Szacowany czas czytania":"3 minuty"},"schema":{"@context":"https:\/\/schema.org","@graph":[{"@type":"Article","@id":"http:\/\/filiawielun.bpsieradz.pl\/?p=1528#article","isPartOf":{"@id":"http:\/\/filiawielun.bpsieradz.pl\/?p=1528"},"author":{"name":"admin","@id":"http:\/\/filiawielun.bpsieradz.pl\/#\/schema\/person\/ded83f447e250ee0de21791741e06036"},"headline":"Konkurs recytatorski \u201eStrofy dla Niepodleg\u0142ej\u201d dla uczni\u00f3w klas 7-8 szk\u00f3\u0142 podstawowych z powiatu wielu\u0144skiego","datePublished":"2025-11-12T07:19:53+00:00","dateModified":"2025-11-12T07:19:54+00:00","mainEntityOfPage":{"@id":"http:\/\/filiawielun.bpsieradz.pl\/?p=1528"},"wordCount":450,"publisher":{"@id":"http:\/\/filiawielun.bpsieradz.pl\/#organization"},"image":{"@id":"http:\/\/filiawielun.bpsieradz.pl\/?p=1528#primaryimage"},"thumbnailUrl":"https:\/\/filiawielun.bpsieradz.pl\/wp-content\/uploads\/2025\/11\/Strofy-dla-Niepodleglej-33.jpg","articleSection":["Aktualno\u015bci"],"inLanguage":"pl-PL"},{"@type":"WebPage","@id":"http:\/\/filiawielun.bpsieradz.pl\/?p=1528","url":"http:\/\/filiawielun.bpsieradz.pl\/?p=1528","name":"Konkurs recytatorski \u201eStrofy dla Niepodleg\u0142ej\u201d dla uczni\u00f3w klas 7-8 szk\u00f3\u0142 podstawowych z powiatu wielu\u0144skiego - Biblioteka Pedagogiczna w Sieradzu Filia w Wieluniu","isPartOf":{"@id":"http:\/\/filiawielun.bpsieradz.pl\/#website"},"primaryImageOfPage":{"@id":"http:\/\/filiawielun.bpsieradz.pl\/?p=1528#primaryimage"},"image":{"@id":"http:\/\/filiawielun.bpsieradz.pl\/?p=1528#primaryimage"},"thumbnailUrl":"https:\/\/filiawielun.bpsieradz.pl\/wp-content\/uploads\/2025\/11\/Strofy-dla-Niepodleglej-33.jpg","datePublished":"2025-11-12T07:19:53+00:00","dateModified":"2025-11-12T07:19:54+00:00","breadcrumb":{"@id":"http:\/\/filiawielun.bpsieradz.pl\/?p=1528#breadcrumb"},"inLanguage":"pl-PL","potentialAction":[{"@type":"ReadAction","target":["http:\/\/filiawielun.bpsieradz.pl\/?p=1528"]}]},{"@type":"ImageObject","inLanguage":"pl-PL","@id":"http:\/\/filiawielun.bpsieradz.pl\/?p=1528#primaryimage","url":"https:\/\/filiawielun.bpsieradz.pl\/wp-content\/uploads\/2025\/11\/Strofy-dla-Niepodleglej-33.jpg","contentUrl":"https:\/\/filiawielun.bpsieradz.pl\/wp-content\/uploads\/2025\/11\/Strofy-dla-Niepodleglej-33.jpg","width":750,"height":1125},{"@type":"BreadcrumbList","@id":"http:\/\/filiawielun.bpsieradz.pl\/?p=1528#breadcrumb","itemListElement":[{"@type":"ListItem","position":1,"name":"Strona g\u0142\u00f3wna","item":"http:\/\/filiawielun.bpsieradz.pl\/"},{"@type":"ListItem","position":2,"name":"Konkurs recytatorski \u201eStrofy dla Niepodleg\u0142ej\u201d dla uczni\u00f3w klas 7-8 szk\u00f3\u0142 podstawowych z powiatu wielu\u0144skiego"}]},{"@type":"WebSite","@id":"http:\/\/filiawielun.bpsieradz.pl\/#website","url":"http:\/\/filiawielun.bpsieradz.pl\/","name":"Biblioteka Pedagogiczna w Sieradzu Filia w Wieluniu","description":"Strona biblioteki","publisher":{"@id":"http:\/\/filiawielun.bpsieradz.pl\/#organization"},"potentialAction":[{"@type":"SearchAction","target":{"@type":"EntryPoint","urlTemplate":"http:\/\/filiawielun.bpsieradz.pl\/?s={search_term_string}"},"query-input":{"@type":"PropertyValueSpecification","valueRequired":true,"valueName":"search_term_string"}}],"inLanguage":"pl-PL"},{"@type":"Organization","@id":"http:\/\/filiawielun.bpsieradz.pl\/#organization","name":"Biblioteka Pedagogiczna w Sieradzu Filia w Wieluniu","url":"http:\/\/filiawielun.bpsieradz.pl\/","logo":{"@type":"ImageObject","inLanguage":"pl-PL","@id":"http:\/\/filiawielun.bpsieradz.pl\/#\/schema\/logo\/image\/","url":"https:\/\/filiawielun.bpsieradz.pl\/wp-content\/uploads\/2025\/04\/cre_lodzkie.webp","contentUrl":"https:\/\/filiawielun.bpsieradz.pl\/wp-content\/uploads\/2025\/04\/cre_lodzkie.webp","width":323,"height":50,"caption":"Biblioteka Pedagogiczna w Sieradzu Filia w Wieluniu"},"image":{"@id":"http:\/\/filiawielun.bpsieradz.pl\/#\/schema\/logo\/image\/"}},{"@type":"Person","@id":"http:\/\/filiawielun.bpsieradz.pl\/#\/schema\/person\/ded83f447e250ee0de21791741e06036","name":"admin","image":{"@type":"ImageObject","inLanguage":"pl-PL","@id":"http:\/\/filiawielun.bpsieradz.pl\/#\/schema\/person\/image\/","url":"https:\/\/secure.gravatar.com\/avatar\/7c9baecea61c950fa0ace417ade1d91ec20251533a476dc4eb52114bf5576b3a?s=96&d=mm&r=g","contentUrl":"https:\/\/secure.gravatar.com\/avatar\/7c9baecea61c950fa0ace417ade1d91ec20251533a476dc4eb52114bf5576b3a?s=96&d=mm&r=g","caption":"admin"},"sameAs":["http:\/\/bpsieradz.pl\/filiawielun1"],"url":"https:\/\/filiawielun.bpsieradz.pl\/?author=1"}]}},"rttpg_featured_image_url":{"full":["https:\/\/filiawielun.bpsieradz.pl\/wp-content\/uploads\/2025\/11\/Strofy-dla-Niepodleglej-33.jpg",750,1125,false],"landscape":["https:\/\/filiawielun.bpsieradz.pl\/wp-content\/uploads\/2025\/11\/Strofy-dla-Niepodleglej-33.jpg",750,1125,false],"portraits":["https:\/\/filiawielun.bpsieradz.pl\/wp-content\/uploads\/2025\/11\/Strofy-dla-Niepodleglej-33.jpg",750,1125,false],"thumbnail":["https:\/\/filiawielun.bpsieradz.pl\/wp-content\/uploads\/2025\/11\/Strofy-dla-Niepodleglej-33-150x150.jpg",150,150,true],"medium":["https:\/\/filiawielun.bpsieradz.pl\/wp-content\/uploads\/2025\/11\/Strofy-dla-Niepodleglej-33-200x300.jpg",200,300,true],"large":["https:\/\/filiawielun.bpsieradz.pl\/wp-content\/uploads\/2025\/11\/Strofy-dla-Niepodleglej-33-683x1024.jpg",683,1024,true],"1536x1536":["https:\/\/filiawielun.bpsieradz.pl\/wp-content\/uploads\/2025\/11\/Strofy-dla-Niepodleglej-33.jpg",750,1125,false],"2048x2048":["https:\/\/filiawielun.bpsieradz.pl\/wp-content\/uploads\/2025\/11\/Strofy-dla-Niepodleglej-33.jpg",750,1125,false],"onepress-blog-small":["https:\/\/filiawielun.bpsieradz.pl\/wp-content\/uploads\/2025\/11\/Strofy-dla-Niepodleglej-33-300x150.jpg",300,150,true],"onepress-small":["https:\/\/filiawielun.bpsieradz.pl\/wp-content\/uploads\/2025\/11\/Strofy-dla-Niepodleglej-33-480x300.jpg",480,300,true],"onepress-medium":["https:\/\/filiawielun.bpsieradz.pl\/wp-content\/uploads\/2025\/11\/Strofy-dla-Niepodleglej-33-640x400.jpg",640,400,true]},"rttpg_author":{"display_name":"admin","author_link":"https:\/\/filiawielun.bpsieradz.pl\/?author=1"},"rttpg_comment":0,"rttpg_category":"<a href=\"https:\/\/filiawielun.bpsieradz.pl\/?cat=2\" rel=\"category\">Aktualno\u015bci<\/a>","rttpg_excerpt":"5 listopada 2025 roku odby\u0142a si\u0119 I edycja konkursu recytatorskiego \u201eStrofy dla Niepodleg\u0142ej\u201d dla uczni\u00f3w klas 7-8 szk\u00f3\u0142 podstawowych z powiatu wielu\u0144skiego. Organizatorami konkursu by\u0142y: Centrum Rozwoju Edukacji Wojew\u00f3dztwa \u0141\u00f3dzkiego ...","_links":{"self":[{"href":"https:\/\/filiawielun.bpsieradz.pl\/index.php?rest_route=\/wp\/v2\/posts\/1528","targetHints":{"allow":["GET"]}}],"collection":[{"href":"https:\/\/filiawielun.bpsieradz.pl\/index.php?rest_route=\/wp\/v2\/posts"}],"about":[{"href":"https:\/\/filiawielun.bpsieradz.pl\/index.php?rest_route=\/wp\/v2\/types\/post"}],"author":[{"embeddable":true,"href":"https:\/\/filiawielun.bpsieradz.pl\/index.php?rest_route=\/wp\/v2\/users\/1"}],"replies":[{"embeddable":true,"href":"https:\/\/filiawielun.bpsieradz.pl\/index.php?rest_route=%2Fwp%2Fv2%2Fcomments&post=1528"}],"version-history":[{"count":1,"href":"https:\/\/filiawielun.bpsieradz.pl\/index.php?rest_route=\/wp\/v2\/posts\/1528\/revisions"}],"predecessor-version":[{"id":1579,"href":"https:\/\/filiawielun.bpsieradz.pl\/index.php?rest_route=\/wp\/v2\/posts\/1528\/revisions\/1579"}],"wp:featuredmedia":[{"embeddable":true,"href":"https:\/\/filiawielun.bpsieradz.pl\/index.php?rest_route=\/wp\/v2\/media\/1578"}],"wp:attachment":[{"href":"https:\/\/filiawielun.bpsieradz.pl\/index.php?rest_route=%2Fwp%2Fv2%2Fmedia&parent=1528"}],"wp:term":[{"taxonomy":"category","embeddable":true,"href":"https:\/\/filiawielun.bpsieradz.pl\/index.php?rest_route=%2Fwp%2Fv2%2Fcategories&post=1528"},{"taxonomy":"post_tag","embeddable":true,"href":"https:\/\/filiawielun.bpsieradz.pl\/index.php?rest_route=%2Fwp%2Fv2%2Ftags&post=1528"}],"curies":[{"name":"wp","href":"https:\/\/api.w.org\/{rel}","templated":true}]}}