{"id":1488,"date":"2025-11-06T10:00:04","date_gmt":"2025-11-06T10:00:04","guid":{"rendered":"https:\/\/filiawielun.bpsieradz.pl\/?p=1488"},"modified":"2025-11-06T10:00:05","modified_gmt":"2025-11-06T10:00:05","slug":"viii-edycja-konkursu-recytatorskiego-strofy-dla-niepodleglej","status":"publish","type":"post","link":"https:\/\/filiawielun.bpsieradz.pl\/?p=1488","title":{"rendered":"VIII edycja konkursu recytatorskiego \u201eStrofy dla Niepodleg\u0142ej\u201d"},"content":{"rendered":"\n<p class=\"wp-block-paragraph\">4 listopada 2025 roku&nbsp; odby\u0142a si\u0119 VIII edycja konkursu recytatorskiego \u201eStrofy dla Niepodleg\u0142ej\u201d dla uczni\u00f3w szk\u00f3\u0142 ponadpodstawowych z Wielunia. Organizatorami konkursu s\u0105: Centrum Rozwoju Edukacji Wojew\u00f3dztwa \u0141\u00f3dzkiego w Sieradzu &#8211; Biblioteka Pedagogiczna Filia w Wieluniu oraz II Liceum Og\u00f3lnokszta\u0142c\u0105ce im. Janusza Korczaka w Wieluniu.<\/p>\n\n\n\n<p class=\"wp-block-paragraph\">Poezja od zawsze by\u0142a \u015bwiadectwem ducha narodu \u2013 zapisem jego b\u00f3lu, nadziei i zwyci\u0119stwa. Wiersze, kt\u00f3re dzi\u015b wybrzmia\u0142y, przypominaj\u0105 nam, \u017ce niepodleg\u0142o\u015b\u0107 nie jest dana raz na zawsze. To warto\u015b\u0107, kt\u00f3ra trzeba piel\u0119gnowa\u0107 w sercach i czynach, ka\u017cdego dnia \u2013 w trosce o dobro wsp\u00f3lne, prawd\u0119 i cz\u0142owiecze\u0144stwo.<\/p>\n\n\n\n<p class=\"wp-block-paragraph\">Spotkanie to zgromadzi\u0142o m\u0142odych ludzi, kt\u00f3rzy poprzez s\u0142owo pragn\u0105 wyrazi\u0107 mi\u0142o\u015b\u0107 do Ojczyzny, pami\u0119\u0107 o jej historii i szacunek dla tych, kt\u00f3rzy o wolno\u015b\u0107 walczyli. Uczestnik\u00f3w powita\u0142y: pani Renata Tatara dyrektor II LO im. Janusza Korczaka w Wieluniu oraz pani Sylwia D\u0119ga-Fr\u0105tczak wicedyrektor Centrum Rozwoju Edukacji Wojew\u00f3dztwa \u0141\u00f3dzkiego w Sieradzu.<\/p>\n\n\n\n<p class=\"wp-block-paragraph\">W konkursie wzi\u0119\u0142o udzia\u0142 31 uczestnik\u00f3w ze szk\u00f3\u0142 ponadpodstawowych z Wielunia. Jury w sk\u0142adzie: pani Sylwia D\u0119ga-Fr\u0105tczak wicedyrektor Centrum Rozwoju Edukacji W\u0141 w Sieradzu, pani Magdalena Wicher&nbsp; dyrektor Powiatowej Biblioteki Publicznej w Wieluniu, pani Marlena W\u0142odarczyk Dyrektor Miejskiej i Gminnej Biblioteki Publicznej w Wieluniu oraz pani Arleta Sip&nbsp; nauczyciel-bibliotekarz Biblioteki Pedagogicznej Filii w Wieruszowie nie mia\u0142o \u0142atwego zadania. Jury postanowi\u0142o przyzna\u0107 pi\u0119\u0107 nagr\u00f3d g\u0142\u00f3wnych i pi\u0119\u0107 wyr\u00f3\u017cnie\u0144. Nagrody ufundowa\u0142y: CREW\u0141 w Sieradzu oraz Rada Rodzic\u00f3w przy II LO im. Janusza Korczaka w Wieluniu. Laureaci trzech pierwszych miejsc wezm\u0105 udzia\u0142 w nagraniu swoich recytacji w studio Radia Ziemi Wielu\u0144skiej, a nagrania b\u0119d\u0105 odtwarzane na antenie 11 listopada w Dzie\u0144 Niepodleg\u0142o\u015bci.<\/p>\n\n\n\n<p class=\"wp-block-paragraph\">Miejsce I\u00a0 &#8211;\u00a0 <strong>Paulina Trocha<\/strong> II LO im. Janusza Korczaka w Wieluniu<\/p>\n\n\n\n<p class=\"wp-block-paragraph\">Miejsce II ex aequo\u00a0 <strong>Agata Kukuczka<\/strong> &#8211; I LO im. Tadeusza Ko\u015bciuszki w Wieluniu oraz <strong>Alicja Marciniak<\/strong> &#8211; II LO im. Janusza Korczaka w Wieluniu<\/p>\n\n\n\n<p class=\"wp-block-paragraph\">Miejsce III ex aequo\u00a0 <strong>Maja Cie\u015bla<\/strong> &#8211; II LO im. Janusza Korczaka w Wieluniu oraz <strong>Adam Zawada<\/strong> &#8211; I LO im. Tadeusza Ko\u015bciuszki w Wieluniu.<\/p>\n\n\n\n<p class=\"wp-block-paragraph\">Wyr\u00f3\u017cnienia otrzymali:<\/p>\n\n\n\n<p class=\"wp-block-paragraph\"><strong>Micha\u0142 Bandera<\/strong> &#8211; II LO im. Janusza Korczaka w Wieluniu,<\/p>\n\n\n\n<p class=\"wp-block-paragraph\"><strong>\u0141ucja Strzelczyk<\/strong> &#8211; I LO im. Tadeusza Ko\u015bciuszki w Wieluniu,<\/p>\n\n\n\n<p class=\"wp-block-paragraph\"><strong>Hubert Parzyjag\u0142a<\/strong> &#8211;\u00a0 II LO im. Janusza Korczaka w Wieluniu,<\/p>\n\n\n\n<p class=\"wp-block-paragraph\"><strong>Micha\u0142 Olejnik<\/strong>\u00a0 &#8211; II LO im. Janusza Korczaka w Wieluniu,<\/p>\n\n\n\n<p class=\"wp-block-paragraph\"><strong>Ksawery Zawadzki<\/strong> &#8211; I LO im. Tadeusza Ko\u015bciuszki w Wieluniu.<\/p>\n\n\n\n<p class=\"wp-block-paragraph\">Gratulacje!!!<\/p>\n\n\n\n<p class=\"wp-block-paragraph\">Zdj\u0119cia \u2013 Izabela Kamyk z Publicznej Biblioteki Powiatowej w Wieluniu.<\/p>\n\n\n\nngg_shortcode_0_placeholder\n","protected":false},"excerpt":{"rendered":"<p>4 listopada 2025 roku&nbsp; odby\u0142a si\u0119 VIII edycja konkursu recytatorskiego \u201eStrofy dla Niepodleg\u0142ej\u201d dla uczni\u00f3w szk\u00f3\u0142 ponadpodstawowych z Wielunia. Organizatorami konkursu s\u0105: Centrum Rozwoju Edukacji Wojew\u00f3dztwa \u0141\u00f3dzkiego w Sieradzu &#8211; &#8230;<\/p>\n","protected":false},"author":1,"featured_media":1526,"comment_status":"closed","ping_status":"open","sticky":false,"template":"","format":"standard","meta":{"ngg_post_thumbnail":0,"footnotes":""},"categories":[2],"tags":[],"class_list":["post-1488","post","type-post","status-publish","format-standard","has-post-thumbnail","hentry","category-aktualnosci"],"yoast_head":"<!-- This site is optimized with the Yoast SEO plugin v25.6 - https:\/\/yoast.com\/wordpress\/plugins\/seo\/ -->\n<title>VIII edycja konkursu recytatorskiego \u201eStrofy dla Niepodleg\u0142ej\u201d - Biblioteka Pedagogiczna w Sieradzu Filia w Wieluniu<\/title>\n<meta name=\"robots\" content=\"index, follow, max-snippet:-1, max-image-preview:large, max-video-preview:-1\" \/>\n<link rel=\"canonical\" href=\"http:\/\/filiawielun.bpsieradz.pl\/?p=1488\" \/>\n<meta property=\"og:locale\" content=\"pl_PL\" \/>\n<meta property=\"og:type\" content=\"article\" \/>\n<meta property=\"og:title\" content=\"VIII edycja konkursu recytatorskiego \u201eStrofy dla Niepodleg\u0142ej\u201d - Biblioteka Pedagogiczna w Sieradzu Filia w Wieluniu\" \/>\n<meta property=\"og:description\" content=\"4 listopada 2025 roku&nbsp; odby\u0142a si\u0119 VIII edycja konkursu recytatorskiego \u201eStrofy dla Niepodleg\u0142ej\u201d dla uczni\u00f3w szk\u00f3\u0142 ponadpodstawowych z Wielunia. Organizatorami konkursu s\u0105: Centrum Rozwoju Edukacji Wojew\u00f3dztwa \u0141\u00f3dzkiego w Sieradzu &#8211; ...\" \/>\n<meta property=\"og:url\" content=\"http:\/\/filiawielun.bpsieradz.pl\/?p=1488\" \/>\n<meta property=\"og:site_name\" content=\"Biblioteka Pedagogiczna w Sieradzu Filia w Wieluniu\" \/>\n<meta property=\"article:published_time\" content=\"2025-11-06T10:00:04+00:00\" \/>\n<meta property=\"article:modified_time\" content=\"2025-11-06T10:00:05+00:00\" \/>\n<meta property=\"og:image\" content=\"http:\/\/filiawielun.bpsieradz.pl\/wp-content\/uploads\/2025\/11\/Strofy-dla-Niepodleglej-36.jpg\" \/>\n\t<meta property=\"og:image:width\" content=\"1331\" \/>\n\t<meta property=\"og:image:height\" content=\"750\" \/>\n\t<meta property=\"og:image:type\" content=\"image\/jpeg\" \/>\n<meta name=\"author\" content=\"admin\" \/>\n<meta name=\"twitter:card\" content=\"summary_large_image\" \/>\n<meta name=\"twitter:label1\" content=\"Napisane przez\" \/>\n\t<meta name=\"twitter:data1\" content=\"admin\" \/>\n\t<meta name=\"twitter:label2\" content=\"Szacowany czas czytania\" \/>\n\t<meta name=\"twitter:data2\" content=\"3 minuty\" \/>\n<script type=\"application\/ld+json\" class=\"yoast-schema-graph\">{\"@context\":\"https:\/\/schema.org\",\"@graph\":[{\"@type\":\"Article\",\"@id\":\"http:\/\/filiawielun.bpsieradz.pl\/?p=1488#article\",\"isPartOf\":{\"@id\":\"http:\/\/filiawielun.bpsieradz.pl\/?p=1488\"},\"author\":{\"name\":\"admin\",\"@id\":\"http:\/\/filiawielun.bpsieradz.pl\/#\/schema\/person\/ded83f447e250ee0de21791741e06036\"},\"headline\":\"VIII edycja konkursu recytatorskiego \u201eStrofy dla Niepodleg\u0142ej\u201d\",\"datePublished\":\"2025-11-06T10:00:04+00:00\",\"dateModified\":\"2025-11-06T10:00:05+00:00\",\"mainEntityOfPage\":{\"@id\":\"http:\/\/filiawielun.bpsieradz.pl\/?p=1488\"},\"wordCount\":444,\"publisher\":{\"@id\":\"http:\/\/filiawielun.bpsieradz.pl\/#organization\"},\"image\":{\"@id\":\"http:\/\/filiawielun.bpsieradz.pl\/?p=1488#primaryimage\"},\"thumbnailUrl\":\"https:\/\/filiawielun.bpsieradz.pl\/wp-content\/uploads\/2025\/11\/Strofy-dla-Niepodleglej-36.jpg\",\"articleSection\":[\"Aktualno\u015bci\"],\"inLanguage\":\"pl-PL\"},{\"@type\":\"WebPage\",\"@id\":\"http:\/\/filiawielun.bpsieradz.pl\/?p=1488\",\"url\":\"http:\/\/filiawielun.bpsieradz.pl\/?p=1488\",\"name\":\"VIII edycja konkursu recytatorskiego \u201eStrofy dla Niepodleg\u0142ej\u201d - Biblioteka Pedagogiczna w Sieradzu Filia w Wieluniu\",\"isPartOf\":{\"@id\":\"http:\/\/filiawielun.bpsieradz.pl\/#website\"},\"primaryImageOfPage\":{\"@id\":\"http:\/\/filiawielun.bpsieradz.pl\/?p=1488#primaryimage\"},\"image\":{\"@id\":\"http:\/\/filiawielun.bpsieradz.pl\/?p=1488#primaryimage\"},\"thumbnailUrl\":\"https:\/\/filiawielun.bpsieradz.pl\/wp-content\/uploads\/2025\/11\/Strofy-dla-Niepodleglej-36.jpg\",\"datePublished\":\"2025-11-06T10:00:04+00:00\",\"dateModified\":\"2025-11-06T10:00:05+00:00\",\"breadcrumb\":{\"@id\":\"http:\/\/filiawielun.bpsieradz.pl\/?p=1488#breadcrumb\"},\"inLanguage\":\"pl-PL\",\"potentialAction\":[{\"@type\":\"ReadAction\",\"target\":[\"http:\/\/filiawielun.bpsieradz.pl\/?p=1488\"]}]},{\"@type\":\"ImageObject\",\"inLanguage\":\"pl-PL\",\"@id\":\"http:\/\/filiawielun.bpsieradz.pl\/?p=1488#primaryimage\",\"url\":\"https:\/\/filiawielun.bpsieradz.pl\/wp-content\/uploads\/2025\/11\/Strofy-dla-Niepodleglej-36.jpg\",\"contentUrl\":\"https:\/\/filiawielun.bpsieradz.pl\/wp-content\/uploads\/2025\/11\/Strofy-dla-Niepodleglej-36.jpg\",\"width\":1331,\"height\":750},{\"@type\":\"BreadcrumbList\",\"@id\":\"http:\/\/filiawielun.bpsieradz.pl\/?p=1488#breadcrumb\",\"itemListElement\":[{\"@type\":\"ListItem\",\"position\":1,\"name\":\"Strona g\u0142\u00f3wna\",\"item\":\"http:\/\/filiawielun.bpsieradz.pl\/\"},{\"@type\":\"ListItem\",\"position\":2,\"name\":\"VIII edycja konkursu recytatorskiego \u201eStrofy dla Niepodleg\u0142ej\u201d\"}]},{\"@type\":\"WebSite\",\"@id\":\"http:\/\/filiawielun.bpsieradz.pl\/#website\",\"url\":\"http:\/\/filiawielun.bpsieradz.pl\/\",\"name\":\"Biblioteka Pedagogiczna w Sieradzu Filia w Wieluniu\",\"description\":\"Strona biblioteki\",\"publisher\":{\"@id\":\"http:\/\/filiawielun.bpsieradz.pl\/#organization\"},\"potentialAction\":[{\"@type\":\"SearchAction\",\"target\":{\"@type\":\"EntryPoint\",\"urlTemplate\":\"http:\/\/filiawielun.bpsieradz.pl\/?s={search_term_string}\"},\"query-input\":{\"@type\":\"PropertyValueSpecification\",\"valueRequired\":true,\"valueName\":\"search_term_string\"}}],\"inLanguage\":\"pl-PL\"},{\"@type\":\"Organization\",\"@id\":\"http:\/\/filiawielun.bpsieradz.pl\/#organization\",\"name\":\"Biblioteka Pedagogiczna w Sieradzu Filia w Wieluniu\",\"url\":\"http:\/\/filiawielun.bpsieradz.pl\/\",\"logo\":{\"@type\":\"ImageObject\",\"inLanguage\":\"pl-PL\",\"@id\":\"http:\/\/filiawielun.bpsieradz.pl\/#\/schema\/logo\/image\/\",\"url\":\"https:\/\/filiawielun.bpsieradz.pl\/wp-content\/uploads\/2025\/04\/cre_lodzkie.webp\",\"contentUrl\":\"https:\/\/filiawielun.bpsieradz.pl\/wp-content\/uploads\/2025\/04\/cre_lodzkie.webp\",\"width\":323,\"height\":50,\"caption\":\"Biblioteka Pedagogiczna w Sieradzu Filia w Wieluniu\"},\"image\":{\"@id\":\"http:\/\/filiawielun.bpsieradz.pl\/#\/schema\/logo\/image\/\"}},{\"@type\":\"Person\",\"@id\":\"http:\/\/filiawielun.bpsieradz.pl\/#\/schema\/person\/ded83f447e250ee0de21791741e06036\",\"name\":\"admin\",\"image\":{\"@type\":\"ImageObject\",\"inLanguage\":\"pl-PL\",\"@id\":\"http:\/\/filiawielun.bpsieradz.pl\/#\/schema\/person\/image\/\",\"url\":\"https:\/\/secure.gravatar.com\/avatar\/7c9baecea61c950fa0ace417ade1d91ec20251533a476dc4eb52114bf5576b3a?s=96&d=mm&r=g\",\"contentUrl\":\"https:\/\/secure.gravatar.com\/avatar\/7c9baecea61c950fa0ace417ade1d91ec20251533a476dc4eb52114bf5576b3a?s=96&d=mm&r=g\",\"caption\":\"admin\"},\"sameAs\":[\"http:\/\/bpsieradz.pl\/filiawielun1\"],\"url\":\"https:\/\/filiawielun.bpsieradz.pl\/?author=1\"}]}<\/script>\n<!-- \/ Yoast SEO plugin. -->","yoast_head_json":{"title":"VIII edycja konkursu recytatorskiego \u201eStrofy dla Niepodleg\u0142ej\u201d - Biblioteka Pedagogiczna w Sieradzu Filia w Wieluniu","robots":{"index":"index","follow":"follow","max-snippet":"max-snippet:-1","max-image-preview":"max-image-preview:large","max-video-preview":"max-video-preview:-1"},"canonical":"http:\/\/filiawielun.bpsieradz.pl\/?p=1488","og_locale":"pl_PL","og_type":"article","og_title":"VIII edycja konkursu recytatorskiego \u201eStrofy dla Niepodleg\u0142ej\u201d - Biblioteka Pedagogiczna w Sieradzu Filia w Wieluniu","og_description":"4 listopada 2025 roku&nbsp; odby\u0142a si\u0119 VIII edycja konkursu recytatorskiego \u201eStrofy dla Niepodleg\u0142ej\u201d dla uczni\u00f3w szk\u00f3\u0142 ponadpodstawowych z Wielunia. Organizatorami konkursu s\u0105: Centrum Rozwoju Edukacji Wojew\u00f3dztwa \u0141\u00f3dzkiego w Sieradzu &#8211; ...","og_url":"http:\/\/filiawielun.bpsieradz.pl\/?p=1488","og_site_name":"Biblioteka Pedagogiczna w Sieradzu Filia w Wieluniu","article_published_time":"2025-11-06T10:00:04+00:00","article_modified_time":"2025-11-06T10:00:05+00:00","og_image":[{"width":1331,"height":750,"url":"http:\/\/filiawielun.bpsieradz.pl\/wp-content\/uploads\/2025\/11\/Strofy-dla-Niepodleglej-36.jpg","type":"image\/jpeg"}],"author":"admin","twitter_card":"summary_large_image","twitter_misc":{"Napisane przez":"admin","Szacowany czas czytania":"3 minuty"},"schema":{"@context":"https:\/\/schema.org","@graph":[{"@type":"Article","@id":"http:\/\/filiawielun.bpsieradz.pl\/?p=1488#article","isPartOf":{"@id":"http:\/\/filiawielun.bpsieradz.pl\/?p=1488"},"author":{"name":"admin","@id":"http:\/\/filiawielun.bpsieradz.pl\/#\/schema\/person\/ded83f447e250ee0de21791741e06036"},"headline":"VIII edycja konkursu recytatorskiego \u201eStrofy dla Niepodleg\u0142ej\u201d","datePublished":"2025-11-06T10:00:04+00:00","dateModified":"2025-11-06T10:00:05+00:00","mainEntityOfPage":{"@id":"http:\/\/filiawielun.bpsieradz.pl\/?p=1488"},"wordCount":444,"publisher":{"@id":"http:\/\/filiawielun.bpsieradz.pl\/#organization"},"image":{"@id":"http:\/\/filiawielun.bpsieradz.pl\/?p=1488#primaryimage"},"thumbnailUrl":"https:\/\/filiawielun.bpsieradz.pl\/wp-content\/uploads\/2025\/11\/Strofy-dla-Niepodleglej-36.jpg","articleSection":["Aktualno\u015bci"],"inLanguage":"pl-PL"},{"@type":"WebPage","@id":"http:\/\/filiawielun.bpsieradz.pl\/?p=1488","url":"http:\/\/filiawielun.bpsieradz.pl\/?p=1488","name":"VIII edycja konkursu recytatorskiego \u201eStrofy dla Niepodleg\u0142ej\u201d - Biblioteka Pedagogiczna w Sieradzu Filia w Wieluniu","isPartOf":{"@id":"http:\/\/filiawielun.bpsieradz.pl\/#website"},"primaryImageOfPage":{"@id":"http:\/\/filiawielun.bpsieradz.pl\/?p=1488#primaryimage"},"image":{"@id":"http:\/\/filiawielun.bpsieradz.pl\/?p=1488#primaryimage"},"thumbnailUrl":"https:\/\/filiawielun.bpsieradz.pl\/wp-content\/uploads\/2025\/11\/Strofy-dla-Niepodleglej-36.jpg","datePublished":"2025-11-06T10:00:04+00:00","dateModified":"2025-11-06T10:00:05+00:00","breadcrumb":{"@id":"http:\/\/filiawielun.bpsieradz.pl\/?p=1488#breadcrumb"},"inLanguage":"pl-PL","potentialAction":[{"@type":"ReadAction","target":["http:\/\/filiawielun.bpsieradz.pl\/?p=1488"]}]},{"@type":"ImageObject","inLanguage":"pl-PL","@id":"http:\/\/filiawielun.bpsieradz.pl\/?p=1488#primaryimage","url":"https:\/\/filiawielun.bpsieradz.pl\/wp-content\/uploads\/2025\/11\/Strofy-dla-Niepodleglej-36.jpg","contentUrl":"https:\/\/filiawielun.bpsieradz.pl\/wp-content\/uploads\/2025\/11\/Strofy-dla-Niepodleglej-36.jpg","width":1331,"height":750},{"@type":"BreadcrumbList","@id":"http:\/\/filiawielun.bpsieradz.pl\/?p=1488#breadcrumb","itemListElement":[{"@type":"ListItem","position":1,"name":"Strona g\u0142\u00f3wna","item":"http:\/\/filiawielun.bpsieradz.pl\/"},{"@type":"ListItem","position":2,"name":"VIII edycja konkursu recytatorskiego \u201eStrofy dla Niepodleg\u0142ej\u201d"}]},{"@type":"WebSite","@id":"http:\/\/filiawielun.bpsieradz.pl\/#website","url":"http:\/\/filiawielun.bpsieradz.pl\/","name":"Biblioteka Pedagogiczna w Sieradzu Filia w Wieluniu","description":"Strona biblioteki","publisher":{"@id":"http:\/\/filiawielun.bpsieradz.pl\/#organization"},"potentialAction":[{"@type":"SearchAction","target":{"@type":"EntryPoint","urlTemplate":"http:\/\/filiawielun.bpsieradz.pl\/?s={search_term_string}"},"query-input":{"@type":"PropertyValueSpecification","valueRequired":true,"valueName":"search_term_string"}}],"inLanguage":"pl-PL"},{"@type":"Organization","@id":"http:\/\/filiawielun.bpsieradz.pl\/#organization","name":"Biblioteka Pedagogiczna w Sieradzu Filia w Wieluniu","url":"http:\/\/filiawielun.bpsieradz.pl\/","logo":{"@type":"ImageObject","inLanguage":"pl-PL","@id":"http:\/\/filiawielun.bpsieradz.pl\/#\/schema\/logo\/image\/","url":"https:\/\/filiawielun.bpsieradz.pl\/wp-content\/uploads\/2025\/04\/cre_lodzkie.webp","contentUrl":"https:\/\/filiawielun.bpsieradz.pl\/wp-content\/uploads\/2025\/04\/cre_lodzkie.webp","width":323,"height":50,"caption":"Biblioteka Pedagogiczna w Sieradzu Filia w Wieluniu"},"image":{"@id":"http:\/\/filiawielun.bpsieradz.pl\/#\/schema\/logo\/image\/"}},{"@type":"Person","@id":"http:\/\/filiawielun.bpsieradz.pl\/#\/schema\/person\/ded83f447e250ee0de21791741e06036","name":"admin","image":{"@type":"ImageObject","inLanguage":"pl-PL","@id":"http:\/\/filiawielun.bpsieradz.pl\/#\/schema\/person\/image\/","url":"https:\/\/secure.gravatar.com\/avatar\/7c9baecea61c950fa0ace417ade1d91ec20251533a476dc4eb52114bf5576b3a?s=96&d=mm&r=g","contentUrl":"https:\/\/secure.gravatar.com\/avatar\/7c9baecea61c950fa0ace417ade1d91ec20251533a476dc4eb52114bf5576b3a?s=96&d=mm&r=g","caption":"admin"},"sameAs":["http:\/\/bpsieradz.pl\/filiawielun1"],"url":"https:\/\/filiawielun.bpsieradz.pl\/?author=1"}]}},"rttpg_featured_image_url":{"full":["https:\/\/filiawielun.bpsieradz.pl\/wp-content\/uploads\/2025\/11\/Strofy-dla-Niepodleglej-36.jpg",1331,750,false],"landscape":["https:\/\/filiawielun.bpsieradz.pl\/wp-content\/uploads\/2025\/11\/Strofy-dla-Niepodleglej-36.jpg",1331,750,false],"portraits":["https:\/\/filiawielun.bpsieradz.pl\/wp-content\/uploads\/2025\/11\/Strofy-dla-Niepodleglej-36.jpg",1331,750,false],"thumbnail":["https:\/\/filiawielun.bpsieradz.pl\/wp-content\/uploads\/2025\/11\/Strofy-dla-Niepodleglej-36-150x150.jpg",150,150,true],"medium":["https:\/\/filiawielun.bpsieradz.pl\/wp-content\/uploads\/2025\/11\/Strofy-dla-Niepodleglej-36-300x169.jpg",300,169,true],"large":["https:\/\/filiawielun.bpsieradz.pl\/wp-content\/uploads\/2025\/11\/Strofy-dla-Niepodleglej-36-1024x577.jpg",800,451,true],"1536x1536":["https:\/\/filiawielun.bpsieradz.pl\/wp-content\/uploads\/2025\/11\/Strofy-dla-Niepodleglej-36.jpg",1331,750,false],"2048x2048":["https:\/\/filiawielun.bpsieradz.pl\/wp-content\/uploads\/2025\/11\/Strofy-dla-Niepodleglej-36.jpg",1331,750,false],"onepress-blog-small":["https:\/\/filiawielun.bpsieradz.pl\/wp-content\/uploads\/2025\/11\/Strofy-dla-Niepodleglej-36-300x150.jpg",300,150,true],"onepress-small":["https:\/\/filiawielun.bpsieradz.pl\/wp-content\/uploads\/2025\/11\/Strofy-dla-Niepodleglej-36-480x300.jpg",480,300,true],"onepress-medium":["https:\/\/filiawielun.bpsieradz.pl\/wp-content\/uploads\/2025\/11\/Strofy-dla-Niepodleglej-36-640x400.jpg",640,400,true]},"rttpg_author":{"display_name":"admin","author_link":"https:\/\/filiawielun.bpsieradz.pl\/?author=1"},"rttpg_comment":0,"rttpg_category":"<a href=\"https:\/\/filiawielun.bpsieradz.pl\/?cat=2\" rel=\"category\">Aktualno\u015bci<\/a>","rttpg_excerpt":"4 listopada 2025 roku&nbsp; odby\u0142a si\u0119 VIII edycja konkursu recytatorskiego \u201eStrofy dla Niepodleg\u0142ej\u201d dla uczni\u00f3w szk\u00f3\u0142 ponadpodstawowych z Wielunia. Organizatorami konkursu s\u0105: Centrum Rozwoju Edukacji Wojew\u00f3dztwa \u0141\u00f3dzkiego w Sieradzu &#8211; ...","_links":{"self":[{"href":"https:\/\/filiawielun.bpsieradz.pl\/index.php?rest_route=\/wp\/v2\/posts\/1488","targetHints":{"allow":["GET"]}}],"collection":[{"href":"https:\/\/filiawielun.bpsieradz.pl\/index.php?rest_route=\/wp\/v2\/posts"}],"about":[{"href":"https:\/\/filiawielun.bpsieradz.pl\/index.php?rest_route=\/wp\/v2\/types\/post"}],"author":[{"embeddable":true,"href":"https:\/\/filiawielun.bpsieradz.pl\/index.php?rest_route=\/wp\/v2\/users\/1"}],"replies":[{"embeddable":true,"href":"https:\/\/filiawielun.bpsieradz.pl\/index.php?rest_route=%2Fwp%2Fv2%2Fcomments&post=1488"}],"version-history":[{"count":1,"href":"https:\/\/filiawielun.bpsieradz.pl\/index.php?rest_route=\/wp\/v2\/posts\/1488\/revisions"}],"predecessor-version":[{"id":1527,"href":"https:\/\/filiawielun.bpsieradz.pl\/index.php?rest_route=\/wp\/v2\/posts\/1488\/revisions\/1527"}],"wp:featuredmedia":[{"embeddable":true,"href":"https:\/\/filiawielun.bpsieradz.pl\/index.php?rest_route=\/wp\/v2\/media\/1526"}],"wp:attachment":[{"href":"https:\/\/filiawielun.bpsieradz.pl\/index.php?rest_route=%2Fwp%2Fv2%2Fmedia&parent=1488"}],"wp:term":[{"taxonomy":"category","embeddable":true,"href":"https:\/\/filiawielun.bpsieradz.pl\/index.php?rest_route=%2Fwp%2Fv2%2Fcategories&post=1488"},{"taxonomy":"post_tag","embeddable":true,"href":"https:\/\/filiawielun.bpsieradz.pl\/index.php?rest_route=%2Fwp%2Fv2%2Ftags&post=1488"}],"curies":[{"name":"wp","href":"https:\/\/api.w.org\/{rel}","templated":true}]}}