{"id":1464,"date":"2025-10-03T07:25:30","date_gmt":"2025-10-03T07:25:30","guid":{"rendered":"https:\/\/filiawielun.bpsieradz.pl\/?p=1464"},"modified":"2025-10-03T07:39:34","modified_gmt":"2025-10-03T07:39:34","slug":"strofy-dla-niepodleglej-2","status":"publish","type":"post","link":"https:\/\/filiawielun.bpsieradz.pl\/?p=1464","title":{"rendered":"Strofy dla Niepodleg\u0142ej &#8211; konkurs dla uczni\u00f3w klas 7-8 szk\u00f3\u0142 podstawowych"},"content":{"rendered":"\n<figure class=\"wp-block-image size-large\"><img fetchpriority=\"high\" decoding=\"async\" width=\"1024\" height=\"577\" src=\"http:\/\/filiawielun.bpsieradz.pl\/wp-content\/uploads\/2025\/10\/1.Plakat-szkoly-podstawowe-1024x577.png\" alt=\"\" class=\"wp-image-1465\" srcset=\"https:\/\/filiawielun.bpsieradz.pl\/wp-content\/uploads\/2025\/10\/1.Plakat-szkoly-podstawowe-1024x577.png 1024w, https:\/\/filiawielun.bpsieradz.pl\/wp-content\/uploads\/2025\/10\/1.Plakat-szkoly-podstawowe-300x169.png 300w, https:\/\/filiawielun.bpsieradz.pl\/wp-content\/uploads\/2025\/10\/1.Plakat-szkoly-podstawowe-768x433.png 768w, https:\/\/filiawielun.bpsieradz.pl\/wp-content\/uploads\/2025\/10\/1.Plakat-szkoly-podstawowe-1536x865.png 1536w, https:\/\/filiawielun.bpsieradz.pl\/wp-content\/uploads\/2025\/10\/1.Plakat-szkoly-podstawowe.png 1640w\" sizes=\"(max-width: 1024px) 100vw, 1024px\" \/><\/figure>\n\n\n\n<div style=\"height:27px\" aria-hidden=\"true\" class=\"wp-block-spacer\"><\/div>\n\n\n\n<p class=\"wp-block-paragraph\"><a href=\"http:\/\/filiawielun.bpsieradz.pl\/wp-content\/uploads\/2025\/10\/Regulamin-konkursu.pdf\">Regulamin konkursu recytatorskiego pt. \u201eStrofy dla Niepodleg\u0142ej\u201d<\/a><\/p>\n\n\n\n<p class=\"wp-block-paragraph\"><a href=\"http:\/\/filiawielun.bpsieradz.pl\/wp-content\/uploads\/2025\/10\/Zgoda-zgloszenie.pdf\">Karta zg\u0142oszenia do I Edycji Konkursu Recytatorskiego \u201eStrofy dla Niepodleg\u0142ej\u201d<\/a><\/p>\n\n\n\n<p class=\"wp-block-paragraph\"><a href=\"http:\/\/filiawielun.bpsieradz.pl\/wp-content\/uploads\/2025\/10\/Klauzula-Informacyjna.pdf\">Klauzula informacyjna Konkursu Recytatorskiego \u201eStrofy dla Niepodleg\u0142ej\u201d<\/a><\/p>\n\n\n\n<p class=\"wp-block-paragraph\"><\/p>\n","protected":false},"excerpt":{"rendered":"<p>Regulamin konkursu recytatorskiego pt. \u201eStrofy dla Niepodleg\u0142ej\u201d Karta zg\u0142oszenia do I Edycji Konkursu Recytatorskiego \u201eStrofy dla Niepodleg\u0142ej\u201d Klauzula informacyjna Konkursu Recytatorskiego \u201eStrofy dla Niepodleg\u0142ej\u201d<\/p>\n","protected":false},"author":1,"featured_media":1465,"comment_status":"closed","ping_status":"open","sticky":false,"template":"","format":"standard","meta":{"ngg_post_thumbnail":0,"footnotes":""},"categories":[2],"tags":[],"class_list":["post-1464","post","type-post","status-publish","format-standard","has-post-thumbnail","hentry","category-aktualnosci"],"yoast_head":"<!-- This site is optimized with the Yoast SEO plugin v25.6 - https:\/\/yoast.com\/wordpress\/plugins\/seo\/ -->\n<title>Strofy dla Niepodleg\u0142ej - konkurs dla uczni\u00f3w klas 7-8 szk\u00f3\u0142 podstawowych - Biblioteka Pedagogiczna w Sieradzu Filia w Wieluniu<\/title>\n<meta name=\"robots\" content=\"index, follow, max-snippet:-1, max-image-preview:large, max-video-preview:-1\" \/>\n<link rel=\"canonical\" href=\"http:\/\/filiawielun.bpsieradz.pl\/?p=1464\" \/>\n<meta property=\"og:locale\" content=\"pl_PL\" \/>\n<meta property=\"og:type\" content=\"article\" \/>\n<meta property=\"og:title\" content=\"Strofy dla Niepodleg\u0142ej - konkurs dla uczni\u00f3w klas 7-8 szk\u00f3\u0142 podstawowych - Biblioteka Pedagogiczna w Sieradzu Filia w Wieluniu\" \/>\n<meta property=\"og:description\" content=\"Regulamin konkursu recytatorskiego pt. \u201eStrofy dla Niepodleg\u0142ej\u201d Karta zg\u0142oszenia do I Edycji Konkursu Recytatorskiego \u201eStrofy dla Niepodleg\u0142ej\u201d Klauzula informacyjna Konkursu Recytatorskiego \u201eStrofy dla Niepodleg\u0142ej\u201d\" \/>\n<meta property=\"og:url\" content=\"http:\/\/filiawielun.bpsieradz.pl\/?p=1464\" \/>\n<meta property=\"og:site_name\" content=\"Biblioteka Pedagogiczna w Sieradzu Filia w Wieluniu\" \/>\n<meta property=\"article:published_time\" content=\"2025-10-03T07:25:30+00:00\" \/>\n<meta property=\"article:modified_time\" content=\"2025-10-03T07:39:34+00:00\" \/>\n<meta property=\"og:image\" content=\"http:\/\/filiawielun.bpsieradz.pl\/wp-content\/uploads\/2025\/10\/1.Plakat-szkoly-podstawowe.png\" \/>\n\t<meta property=\"og:image:width\" content=\"1640\" \/>\n\t<meta property=\"og:image:height\" content=\"924\" \/>\n\t<meta property=\"og:image:type\" content=\"image\/png\" \/>\n<meta name=\"author\" content=\"admin\" \/>\n<meta name=\"twitter:card\" content=\"summary_large_image\" \/>\n<meta name=\"twitter:label1\" content=\"Napisane przez\" \/>\n\t<meta name=\"twitter:data1\" content=\"admin\" \/>\n\t<meta name=\"twitter:label2\" content=\"Szacowany czas czytania\" \/>\n\t<meta name=\"twitter:data2\" content=\"1 minuta\" \/>\n<script type=\"application\/ld+json\" class=\"yoast-schema-graph\">{\"@context\":\"https:\/\/schema.org\",\"@graph\":[{\"@type\":\"Article\",\"@id\":\"http:\/\/filiawielun.bpsieradz.pl\/?p=1464#article\",\"isPartOf\":{\"@id\":\"http:\/\/filiawielun.bpsieradz.pl\/?p=1464\"},\"author\":{\"name\":\"admin\",\"@id\":\"http:\/\/filiawielun.bpsieradz.pl\/#\/schema\/person\/ded83f447e250ee0de21791741e06036\"},\"headline\":\"Strofy dla Niepodleg\u0142ej &#8211; konkurs dla uczni\u00f3w klas 7-8 szk\u00f3\u0142 podstawowych\",\"datePublished\":\"2025-10-03T07:25:30+00:00\",\"dateModified\":\"2025-10-03T07:39:34+00:00\",\"mainEntityOfPage\":{\"@id\":\"http:\/\/filiawielun.bpsieradz.pl\/?p=1464\"},\"wordCount\":41,\"publisher\":{\"@id\":\"http:\/\/filiawielun.bpsieradz.pl\/#organization\"},\"image\":{\"@id\":\"http:\/\/filiawielun.bpsieradz.pl\/?p=1464#primaryimage\"},\"thumbnailUrl\":\"https:\/\/filiawielun.bpsieradz.pl\/wp-content\/uploads\/2025\/10\/1.Plakat-szkoly-podstawowe.png\",\"articleSection\":[\"Aktualno\u015bci\"],\"inLanguage\":\"pl-PL\"},{\"@type\":\"WebPage\",\"@id\":\"http:\/\/filiawielun.bpsieradz.pl\/?p=1464\",\"url\":\"http:\/\/filiawielun.bpsieradz.pl\/?p=1464\",\"name\":\"Strofy dla Niepodleg\u0142ej - konkurs dla uczni\u00f3w klas 7-8 szk\u00f3\u0142 podstawowych - Biblioteka Pedagogiczna w Sieradzu Filia w Wieluniu\",\"isPartOf\":{\"@id\":\"http:\/\/filiawielun.bpsieradz.pl\/#website\"},\"primaryImageOfPage\":{\"@id\":\"http:\/\/filiawielun.bpsieradz.pl\/?p=1464#primaryimage\"},\"image\":{\"@id\":\"http:\/\/filiawielun.bpsieradz.pl\/?p=1464#primaryimage\"},\"thumbnailUrl\":\"https:\/\/filiawielun.bpsieradz.pl\/wp-content\/uploads\/2025\/10\/1.Plakat-szkoly-podstawowe.png\",\"datePublished\":\"2025-10-03T07:25:30+00:00\",\"dateModified\":\"2025-10-03T07:39:34+00:00\",\"breadcrumb\":{\"@id\":\"http:\/\/filiawielun.bpsieradz.pl\/?p=1464#breadcrumb\"},\"inLanguage\":\"pl-PL\",\"potentialAction\":[{\"@type\":\"ReadAction\",\"target\":[\"http:\/\/filiawielun.bpsieradz.pl\/?p=1464\"]}]},{\"@type\":\"ImageObject\",\"inLanguage\":\"pl-PL\",\"@id\":\"http:\/\/filiawielun.bpsieradz.pl\/?p=1464#primaryimage\",\"url\":\"https:\/\/filiawielun.bpsieradz.pl\/wp-content\/uploads\/2025\/10\/1.Plakat-szkoly-podstawowe.png\",\"contentUrl\":\"https:\/\/filiawielun.bpsieradz.pl\/wp-content\/uploads\/2025\/10\/1.Plakat-szkoly-podstawowe.png\",\"width\":1640,\"height\":924},{\"@type\":\"BreadcrumbList\",\"@id\":\"http:\/\/filiawielun.bpsieradz.pl\/?p=1464#breadcrumb\",\"itemListElement\":[{\"@type\":\"ListItem\",\"position\":1,\"name\":\"Strona g\u0142\u00f3wna\",\"item\":\"http:\/\/filiawielun.bpsieradz.pl\/\"},{\"@type\":\"ListItem\",\"position\":2,\"name\":\"Strofy dla Niepodleg\u0142ej &#8211; konkurs dla uczni\u00f3w klas 7-8 szk\u00f3\u0142 podstawowych\"}]},{\"@type\":\"WebSite\",\"@id\":\"http:\/\/filiawielun.bpsieradz.pl\/#website\",\"url\":\"http:\/\/filiawielun.bpsieradz.pl\/\",\"name\":\"Biblioteka Pedagogiczna w Sieradzu Filia w Wieluniu\",\"description\":\"Strona biblioteki\",\"publisher\":{\"@id\":\"http:\/\/filiawielun.bpsieradz.pl\/#organization\"},\"potentialAction\":[{\"@type\":\"SearchAction\",\"target\":{\"@type\":\"EntryPoint\",\"urlTemplate\":\"http:\/\/filiawielun.bpsieradz.pl\/?s={search_term_string}\"},\"query-input\":{\"@type\":\"PropertyValueSpecification\",\"valueRequired\":true,\"valueName\":\"search_term_string\"}}],\"inLanguage\":\"pl-PL\"},{\"@type\":\"Organization\",\"@id\":\"http:\/\/filiawielun.bpsieradz.pl\/#organization\",\"name\":\"Biblioteka Pedagogiczna w Sieradzu Filia w Wieluniu\",\"url\":\"http:\/\/filiawielun.bpsieradz.pl\/\",\"logo\":{\"@type\":\"ImageObject\",\"inLanguage\":\"pl-PL\",\"@id\":\"http:\/\/filiawielun.bpsieradz.pl\/#\/schema\/logo\/image\/\",\"url\":\"https:\/\/filiawielun.bpsieradz.pl\/wp-content\/uploads\/2025\/04\/cre_lodzkie.webp\",\"contentUrl\":\"https:\/\/filiawielun.bpsieradz.pl\/wp-content\/uploads\/2025\/04\/cre_lodzkie.webp\",\"width\":323,\"height\":50,\"caption\":\"Biblioteka Pedagogiczna w Sieradzu Filia w Wieluniu\"},\"image\":{\"@id\":\"http:\/\/filiawielun.bpsieradz.pl\/#\/schema\/logo\/image\/\"}},{\"@type\":\"Person\",\"@id\":\"http:\/\/filiawielun.bpsieradz.pl\/#\/schema\/person\/ded83f447e250ee0de21791741e06036\",\"name\":\"admin\",\"image\":{\"@type\":\"ImageObject\",\"inLanguage\":\"pl-PL\",\"@id\":\"http:\/\/filiawielun.bpsieradz.pl\/#\/schema\/person\/image\/\",\"url\":\"https:\/\/secure.gravatar.com\/avatar\/7c9baecea61c950fa0ace417ade1d91ec20251533a476dc4eb52114bf5576b3a?s=96&d=mm&r=g\",\"contentUrl\":\"https:\/\/secure.gravatar.com\/avatar\/7c9baecea61c950fa0ace417ade1d91ec20251533a476dc4eb52114bf5576b3a?s=96&d=mm&r=g\",\"caption\":\"admin\"},\"sameAs\":[\"http:\/\/bpsieradz.pl\/filiawielun1\"],\"url\":\"https:\/\/filiawielun.bpsieradz.pl\/?author=1\"}]}<\/script>\n<!-- \/ Yoast SEO plugin. -->","yoast_head_json":{"title":"Strofy dla Niepodleg\u0142ej - konkurs dla uczni\u00f3w klas 7-8 szk\u00f3\u0142 podstawowych - Biblioteka Pedagogiczna w Sieradzu Filia w Wieluniu","robots":{"index":"index","follow":"follow","max-snippet":"max-snippet:-1","max-image-preview":"max-image-preview:large","max-video-preview":"max-video-preview:-1"},"canonical":"http:\/\/filiawielun.bpsieradz.pl\/?p=1464","og_locale":"pl_PL","og_type":"article","og_title":"Strofy dla Niepodleg\u0142ej - konkurs dla uczni\u00f3w klas 7-8 szk\u00f3\u0142 podstawowych - Biblioteka Pedagogiczna w Sieradzu Filia w Wieluniu","og_description":"Regulamin konkursu recytatorskiego pt. \u201eStrofy dla Niepodleg\u0142ej\u201d Karta zg\u0142oszenia do I Edycji Konkursu Recytatorskiego \u201eStrofy dla Niepodleg\u0142ej\u201d Klauzula informacyjna Konkursu Recytatorskiego \u201eStrofy dla Niepodleg\u0142ej\u201d","og_url":"http:\/\/filiawielun.bpsieradz.pl\/?p=1464","og_site_name":"Biblioteka Pedagogiczna w Sieradzu Filia w Wieluniu","article_published_time":"2025-10-03T07:25:30+00:00","article_modified_time":"2025-10-03T07:39:34+00:00","og_image":[{"width":1640,"height":924,"url":"http:\/\/filiawielun.bpsieradz.pl\/wp-content\/uploads\/2025\/10\/1.Plakat-szkoly-podstawowe.png","type":"image\/png"}],"author":"admin","twitter_card":"summary_large_image","twitter_misc":{"Napisane przez":"admin","Szacowany czas czytania":"1 minuta"},"schema":{"@context":"https:\/\/schema.org","@graph":[{"@type":"Article","@id":"http:\/\/filiawielun.bpsieradz.pl\/?p=1464#article","isPartOf":{"@id":"http:\/\/filiawielun.bpsieradz.pl\/?p=1464"},"author":{"name":"admin","@id":"http:\/\/filiawielun.bpsieradz.pl\/#\/schema\/person\/ded83f447e250ee0de21791741e06036"},"headline":"Strofy dla Niepodleg\u0142ej &#8211; konkurs dla uczni\u00f3w klas 7-8 szk\u00f3\u0142 podstawowych","datePublished":"2025-10-03T07:25:30+00:00","dateModified":"2025-10-03T07:39:34+00:00","mainEntityOfPage":{"@id":"http:\/\/filiawielun.bpsieradz.pl\/?p=1464"},"wordCount":41,"publisher":{"@id":"http:\/\/filiawielun.bpsieradz.pl\/#organization"},"image":{"@id":"http:\/\/filiawielun.bpsieradz.pl\/?p=1464#primaryimage"},"thumbnailUrl":"https:\/\/filiawielun.bpsieradz.pl\/wp-content\/uploads\/2025\/10\/1.Plakat-szkoly-podstawowe.png","articleSection":["Aktualno\u015bci"],"inLanguage":"pl-PL"},{"@type":"WebPage","@id":"http:\/\/filiawielun.bpsieradz.pl\/?p=1464","url":"http:\/\/filiawielun.bpsieradz.pl\/?p=1464","name":"Strofy dla Niepodleg\u0142ej - konkurs dla uczni\u00f3w klas 7-8 szk\u00f3\u0142 podstawowych - Biblioteka Pedagogiczna w Sieradzu Filia w Wieluniu","isPartOf":{"@id":"http:\/\/filiawielun.bpsieradz.pl\/#website"},"primaryImageOfPage":{"@id":"http:\/\/filiawielun.bpsieradz.pl\/?p=1464#primaryimage"},"image":{"@id":"http:\/\/filiawielun.bpsieradz.pl\/?p=1464#primaryimage"},"thumbnailUrl":"https:\/\/filiawielun.bpsieradz.pl\/wp-content\/uploads\/2025\/10\/1.Plakat-szkoly-podstawowe.png","datePublished":"2025-10-03T07:25:30+00:00","dateModified":"2025-10-03T07:39:34+00:00","breadcrumb":{"@id":"http:\/\/filiawielun.bpsieradz.pl\/?p=1464#breadcrumb"},"inLanguage":"pl-PL","potentialAction":[{"@type":"ReadAction","target":["http:\/\/filiawielun.bpsieradz.pl\/?p=1464"]}]},{"@type":"ImageObject","inLanguage":"pl-PL","@id":"http:\/\/filiawielun.bpsieradz.pl\/?p=1464#primaryimage","url":"https:\/\/filiawielun.bpsieradz.pl\/wp-content\/uploads\/2025\/10\/1.Plakat-szkoly-podstawowe.png","contentUrl":"https:\/\/filiawielun.bpsieradz.pl\/wp-content\/uploads\/2025\/10\/1.Plakat-szkoly-podstawowe.png","width":1640,"height":924},{"@type":"BreadcrumbList","@id":"http:\/\/filiawielun.bpsieradz.pl\/?p=1464#breadcrumb","itemListElement":[{"@type":"ListItem","position":1,"name":"Strona g\u0142\u00f3wna","item":"http:\/\/filiawielun.bpsieradz.pl\/"},{"@type":"ListItem","position":2,"name":"Strofy dla Niepodleg\u0142ej &#8211; konkurs dla uczni\u00f3w klas 7-8 szk\u00f3\u0142 podstawowych"}]},{"@type":"WebSite","@id":"http:\/\/filiawielun.bpsieradz.pl\/#website","url":"http:\/\/filiawielun.bpsieradz.pl\/","name":"Biblioteka Pedagogiczna w Sieradzu Filia w Wieluniu","description":"Strona biblioteki","publisher":{"@id":"http:\/\/filiawielun.bpsieradz.pl\/#organization"},"potentialAction":[{"@type":"SearchAction","target":{"@type":"EntryPoint","urlTemplate":"http:\/\/filiawielun.bpsieradz.pl\/?s={search_term_string}"},"query-input":{"@type":"PropertyValueSpecification","valueRequired":true,"valueName":"search_term_string"}}],"inLanguage":"pl-PL"},{"@type":"Organization","@id":"http:\/\/filiawielun.bpsieradz.pl\/#organization","name":"Biblioteka Pedagogiczna w Sieradzu Filia w Wieluniu","url":"http:\/\/filiawielun.bpsieradz.pl\/","logo":{"@type":"ImageObject","inLanguage":"pl-PL","@id":"http:\/\/filiawielun.bpsieradz.pl\/#\/schema\/logo\/image\/","url":"https:\/\/filiawielun.bpsieradz.pl\/wp-content\/uploads\/2025\/04\/cre_lodzkie.webp","contentUrl":"https:\/\/filiawielun.bpsieradz.pl\/wp-content\/uploads\/2025\/04\/cre_lodzkie.webp","width":323,"height":50,"caption":"Biblioteka Pedagogiczna w Sieradzu Filia w Wieluniu"},"image":{"@id":"http:\/\/filiawielun.bpsieradz.pl\/#\/schema\/logo\/image\/"}},{"@type":"Person","@id":"http:\/\/filiawielun.bpsieradz.pl\/#\/schema\/person\/ded83f447e250ee0de21791741e06036","name":"admin","image":{"@type":"ImageObject","inLanguage":"pl-PL","@id":"http:\/\/filiawielun.bpsieradz.pl\/#\/schema\/person\/image\/","url":"https:\/\/secure.gravatar.com\/avatar\/7c9baecea61c950fa0ace417ade1d91ec20251533a476dc4eb52114bf5576b3a?s=96&d=mm&r=g","contentUrl":"https:\/\/secure.gravatar.com\/avatar\/7c9baecea61c950fa0ace417ade1d91ec20251533a476dc4eb52114bf5576b3a?s=96&d=mm&r=g","caption":"admin"},"sameAs":["http:\/\/bpsieradz.pl\/filiawielun1"],"url":"https:\/\/filiawielun.bpsieradz.pl\/?author=1"}]}},"rttpg_featured_image_url":{"full":["https:\/\/filiawielun.bpsieradz.pl\/wp-content\/uploads\/2025\/10\/1.Plakat-szkoly-podstawowe.png",1640,924,false],"landscape":["https:\/\/filiawielun.bpsieradz.pl\/wp-content\/uploads\/2025\/10\/1.Plakat-szkoly-podstawowe.png",1640,924,false],"portraits":["https:\/\/filiawielun.bpsieradz.pl\/wp-content\/uploads\/2025\/10\/1.Plakat-szkoly-podstawowe.png",1640,924,false],"thumbnail":["https:\/\/filiawielun.bpsieradz.pl\/wp-content\/uploads\/2025\/10\/1.Plakat-szkoly-podstawowe-150x150.png",150,150,true],"medium":["https:\/\/filiawielun.bpsieradz.pl\/wp-content\/uploads\/2025\/10\/1.Plakat-szkoly-podstawowe-300x169.png",300,169,true],"large":["https:\/\/filiawielun.bpsieradz.pl\/wp-content\/uploads\/2025\/10\/1.Plakat-szkoly-podstawowe-1024x577.png",800,451,true],"1536x1536":["https:\/\/filiawielun.bpsieradz.pl\/wp-content\/uploads\/2025\/10\/1.Plakat-szkoly-podstawowe-1536x865.png",1536,865,true],"2048x2048":["https:\/\/filiawielun.bpsieradz.pl\/wp-content\/uploads\/2025\/10\/1.Plakat-szkoly-podstawowe.png",1640,924,false],"onepress-blog-small":["https:\/\/filiawielun.bpsieradz.pl\/wp-content\/uploads\/2025\/10\/1.Plakat-szkoly-podstawowe-300x150.png",300,150,true],"onepress-small":["https:\/\/filiawielun.bpsieradz.pl\/wp-content\/uploads\/2025\/10\/1.Plakat-szkoly-podstawowe-480x300.png",480,300,true],"onepress-medium":["https:\/\/filiawielun.bpsieradz.pl\/wp-content\/uploads\/2025\/10\/1.Plakat-szkoly-podstawowe-640x400.png",640,400,true]},"rttpg_author":{"display_name":"admin","author_link":"https:\/\/filiawielun.bpsieradz.pl\/?author=1"},"rttpg_comment":0,"rttpg_category":"<a href=\"https:\/\/filiawielun.bpsieradz.pl\/?cat=2\" rel=\"category\">Aktualno\u015bci<\/a>","rttpg_excerpt":"Regulamin konkursu recytatorskiego pt. \u201eStrofy dla Niepodleg\u0142ej\u201d Karta zg\u0142oszenia do I Edycji Konkursu Recytatorskiego \u201eStrofy dla Niepodleg\u0142ej\u201d Klauzula informacyjna Konkursu Recytatorskiego \u201eStrofy dla Niepodleg\u0142ej\u201d","_links":{"self":[{"href":"https:\/\/filiawielun.bpsieradz.pl\/index.php?rest_route=\/wp\/v2\/posts\/1464","targetHints":{"allow":["GET"]}}],"collection":[{"href":"https:\/\/filiawielun.bpsieradz.pl\/index.php?rest_route=\/wp\/v2\/posts"}],"about":[{"href":"https:\/\/filiawielun.bpsieradz.pl\/index.php?rest_route=\/wp\/v2\/types\/post"}],"author":[{"embeddable":true,"href":"https:\/\/filiawielun.bpsieradz.pl\/index.php?rest_route=\/wp\/v2\/users\/1"}],"replies":[{"embeddable":true,"href":"https:\/\/filiawielun.bpsieradz.pl\/index.php?rest_route=%2Fwp%2Fv2%2Fcomments&post=1464"}],"version-history":[{"count":6,"href":"https:\/\/filiawielun.bpsieradz.pl\/index.php?rest_route=\/wp\/v2\/posts\/1464\/revisions"}],"predecessor-version":[{"id":1483,"href":"https:\/\/filiawielun.bpsieradz.pl\/index.php?rest_route=\/wp\/v2\/posts\/1464\/revisions\/1483"}],"wp:featuredmedia":[{"embeddable":true,"href":"https:\/\/filiawielun.bpsieradz.pl\/index.php?rest_route=\/wp\/v2\/media\/1465"}],"wp:attachment":[{"href":"https:\/\/filiawielun.bpsieradz.pl\/index.php?rest_route=%2Fwp%2Fv2%2Fmedia&parent=1464"}],"wp:term":[{"taxonomy":"category","embeddable":true,"href":"https:\/\/filiawielun.bpsieradz.pl\/index.php?rest_route=%2Fwp%2Fv2%2Fcategories&post=1464"},{"taxonomy":"post_tag","embeddable":true,"href":"https:\/\/filiawielun.bpsieradz.pl\/index.php?rest_route=%2Fwp%2Fv2%2Ftags&post=1464"}],"curies":[{"name":"wp","href":"https:\/\/api.w.org\/{rel}","templated":true}]}}