{"id":1382,"date":"2025-08-28T09:51:17","date_gmt":"2025-08-28T09:51:17","guid":{"rendered":"https:\/\/filiawielun.bpsieradz.pl\/?p=1382"},"modified":"2025-08-28T11:02:16","modified_gmt":"2025-08-28T11:02:16","slug":"oferta-edukacyjna-na-rok-szkolny-2025-2026","status":"publish","type":"post","link":"https:\/\/filiawielun.bpsieradz.pl\/?p=1382","title":{"rendered":"OFERTA EDUKACYJNA NA ROK SZKOLNY 2025\/2026"},"content":{"rendered":"\n<p class=\"wp-block-paragraph\"><strong>Propozycje lekcji bibliotecznych i zaj\u0119\u0107 edukacyjnych<\/strong><\/p>\n\n\n\n<p class=\"wp-block-paragraph\"><strong>&nbsp;<\/strong><strong>PRZEDSZKOLA<\/strong><\/p>\n\n\n\n<ol class=\"wp-block-list\">\n<li>Co je\u015bli si\u0119 zgubi\u0119?\u00a0 &#8211; czyli jak zachowa\u0107 si\u0119 w t\u0142umie (bezpiecze\u0144stwo dzieci).<\/li>\n\n\n\n<li>&#8222;Piknik na pustyni&#8221; (bezpiecze\u0144stwo dzieci).<\/li>\n\n\n\n<li>Formy wydawnicze ksi\u0105\u017cek \u2013 sensoryczne, 3D, obrazkowe, tradycyjne, miniaturowe.<\/li>\n\n\n\n<li>Zaj\u0119cia edukacyjne w oparciu o teatrzyk kamishibai:<\/li>\n<\/ol>\n\n\n\n<ul class=\"wp-block-list\">\n<li>Noc w bibliotece;<\/li>\n\n\n\n<li>Dzie\u0144 Kropki;<\/li>\n\n\n\n<li>Jesienny bal w lesie;<\/li>\n\n\n\n<li>Gburkoludki ju\u017c znaj\u0105: prosz\u0119, dzi\u0119kuj\u0119, przepraszam;<\/li>\n\n\n\n<li>M\u0105dra kurka;<\/li>\n\n\n\n<li>Na tropie \u015bmieciowego potwora;<\/li>\n\n\n\n<li>Brzydkie kacz\u0105tko;<\/li>\n\n\n\n<li>Legenda o Smoku Wawelskim;<\/li>\n\n\n\n<li>Legenda o Lechu, Czechu i Rusie;<\/li>\n\n\n\n<li>Legenda o Bazyliszku;<\/li>\n\n\n\n<li>Franek ju\u017c nie narzeka;<\/li>\n\n\n\n<li>Mi\u015b i \u015bwi\u0105teczna choinka;<\/li>\n\n\n\n<li>Wielkanocny zaj\u0105czek.<\/li>\n\n\n\n<li>Dzie\u0144 Drzewa \u2013 rozwijanie postaw proekologicznych.<\/li>\n\n\n\n<li>Dzie\u0144 \u017byczliwo\u015bci i Pozdrowie\u0144.<\/li>\n\n\n\n<li>Dzie\u0144 Pluszowego Misia.<\/li>\n\n\n\n<li>Dzie\u0144 Kota.<\/li>\n\n\n\n<li>Dzie\u0144 Wiedzy o Pingwinach.<\/li>\n\n\n\n<li>Dzie\u0144 Szcz\u0119\u015bcia \u2013 marzec.<\/li>\n\n\n\n<li>Dzie\u0144 Ziemi i Dzie\u0144 Wody \u2013 rozwijanie postaw proekologicznych. (W oparciu o teatrzyk kamishibai: Przygody pingwina Pingo: Niezno\u015bne \u015bmieci w\u00a0oceanach).<\/li>\n\n\n\n<li>Dzie\u0144 Ksi\u0105\u017cki dla Dzieci &#8211; Postaci z bajek.<\/li>\n\n\n\n<li>&#8222;Lokomotywa&#8221; na podstawie wiersza J. Tuwima.<\/li>\n\n\n\n<li>&#8222;Na straganie&#8221; na podstawie wiersza J. Brzechwy \u2013 piramida \u017cywieniowa \u2013 zasady zdrowego od\u017cywiania.<\/li>\n\n\n\n<li>Bajkoterapia &#8211;\u00a0 zaj\u0119cia edukacyjne na podstawie ksi\u0105\u017cek Rachel Bright i Jim Field o tym co w \u017cyciu najwa\u017cniejsze (wspieranie dobrostanu dzieci i m\u0142odzie\u017cy, ich zdrowia psychicznego):<\/li>\n<\/ul>\n\n\n\n<ul class=\"wp-block-list\">\n<li>&#8222;Wilk, kt\u00f3ry si\u0119 zgubi\u0142&#8221;- u\u015bwiadamia, \u017ce czasami ka\u017cdy potrzebuje pomocy swoich bliskich;<\/li>\n\n\n\n<li>&#8222;Koala, kt\u00f3ry si\u0119 trzyma\u0142&#8221; &#8211; historia dla ka\u017cdego, kto nie lubi odpuszcza\u0107;<\/li>\n\n\n\n<li>&#8222;Wiewi\u00f3rki, kt\u00f3re nie chcia\u0142y si\u0119 dzieli\u0107&#8221; &#8211; przezabawna historia o tym, \u017ce prawdziwe szcz\u0119\u015bcie mo\u017cna odnale\u017a\u0107, tylko dziel\u0105c je z innymi;<\/li>\n\n\n\n<li>&#8222;Wieloryb, kt\u00f3ry chcia\u0142 wi\u0119cej&#8221; &#8211; pi\u0119kna opowie\u015b\u0107 o empatii i przyja\u017ani, zach\u0119caj\u0105ca dzieci do dzielenia si\u0119 z innymi i bycia dobrym;<\/li>\n\n\n\n<li>&#8222;Mysz, kt\u00f3ra chcia\u0142a by\u0107 lwem&#8221; \u2013 o odwadze, kt\u00f3ra nie musi tkwi\u0107 w rozmiarze.<\/li>\n<\/ul>\n\n\n\n<p class=\"wp-block-paragraph\"><strong>KLASY I &#8211; III SZKO\u0141Y PODSTAWOWEJ<\/strong><\/p>\n\n\n\n<ol class=\"wp-block-list\">\n<li>Co je\u015bli si\u0119 zgubi\u0119?\u00a0 &#8211; czyli jak zachowa\u0107 si\u0119 w t\u0142umie (bezpiecze\u0144stwo dzieci).<\/li>\n\n\n\n<li>&#8222;Piknik na pustyni&#8221; (bezpiecze\u0144stwo dzieci).<\/li>\n\n\n\n<li>Dzie\u0144 \u017byczliwo\u015bci i Pozdrowie\u0144.<\/li>\n\n\n\n<li>Ubieramy choink\u0119 \u2013 tradycje \u015bwi\u0105teczne \u2013 warsztaty plastyczne.<\/li>\n\n\n\n<li>Kartka \u015bwi\u0105teczna \u2013 tradycje \u015bwi\u0105teczne \u2013 warsztaty plastyczne.<\/li>\n\n\n\n<li>Dzie\u0144 Teatru.<\/li>\n\n\n\n<li>Dzie\u0144 Ziemi i Dzie\u0144 Wody \u2013 rozwijanie postaw proekologicznych. (W oparciu<br>o teatrzyk kamishibai: \u201ePrzygody pingwina Pingo: Niezno\u015bne \u015bmieci w\u00a0oceanach\u201d oraz \u201eOpowie\u015b\u0107 o czarnym smoku\u201d).<\/li>\n\n\n\n<li>Symbole narodowe \u2013 kszta\u0142towanie postaw patriotycznych.<\/li>\n\n\n\n<li>Poznajemy W\u0142ochy (w powi\u0105zaniu z lektur\u0105 \u201eO psie, kt\u00f3ry je\u017adzi\u0142 kolej\u0105\u201d).<\/li>\n\n\n\n<li>Dzie\u0144 Matki \u2013 warsztaty plastyczne.<\/li>\n\n\n\n<li>Poznajemy zawody. Cykl zaj\u0119\u0107 z orientacji zawodowej.<\/li>\n\n\n\n<li>&#8222;Niebieska Nied\u017awiedzica&#8221; Joanny M. Chmielewskiej \u2013 inno\u015b\u0107 jest pi\u0119kna.<\/li>\n<\/ol>\n\n\n\n<ul class=\"wp-block-list\">\n<li>&#8222;Bajki bez barier&#8221; :<\/li>\n\n\n\n<li>Zesp\u00f3\u0142 Downa;<\/li>\n\n\n\n<li>Niepe\u0142nosprawno\u015b\u0107\u00a0 ruchowa;<\/li>\n\n\n\n<li>Bariery architektoniczne;<\/li>\n\n\n\n<li>Dysleksja i inne.<\/li>\n\n\n\n<li>&#8222;M\u0105dre bajki z ca\u0142ego \u015bwiata&#8221; (Gruzja, Madagaskar, Polska itp.) \u2013 wychowanie do warto\u015bci moralnych ze szczeg\u00f3lnym uwzgl\u0119dnieniem wi\u0119zi rodzinnych.<\/li>\n\n\n\n<li>&#8222;Lokomotywa&#8221; na podstawie wiersza J. Tuwima.<\/li>\n\n\n\n<li>&#8222;Na straganie&#8221; na podstawie wiersza J. Brzechwy \u2013 piramida \u017cywieniowa \u2013 zasady zdrowego od\u017cywiania.<\/li>\n\n\n\n<li>Bajkoterapia &#8211;\u00a0 zaj\u0119cia edukacyjne na podstawie ksi\u0105\u017cek Rachel Bright i Jim Field o tym co w \u017cyciu najwa\u017cniejsze (wspieranie dobrostanu dzieci i m\u0142odzie\u017cy, ich zdrowia psychicznego):<\/li>\n<\/ul>\n\n\n\n<ul class=\"wp-block-list\">\n<li>&#8222;Wilk, kt\u00f3ry si\u0119 zgubi\u0142&#8221;- u\u015bwiadamia, \u017ce czasami ka\u017cdy potrzebuje pomocy swoich bliskich;<\/li>\n\n\n\n<li>&#8222;Koala, kt\u00f3ry si\u0119 trzyma\u0142&#8221; &#8211; historia dla ka\u017cdego, kto nie lubi odpuszcza\u0107;<\/li>\n\n\n\n<li>&#8222;Wiewi\u00f3rki, kt\u00f3re nie chcia\u0142y si\u0119 dzieli\u0107&#8221; &#8211; przezabawna historia o tym, \u017ce prawdziwe szcz\u0119\u015bcie mo\u017cna odnale\u017a\u0107, tylko dziel\u0105c je z innymi;<\/li>\n\n\n\n<li>&#8222;Wieloryb, kt\u00f3ry chcia\u0142 wi\u0119cej&#8221; &#8211; pi\u0119kna opowie\u015b\u0107 o empatii i przyja\u017ani, zach\u0119caj\u0105ca dzieci do dzielenia si\u0119 z innymi i bycia dobrym;<\/li>\n\n\n\n<li>&#8222;Mysz, kt\u00f3ra chcia\u0142a by\u0107 lwem&#8221; \u2013 o odwadze, kt\u00f3ra nie musi tkwi\u0107 w rozmiarze.<\/li>\n<\/ul>\n\n\n\n<p class=\"wp-block-paragraph\"><strong>KLASY V &#8211; VIII SZKO\u0141Y PODSTAWOWEJ<\/strong><\/p>\n\n\n\n<ol class=\"wp-block-list\">\n<li>Bezpieczny internet &#8211; stop przemocy w internecie (bezpieczne poruszanie si\u0119 w\u00a0sieci i krytyczna analiza informacji).<\/li>\n\n\n\n<li>Zbiory, katalogi on-line Biblioteki Pedagogicznej w Sieradzu i filii.<\/li>\n\n\n\n<li>Gdy co\u015b mnie niepokoi w internecie \u2013 przeciwdzia\u0142anie agresji w sieci.<\/li>\n\n\n\n<li>Warsztaty &#8222;Ka\u017cdy ma sw\u00f3j Everest&#8221; \u2013 jak osi\u0105gn\u0105\u0107 sw\u00f3j cel w \u017cyciu.<\/li>\n\n\n\n<li>Symbole narodowe \u2013 kszta\u0142towanie postaw patriotycznych.<\/li>\n\n\n\n<li>Wywiad z Poet\u0105\/ Poetk\u0105 \u2013 zaj\u0119cia literackie.<\/li>\n\n\n\n<li>Kartka \u015bwi\u0105teczna \u2013 tradycje \u015bwi\u0105teczne \u2013 warsztaty plastyczne.<\/li>\n\n\n\n<li>Odkrywanie w\u0142asnych talent\u00f3w \u2013 w oparciu o gr\u0119 edukacyjn\u0105 \u201eL\u0105dowisko jaj\u201d.<\/li>\n<\/ol>\n\n\n\n<p class=\"wp-block-paragraph\"><strong>SZKO\u0141Y PONADPODSTAWOWE<\/strong><\/p>\n\n\n\n<ol class=\"wp-block-list\">\n<li>Zbiory, katalogi on-line Biblioteki Pedagogicznej w Sieradzu i filii.<\/li>\n\n\n\n<li>Biblioteki cyfrowe: Wolne Lektury, Cyfrowa Biblioteka Narodowa Polona, IBUK Libra, Legimi.<\/li>\n\n\n\n<li>Warsztaty &#8222;Ka\u017cdy ma sw\u00f3j Everest&#8221; \u2013 jak osi\u0105gn\u0105\u0107 sw\u00f3j cel w \u017cyciu (wspieranie rozwoju umiej\u0119tno\u015bci zawodowych).<\/li>\n\n\n\n<li>Wywiad z Poet\u0105\/ Poetk\u0105 \u2013 zaj\u0119cia literackie.<\/li>\n\n\n\n<li>Cenzura \u2013 Tydzie\u0144 Zakazanych Ksi\u0105\u017cek.<\/li>\n<\/ol>\n\n\n\n<p class=\"wp-block-paragraph\"><\/p>\n","protected":false},"excerpt":{"rendered":"<p>Propozycje lekcji bibliotecznych i zaj\u0119\u0107 edukacyjnych &nbsp;PRZEDSZKOLA KLASY I &#8211; III SZKO\u0141Y PODSTAWOWEJ KLASY V &#8211; VIII SZKO\u0141Y PODSTAWOWEJ SZKO\u0141Y PONADPODSTAWOWE<\/p>\n","protected":false},"author":1,"featured_media":0,"comment_status":"closed","ping_status":"open","sticky":false,"template":"","format":"standard","meta":{"ngg_post_thumbnail":0,"footnotes":""},"categories":[4],"tags":[],"class_list":["post-1382","post","type-post","status-publish","format-standard","hentry","category-biblioteka"],"yoast_head":"<!-- This site is optimized with the Yoast SEO plugin v25.6 - https:\/\/yoast.com\/wordpress\/plugins\/seo\/ -->\n<title>OFERTA EDUKACYJNA NA ROK SZKOLNY 2025\/2026 - Biblioteka Pedagogiczna w Sieradzu Filia w Wieluniu<\/title>\n<meta name=\"robots\" content=\"index, follow, max-snippet:-1, max-image-preview:large, max-video-preview:-1\" \/>\n<link rel=\"canonical\" href=\"http:\/\/filiawielun.bpsieradz.pl\/?p=1382\" \/>\n<meta property=\"og:locale\" content=\"pl_PL\" \/>\n<meta property=\"og:type\" content=\"article\" \/>\n<meta property=\"og:title\" content=\"OFERTA EDUKACYJNA NA ROK SZKOLNY 2025\/2026 - Biblioteka Pedagogiczna w Sieradzu Filia w Wieluniu\" \/>\n<meta property=\"og:description\" content=\"Propozycje lekcji bibliotecznych i zaj\u0119\u0107 edukacyjnych &nbsp;PRZEDSZKOLA KLASY I &#8211; III SZKO\u0141Y PODSTAWOWEJ KLASY V &#8211; VIII SZKO\u0141Y PODSTAWOWEJ SZKO\u0141Y PONADPODSTAWOWE\" \/>\n<meta property=\"og:url\" content=\"http:\/\/filiawielun.bpsieradz.pl\/?p=1382\" \/>\n<meta property=\"og:site_name\" content=\"Biblioteka Pedagogiczna w Sieradzu Filia w Wieluniu\" \/>\n<meta property=\"article:published_time\" content=\"2025-08-28T09:51:17+00:00\" \/>\n<meta property=\"article:modified_time\" content=\"2025-08-28T11:02:16+00:00\" \/>\n<meta name=\"author\" content=\"admin\" \/>\n<meta name=\"twitter:card\" content=\"summary_large_image\" \/>\n<meta name=\"twitter:label1\" content=\"Napisane przez\" \/>\n\t<meta name=\"twitter:data1\" content=\"admin\" \/>\n\t<meta name=\"twitter:label2\" content=\"Szacowany czas czytania\" \/>\n\t<meta name=\"twitter:data2\" content=\"4 minuty\" \/>\n<script type=\"application\/ld+json\" class=\"yoast-schema-graph\">{\"@context\":\"https:\/\/schema.org\",\"@graph\":[{\"@type\":\"Article\",\"@id\":\"http:\/\/filiawielun.bpsieradz.pl\/?p=1382#article\",\"isPartOf\":{\"@id\":\"http:\/\/filiawielun.bpsieradz.pl\/?p=1382\"},\"author\":{\"name\":\"admin\",\"@id\":\"http:\/\/filiawielun.bpsieradz.pl\/#\/schema\/person\/ded83f447e250ee0de21791741e06036\"},\"headline\":\"OFERTA EDUKACYJNA NA ROK SZKOLNY 2025\/2026\",\"datePublished\":\"2025-08-28T09:51:17+00:00\",\"dateModified\":\"2025-08-28T11:02:16+00:00\",\"mainEntityOfPage\":{\"@id\":\"http:\/\/filiawielun.bpsieradz.pl\/?p=1382\"},\"wordCount\":759,\"publisher\":{\"@id\":\"http:\/\/filiawielun.bpsieradz.pl\/#organization\"},\"articleSection\":[\"Biblioteka\"],\"inLanguage\":\"pl-PL\"},{\"@type\":\"WebPage\",\"@id\":\"http:\/\/filiawielun.bpsieradz.pl\/?p=1382\",\"url\":\"http:\/\/filiawielun.bpsieradz.pl\/?p=1382\",\"name\":\"OFERTA EDUKACYJNA NA ROK SZKOLNY 2025\/2026 - Biblioteka Pedagogiczna w Sieradzu Filia w Wieluniu\",\"isPartOf\":{\"@id\":\"http:\/\/filiawielun.bpsieradz.pl\/#website\"},\"datePublished\":\"2025-08-28T09:51:17+00:00\",\"dateModified\":\"2025-08-28T11:02:16+00:00\",\"breadcrumb\":{\"@id\":\"http:\/\/filiawielun.bpsieradz.pl\/?p=1382#breadcrumb\"},\"inLanguage\":\"pl-PL\",\"potentialAction\":[{\"@type\":\"ReadAction\",\"target\":[\"http:\/\/filiawielun.bpsieradz.pl\/?p=1382\"]}]},{\"@type\":\"BreadcrumbList\",\"@id\":\"http:\/\/filiawielun.bpsieradz.pl\/?p=1382#breadcrumb\",\"itemListElement\":[{\"@type\":\"ListItem\",\"position\":1,\"name\":\"Strona g\u0142\u00f3wna\",\"item\":\"http:\/\/filiawielun.bpsieradz.pl\/\"},{\"@type\":\"ListItem\",\"position\":2,\"name\":\"OFERTA EDUKACYJNA NA ROK SZKOLNY 2025\/2026\"}]},{\"@type\":\"WebSite\",\"@id\":\"http:\/\/filiawielun.bpsieradz.pl\/#website\",\"url\":\"http:\/\/filiawielun.bpsieradz.pl\/\",\"name\":\"Biblioteka Pedagogiczna w Sieradzu Filia w Wieluniu\",\"description\":\"Strona biblioteki\",\"publisher\":{\"@id\":\"http:\/\/filiawielun.bpsieradz.pl\/#organization\"},\"potentialAction\":[{\"@type\":\"SearchAction\",\"target\":{\"@type\":\"EntryPoint\",\"urlTemplate\":\"http:\/\/filiawielun.bpsieradz.pl\/?s={search_term_string}\"},\"query-input\":{\"@type\":\"PropertyValueSpecification\",\"valueRequired\":true,\"valueName\":\"search_term_string\"}}],\"inLanguage\":\"pl-PL\"},{\"@type\":\"Organization\",\"@id\":\"http:\/\/filiawielun.bpsieradz.pl\/#organization\",\"name\":\"Biblioteka Pedagogiczna w Sieradzu Filia w Wieluniu\",\"url\":\"http:\/\/filiawielun.bpsieradz.pl\/\",\"logo\":{\"@type\":\"ImageObject\",\"inLanguage\":\"pl-PL\",\"@id\":\"http:\/\/filiawielun.bpsieradz.pl\/#\/schema\/logo\/image\/\",\"url\":\"https:\/\/filiawielun.bpsieradz.pl\/wp-content\/uploads\/2025\/04\/cre_lodzkie.webp\",\"contentUrl\":\"https:\/\/filiawielun.bpsieradz.pl\/wp-content\/uploads\/2025\/04\/cre_lodzkie.webp\",\"width\":323,\"height\":50,\"caption\":\"Biblioteka Pedagogiczna w Sieradzu Filia w Wieluniu\"},\"image\":{\"@id\":\"http:\/\/filiawielun.bpsieradz.pl\/#\/schema\/logo\/image\/\"}},{\"@type\":\"Person\",\"@id\":\"http:\/\/filiawielun.bpsieradz.pl\/#\/schema\/person\/ded83f447e250ee0de21791741e06036\",\"name\":\"admin\",\"image\":{\"@type\":\"ImageObject\",\"inLanguage\":\"pl-PL\",\"@id\":\"http:\/\/filiawielun.bpsieradz.pl\/#\/schema\/person\/image\/\",\"url\":\"https:\/\/secure.gravatar.com\/avatar\/7c9baecea61c950fa0ace417ade1d91ec20251533a476dc4eb52114bf5576b3a?s=96&d=mm&r=g\",\"contentUrl\":\"https:\/\/secure.gravatar.com\/avatar\/7c9baecea61c950fa0ace417ade1d91ec20251533a476dc4eb52114bf5576b3a?s=96&d=mm&r=g\",\"caption\":\"admin\"},\"sameAs\":[\"http:\/\/bpsieradz.pl\/filiawielun1\"],\"url\":\"https:\/\/filiawielun.bpsieradz.pl\/?author=1\"}]}<\/script>\n<!-- \/ Yoast SEO plugin. -->","yoast_head_json":{"title":"OFERTA EDUKACYJNA NA ROK SZKOLNY 2025\/2026 - Biblioteka Pedagogiczna w Sieradzu Filia w Wieluniu","robots":{"index":"index","follow":"follow","max-snippet":"max-snippet:-1","max-image-preview":"max-image-preview:large","max-video-preview":"max-video-preview:-1"},"canonical":"http:\/\/filiawielun.bpsieradz.pl\/?p=1382","og_locale":"pl_PL","og_type":"article","og_title":"OFERTA EDUKACYJNA NA ROK SZKOLNY 2025\/2026 - Biblioteka Pedagogiczna w Sieradzu Filia w Wieluniu","og_description":"Propozycje lekcji bibliotecznych i zaj\u0119\u0107 edukacyjnych &nbsp;PRZEDSZKOLA KLASY I &#8211; III SZKO\u0141Y PODSTAWOWEJ KLASY V &#8211; VIII SZKO\u0141Y PODSTAWOWEJ SZKO\u0141Y PONADPODSTAWOWE","og_url":"http:\/\/filiawielun.bpsieradz.pl\/?p=1382","og_site_name":"Biblioteka Pedagogiczna w Sieradzu Filia w Wieluniu","article_published_time":"2025-08-28T09:51:17+00:00","article_modified_time":"2025-08-28T11:02:16+00:00","author":"admin","twitter_card":"summary_large_image","twitter_misc":{"Napisane przez":"admin","Szacowany czas czytania":"4 minuty"},"schema":{"@context":"https:\/\/schema.org","@graph":[{"@type":"Article","@id":"http:\/\/filiawielun.bpsieradz.pl\/?p=1382#article","isPartOf":{"@id":"http:\/\/filiawielun.bpsieradz.pl\/?p=1382"},"author":{"name":"admin","@id":"http:\/\/filiawielun.bpsieradz.pl\/#\/schema\/person\/ded83f447e250ee0de21791741e06036"},"headline":"OFERTA EDUKACYJNA NA ROK SZKOLNY 2025\/2026","datePublished":"2025-08-28T09:51:17+00:00","dateModified":"2025-08-28T11:02:16+00:00","mainEntityOfPage":{"@id":"http:\/\/filiawielun.bpsieradz.pl\/?p=1382"},"wordCount":759,"publisher":{"@id":"http:\/\/filiawielun.bpsieradz.pl\/#organization"},"articleSection":["Biblioteka"],"inLanguage":"pl-PL"},{"@type":"WebPage","@id":"http:\/\/filiawielun.bpsieradz.pl\/?p=1382","url":"http:\/\/filiawielun.bpsieradz.pl\/?p=1382","name":"OFERTA EDUKACYJNA NA ROK SZKOLNY 2025\/2026 - Biblioteka Pedagogiczna w Sieradzu Filia w Wieluniu","isPartOf":{"@id":"http:\/\/filiawielun.bpsieradz.pl\/#website"},"datePublished":"2025-08-28T09:51:17+00:00","dateModified":"2025-08-28T11:02:16+00:00","breadcrumb":{"@id":"http:\/\/filiawielun.bpsieradz.pl\/?p=1382#breadcrumb"},"inLanguage":"pl-PL","potentialAction":[{"@type":"ReadAction","target":["http:\/\/filiawielun.bpsieradz.pl\/?p=1382"]}]},{"@type":"BreadcrumbList","@id":"http:\/\/filiawielun.bpsieradz.pl\/?p=1382#breadcrumb","itemListElement":[{"@type":"ListItem","position":1,"name":"Strona g\u0142\u00f3wna","item":"http:\/\/filiawielun.bpsieradz.pl\/"},{"@type":"ListItem","position":2,"name":"OFERTA EDUKACYJNA NA ROK SZKOLNY 2025\/2026"}]},{"@type":"WebSite","@id":"http:\/\/filiawielun.bpsieradz.pl\/#website","url":"http:\/\/filiawielun.bpsieradz.pl\/","name":"Biblioteka Pedagogiczna w Sieradzu Filia w Wieluniu","description":"Strona biblioteki","publisher":{"@id":"http:\/\/filiawielun.bpsieradz.pl\/#organization"},"potentialAction":[{"@type":"SearchAction","target":{"@type":"EntryPoint","urlTemplate":"http:\/\/filiawielun.bpsieradz.pl\/?s={search_term_string}"},"query-input":{"@type":"PropertyValueSpecification","valueRequired":true,"valueName":"search_term_string"}}],"inLanguage":"pl-PL"},{"@type":"Organization","@id":"http:\/\/filiawielun.bpsieradz.pl\/#organization","name":"Biblioteka Pedagogiczna w Sieradzu Filia w Wieluniu","url":"http:\/\/filiawielun.bpsieradz.pl\/","logo":{"@type":"ImageObject","inLanguage":"pl-PL","@id":"http:\/\/filiawielun.bpsieradz.pl\/#\/schema\/logo\/image\/","url":"https:\/\/filiawielun.bpsieradz.pl\/wp-content\/uploads\/2025\/04\/cre_lodzkie.webp","contentUrl":"https:\/\/filiawielun.bpsieradz.pl\/wp-content\/uploads\/2025\/04\/cre_lodzkie.webp","width":323,"height":50,"caption":"Biblioteka Pedagogiczna w Sieradzu Filia w Wieluniu"},"image":{"@id":"http:\/\/filiawielun.bpsieradz.pl\/#\/schema\/logo\/image\/"}},{"@type":"Person","@id":"http:\/\/filiawielun.bpsieradz.pl\/#\/schema\/person\/ded83f447e250ee0de21791741e06036","name":"admin","image":{"@type":"ImageObject","inLanguage":"pl-PL","@id":"http:\/\/filiawielun.bpsieradz.pl\/#\/schema\/person\/image\/","url":"https:\/\/secure.gravatar.com\/avatar\/7c9baecea61c950fa0ace417ade1d91ec20251533a476dc4eb52114bf5576b3a?s=96&d=mm&r=g","contentUrl":"https:\/\/secure.gravatar.com\/avatar\/7c9baecea61c950fa0ace417ade1d91ec20251533a476dc4eb52114bf5576b3a?s=96&d=mm&r=g","caption":"admin"},"sameAs":["http:\/\/bpsieradz.pl\/filiawielun1"],"url":"https:\/\/filiawielun.bpsieradz.pl\/?author=1"}]}},"rttpg_featured_image_url":null,"rttpg_author":{"display_name":"admin","author_link":"https:\/\/filiawielun.bpsieradz.pl\/?author=1"},"rttpg_comment":0,"rttpg_category":"<a href=\"https:\/\/filiawielun.bpsieradz.pl\/?cat=4\" rel=\"category\">Biblioteka<\/a>","rttpg_excerpt":"Propozycje lekcji bibliotecznych i zaj\u0119\u0107 edukacyjnych &nbsp;PRZEDSZKOLA KLASY I &#8211; III SZKO\u0141Y PODSTAWOWEJ KLASY V &#8211; VIII SZKO\u0141Y PODSTAWOWEJ SZKO\u0141Y PONADPODSTAWOWE","_links":{"self":[{"href":"https:\/\/filiawielun.bpsieradz.pl\/index.php?rest_route=\/wp\/v2\/posts\/1382","targetHints":{"allow":["GET"]}}],"collection":[{"href":"https:\/\/filiawielun.bpsieradz.pl\/index.php?rest_route=\/wp\/v2\/posts"}],"about":[{"href":"https:\/\/filiawielun.bpsieradz.pl\/index.php?rest_route=\/wp\/v2\/types\/post"}],"author":[{"embeddable":true,"href":"https:\/\/filiawielun.bpsieradz.pl\/index.php?rest_route=\/wp\/v2\/users\/1"}],"replies":[{"embeddable":true,"href":"https:\/\/filiawielun.bpsieradz.pl\/index.php?rest_route=%2Fwp%2Fv2%2Fcomments&post=1382"}],"version-history":[{"count":1,"href":"https:\/\/filiawielun.bpsieradz.pl\/index.php?rest_route=\/wp\/v2\/posts\/1382\/revisions"}],"predecessor-version":[{"id":1383,"href":"https:\/\/filiawielun.bpsieradz.pl\/index.php?rest_route=\/wp\/v2\/posts\/1382\/revisions\/1383"}],"wp:attachment":[{"href":"https:\/\/filiawielun.bpsieradz.pl\/index.php?rest_route=%2Fwp%2Fv2%2Fmedia&parent=1382"}],"wp:term":[{"taxonomy":"category","embeddable":true,"href":"https:\/\/filiawielun.bpsieradz.pl\/index.php?rest_route=%2Fwp%2Fv2%2Fcategories&post=1382"},{"taxonomy":"post_tag","embeddable":true,"href":"https:\/\/filiawielun.bpsieradz.pl\/index.php?rest_route=%2Fwp%2Fv2%2Ftags&post=1382"}],"curies":[{"name":"wp","href":"https:\/\/api.w.org\/{rel}","templated":true}]}}