{"id":1300,"date":"2025-05-16T11:54:12","date_gmt":"2025-05-16T11:54:12","guid":{"rendered":"https:\/\/filiawielun.bpsieradz.pl\/?p=1300"},"modified":"2025-05-16T11:54:13","modified_gmt":"2025-05-16T11:54:13","slug":"tydzien-bibliotek-2025-biblioteka-lubie-tu-byc","status":"publish","type":"post","link":"https:\/\/filiawielun.bpsieradz.pl\/?p=1300","title":{"rendered":"Tydzie\u0144 Bibliotek 2025 &#8211; \u201eBiblioteka. Lubi\u0119 tu by\u0107\u201d"},"content":{"rendered":"\n<p class=\"wp-block-paragraph\">Tydzie\u0144 Bibliotek w CREW\u0141 w Sieradzu Biblioteka Pedagogiczna w Sieradzu Filia w Wieluniu rozpocz\u0105\u0142 si\u0119 zaj\u0119ciami literacko \u2013 prozdrowotnymi, na podstawie wiersza &nbsp;Jana Brzechwy \u201eNa straganie\u201d . Wzi\u0119\u0142a w nich udzia\u0142 Grupa \u201eTropiciele\u201d z Publicznego Przedszkola nr 2 w Wieluniu. Rozmawiali\u015bmy o tym, czym jest zdrowie i co nale\u017cy robi\u0107, aby je zachowa\u0107. Om\u00f3wili\u015bmy piramid\u0119 \u017cywieniow\u0105 oraz kolory warzyw i owoc\u00f3w i ich znaczenie dla organizmu cz\u0142owieka. Dzieci dopasowywa\u0142y \u201ewarzywa i owoce\u201d do w\u0142a\u015bciwych kolor\u00f3w. Nast\u0119pnie wys\u0142ucha\u0142y interpretacji wiersza &#8222;Na straganie&#8221; ze strony KAMLOTKI. Przedszkolaki kolorowa\u0142y i wycina\u0142y warzywa i owoce, kt\u00f3rymi zape\u0142ni\u0142y stragan. Na zako\u0144czenie zaj\u0119\u0107 wys\u0142ucha\u0142y piosenki Witaminki witaminki&#8230;<\/p>\n\n\n\nngg_shortcode_0_placeholder\n\n\n\n<p class=\"wp-block-paragraph\">W kolejnym dniu &nbsp;odwiedzi\u0142a nas grupa cztero \u2013 i pi\u0119ciolatk\u00f3w z Publicznego Przedszkola nr 2 w Wieluniu. Dzieci z\u0142o\u017cy\u0142y nam \u017cyczenia z okazji Dnia Bibliotekarza i wr\u0119czy\u0142y nam przepi\u0119kne laurki. Przedszkolaki pozna\u0142y r\u00f3\u017cne formy ksi\u0105\u017cek dla dzieci : sensoryczne, przestrzenne, e-booki, audiobooki a tak\u017ce ksi\u0105\u017cki o naszej planecie Ziemi : atlasy, encyklopedie, podr\u0119czniki z geografii.<\/p>\n\n\n\n<p class=\"wp-block-paragraph\">Nast\u0119pnie rozmawiali\u015bmy o tym,&nbsp; jak wygl\u0105da Ziemia, kto j\u0105 zamieszkuje, i o tym co mo\u017cemy da\u0107 naszej planecie w&nbsp; prezencie z okazji &#8222;Dnia Ziemi&#8221; czy &#8222;Dnia Wody&#8221; , a przede wszystkim na co dzie\u0144. Dzieci wys\u0142ucha\u0142y opowiadania \u201ePrzygody pingwina Pingo\u201d cz. 1: &#8222;Te niezno\u015bne \u015bmieci w oceanie&#8221; w formie teatrzyku Kamishibai, a p\u00f3\u017aniej zastanawiali\u015bmy ci\u0119 co robi\u0107, aby na Ziemi by\u0142o mniej \u015bmieci i jak wa\u017cne jest ich segregowanie i recykling. Przedszkolaki obejrza\u0142y filmik animowany Recykling. Bajka Zosi (<a href=\"https:\/\/www.youtube.com\/watch?v=ONecKGJBa_M\">https:\/\/www.youtube.com\/watch?v=ONecKGJBa_M<\/a>),&nbsp; a nast\u0119pnie uczestniczy\u0142y w zabawie edukacyjnej segreguj\u0105c \u015bmieci (papier i plastik) do oznakowanych specjalnie work\u00f3w. Na zako\u0144czenie, przy pomocy pa\u0144 bibliotekarek i pani nauczycielki u\u0142o\u017cy\u0142y has\u0142o Tygodnia Bibliotek 2025 : \u201eBiblioteka. Lubi\u0119 tu by\u0107\u201d.<\/p>\n\n\n\nngg_shortcode_1_placeholder\n\n\n\n<p class=\"wp-block-paragraph\"><em>13 maja uczniowie <\/em>&nbsp;z Katolickiego Liceum Og\u00f3lnokszta\u0142c\u0105cego im. Bp. Teodora Kubiny uczestniczyli w zaj\u0119ciach \u201eMoje Mont Everesty\u201d. Zapoznali si\u0119 z postaci\u0105&nbsp; Wandy Rutkiewicz \u2013 himalaistki, zdobywczyni Mount Everestu i pierwszej kobiety, kt\u00f3ra stan\u0119\u0142a na szczycie K2. Prezentacja dotycz\u0105ca \u017cycia i g\u00f3rskich wypraw Wandy Rutkiewicz, a szczeg\u00f3lnie s\u0142owa &#8222;ka\u017cdy ma sw\u00f3j Everest&#8221; by\u0142y punktem wyj\u015bcia do rozmowy na temat marze\u0144 i d\u0105\u017cenia do ich realizacji. Uczniowie zastanawiali si\u0119 wsp\u00f3lnie, czego potrzebuje himalaista, by zdoby\u0107 Mount Everest czy jakikolwiek inny szczyt, jakimi cechami charakteru powinien si\u0119 wykazywa\u0107. Zadaniem uczni\u00f3w by\u0142o napisanie na karcie pracy, jakie kroki musz\u0105 podj\u0105\u0107, by dotrze\u0107 na szczyt swoich marze\u0144, a z jakimi trudno\u015bciami trzeba b\u0119dzie si\u0119 zmierzy\u0107. Zastanawiali si\u0119 r\u00f3wnie\u017c nad wyborem zawodu, jakie predyspozycje trzeba mie\u0107 do ich wykonywania i jaka jest droga do zostania np. lekarzem, prawnikiem, pi\u0142karzem czy programist\u0105.<\/p>\n\n\n\nngg_shortcode_2_placeholder\n\n\n\n<p class=\"wp-block-paragraph\">W ramach obchod\u00f3w odby\u0142o si\u0119 te\u017c kolejne spotkanie mi\u0142o\u015bniczek szyde\u0142kowania i rob\u00f3tek r\u0119cznych pod nazw\u0105 &#8222;K\u00f3\u0142ko rob\u00f3tek zr\u0119cznych :)&#8221;. To doskona\u0142a okazja, by podzieli\u0107 si\u0119 swoj\u0105 pasj\u0105, nauczy\u0107 nowych technik, sp\u0119dzi\u0107 czas w inspiruj\u0105cym gronie. Niezale\u017cnie od poziomu zaawansowania, ka\u017cdy znalaz\u0142 co\u015b dla siebie.<\/p>\n\n\n\nngg_shortcode_3_placeholder\n\n\n\n<p class=\"wp-block-paragraph\">W oznaczonym miejscu zorganizowano K\u0105cik &#8222;Przygarnij ksi\u0105\u017ck\u0119&#8221;, gdzie mo\u017cna by\u0142o zaopiekowa\u0107 si\u0119 wybran\u0105, interesuj\u0105c\u0105 ksi\u0105\u017ck\u0105 lub przekaza\u0107 przeczytan\u0105 ju\u017c komu\u015b innemu.<\/p>\n\n\n\n<p class=\"wp-block-paragraph\">Uzupe\u0142nieniem obchod\u00f3w Tygodnia Bibliotek by\u0142y wystawy dotycz\u0105ce Patron\u00f3w roku 2025: Stefana \u017beromskiego, Antoniego S\u0142onimskiego i Olgi Bozna\u0144skiej.<\/p>\n\n\n\n<p class=\"wp-block-paragraph\"><\/p>\n","protected":false},"excerpt":{"rendered":"<p>Tydzie\u0144 Bibliotek w CREW\u0141 w Sieradzu Biblioteka Pedagogiczna w Sieradzu Filia w Wieluniu rozpocz\u0105\u0142 si\u0119 zaj\u0119ciami literacko \u2013 prozdrowotnymi, na podstawie wiersza &nbsp;Jana Brzechwy \u201eNa straganie\u201d . Wzi\u0119\u0142a w nich &#8230;<\/p>\n","protected":false},"author":1,"featured_media":1357,"comment_status":"closed","ping_status":"open","sticky":false,"template":"","format":"standard","meta":{"ngg_post_thumbnail":0,"footnotes":""},"categories":[2],"tags":[],"class_list":["post-1300","post","type-post","status-publish","format-standard","has-post-thumbnail","hentry","category-aktualnosci"],"yoast_head":"<!-- This site is optimized with the Yoast SEO plugin v25.6 - https:\/\/yoast.com\/wordpress\/plugins\/seo\/ -->\n<title>Tydzie\u0144 Bibliotek 2025 - \u201eBiblioteka. Lubi\u0119 tu by\u0107\u201d - Biblioteka Pedagogiczna w Sieradzu Filia w Wieluniu<\/title>\n<meta name=\"robots\" content=\"index, follow, max-snippet:-1, max-image-preview:large, max-video-preview:-1\" \/>\n<link rel=\"canonical\" href=\"http:\/\/filiawielun.bpsieradz.pl\/?p=1300\" \/>\n<meta property=\"og:locale\" content=\"pl_PL\" \/>\n<meta property=\"og:type\" content=\"article\" \/>\n<meta property=\"og:title\" content=\"Tydzie\u0144 Bibliotek 2025 - \u201eBiblioteka. Lubi\u0119 tu by\u0107\u201d - Biblioteka Pedagogiczna w Sieradzu Filia w Wieluniu\" \/>\n<meta property=\"og:description\" content=\"Tydzie\u0144 Bibliotek w CREW\u0141 w Sieradzu Biblioteka Pedagogiczna w Sieradzu Filia w Wieluniu rozpocz\u0105\u0142 si\u0119 zaj\u0119ciami literacko \u2013 prozdrowotnymi, na podstawie wiersza &nbsp;Jana Brzechwy \u201eNa straganie\u201d . Wzi\u0119\u0142a w nich ...\" \/>\n<meta property=\"og:url\" content=\"http:\/\/filiawielun.bpsieradz.pl\/?p=1300\" \/>\n<meta property=\"og:site_name\" content=\"Biblioteka Pedagogiczna w Sieradzu Filia w Wieluniu\" \/>\n<meta property=\"article:published_time\" content=\"2025-05-16T11:54:12+00:00\" \/>\n<meta property=\"article:modified_time\" content=\"2025-05-16T11:54:13+00:00\" \/>\n<meta property=\"og:image\" content=\"http:\/\/filiawielun.bpsieradz.pl\/wp-content\/uploads\/2025\/05\/0.jpg\" \/>\n\t<meta property=\"og:image:width\" content=\"1451\" \/>\n\t<meta property=\"og:image:height\" content=\"2048\" \/>\n\t<meta property=\"og:image:type\" content=\"image\/jpeg\" \/>\n<meta name=\"author\" content=\"admin\" \/>\n<meta name=\"twitter:card\" content=\"summary_large_image\" \/>\n<meta name=\"twitter:label1\" content=\"Napisane przez\" \/>\n\t<meta name=\"twitter:data1\" content=\"admin\" \/>\n\t<meta name=\"twitter:label2\" content=\"Szacowany czas czytania\" \/>\n\t<meta name=\"twitter:data2\" content=\"3 minuty\" \/>\n<script type=\"application\/ld+json\" class=\"yoast-schema-graph\">{\"@context\":\"https:\/\/schema.org\",\"@graph\":[{\"@type\":\"Article\",\"@id\":\"http:\/\/filiawielun.bpsieradz.pl\/?p=1300#article\",\"isPartOf\":{\"@id\":\"http:\/\/filiawielun.bpsieradz.pl\/?p=1300\"},\"author\":{\"name\":\"admin\",\"@id\":\"http:\/\/filiawielun.bpsieradz.pl\/#\/schema\/person\/ded83f447e250ee0de21791741e06036\"},\"headline\":\"Tydzie\u0144 Bibliotek 2025 &#8211; \u201eBiblioteka. Lubi\u0119 tu by\u0107\u201d\",\"datePublished\":\"2025-05-16T11:54:12+00:00\",\"dateModified\":\"2025-05-16T11:54:13+00:00\",\"mainEntityOfPage\":{\"@id\":\"http:\/\/filiawielun.bpsieradz.pl\/?p=1300\"},\"wordCount\":637,\"publisher\":{\"@id\":\"http:\/\/filiawielun.bpsieradz.pl\/#organization\"},\"image\":{\"@id\":\"http:\/\/filiawielun.bpsieradz.pl\/?p=1300#primaryimage\"},\"thumbnailUrl\":\"https:\/\/filiawielun.bpsieradz.pl\/wp-content\/uploads\/2025\/05\/0.jpg\",\"articleSection\":[\"Aktualno\u015bci\"],\"inLanguage\":\"pl-PL\"},{\"@type\":\"WebPage\",\"@id\":\"http:\/\/filiawielun.bpsieradz.pl\/?p=1300\",\"url\":\"http:\/\/filiawielun.bpsieradz.pl\/?p=1300\",\"name\":\"Tydzie\u0144 Bibliotek 2025 - \u201eBiblioteka. Lubi\u0119 tu by\u0107\u201d - Biblioteka Pedagogiczna w Sieradzu Filia w Wieluniu\",\"isPartOf\":{\"@id\":\"http:\/\/filiawielun.bpsieradz.pl\/#website\"},\"primaryImageOfPage\":{\"@id\":\"http:\/\/filiawielun.bpsieradz.pl\/?p=1300#primaryimage\"},\"image\":{\"@id\":\"http:\/\/filiawielun.bpsieradz.pl\/?p=1300#primaryimage\"},\"thumbnailUrl\":\"https:\/\/filiawielun.bpsieradz.pl\/wp-content\/uploads\/2025\/05\/0.jpg\",\"datePublished\":\"2025-05-16T11:54:12+00:00\",\"dateModified\":\"2025-05-16T11:54:13+00:00\",\"breadcrumb\":{\"@id\":\"http:\/\/filiawielun.bpsieradz.pl\/?p=1300#breadcrumb\"},\"inLanguage\":\"pl-PL\",\"potentialAction\":[{\"@type\":\"ReadAction\",\"target\":[\"http:\/\/filiawielun.bpsieradz.pl\/?p=1300\"]}]},{\"@type\":\"ImageObject\",\"inLanguage\":\"pl-PL\",\"@id\":\"http:\/\/filiawielun.bpsieradz.pl\/?p=1300#primaryimage\",\"url\":\"https:\/\/filiawielun.bpsieradz.pl\/wp-content\/uploads\/2025\/05\/0.jpg\",\"contentUrl\":\"https:\/\/filiawielun.bpsieradz.pl\/wp-content\/uploads\/2025\/05\/0.jpg\",\"width\":1451,\"height\":2048},{\"@type\":\"BreadcrumbList\",\"@id\":\"http:\/\/filiawielun.bpsieradz.pl\/?p=1300#breadcrumb\",\"itemListElement\":[{\"@type\":\"ListItem\",\"position\":1,\"name\":\"Strona g\u0142\u00f3wna\",\"item\":\"http:\/\/filiawielun.bpsieradz.pl\/\"},{\"@type\":\"ListItem\",\"position\":2,\"name\":\"Tydzie\u0144 Bibliotek 2025 &#8211; \u201eBiblioteka. Lubi\u0119 tu by\u0107\u201d\"}]},{\"@type\":\"WebSite\",\"@id\":\"http:\/\/filiawielun.bpsieradz.pl\/#website\",\"url\":\"http:\/\/filiawielun.bpsieradz.pl\/\",\"name\":\"Biblioteka Pedagogiczna w Sieradzu Filia w Wieluniu\",\"description\":\"Strona biblioteki\",\"publisher\":{\"@id\":\"http:\/\/filiawielun.bpsieradz.pl\/#organization\"},\"potentialAction\":[{\"@type\":\"SearchAction\",\"target\":{\"@type\":\"EntryPoint\",\"urlTemplate\":\"http:\/\/filiawielun.bpsieradz.pl\/?s={search_term_string}\"},\"query-input\":{\"@type\":\"PropertyValueSpecification\",\"valueRequired\":true,\"valueName\":\"search_term_string\"}}],\"inLanguage\":\"pl-PL\"},{\"@type\":\"Organization\",\"@id\":\"http:\/\/filiawielun.bpsieradz.pl\/#organization\",\"name\":\"Biblioteka Pedagogiczna w Sieradzu Filia w Wieluniu\",\"url\":\"http:\/\/filiawielun.bpsieradz.pl\/\",\"logo\":{\"@type\":\"ImageObject\",\"inLanguage\":\"pl-PL\",\"@id\":\"http:\/\/filiawielun.bpsieradz.pl\/#\/schema\/logo\/image\/\",\"url\":\"https:\/\/filiawielun.bpsieradz.pl\/wp-content\/uploads\/2025\/04\/cre_lodzkie.webp\",\"contentUrl\":\"https:\/\/filiawielun.bpsieradz.pl\/wp-content\/uploads\/2025\/04\/cre_lodzkie.webp\",\"width\":323,\"height\":50,\"caption\":\"Biblioteka Pedagogiczna w Sieradzu Filia w Wieluniu\"},\"image\":{\"@id\":\"http:\/\/filiawielun.bpsieradz.pl\/#\/schema\/logo\/image\/\"}},{\"@type\":\"Person\",\"@id\":\"http:\/\/filiawielun.bpsieradz.pl\/#\/schema\/person\/ded83f447e250ee0de21791741e06036\",\"name\":\"admin\",\"image\":{\"@type\":\"ImageObject\",\"inLanguage\":\"pl-PL\",\"@id\":\"http:\/\/filiawielun.bpsieradz.pl\/#\/schema\/person\/image\/\",\"url\":\"https:\/\/secure.gravatar.com\/avatar\/7c9baecea61c950fa0ace417ade1d91ec20251533a476dc4eb52114bf5576b3a?s=96&d=mm&r=g\",\"contentUrl\":\"https:\/\/secure.gravatar.com\/avatar\/7c9baecea61c950fa0ace417ade1d91ec20251533a476dc4eb52114bf5576b3a?s=96&d=mm&r=g\",\"caption\":\"admin\"},\"sameAs\":[\"http:\/\/bpsieradz.pl\/filiawielun1\"],\"url\":\"https:\/\/filiawielun.bpsieradz.pl\/?author=1\"}]}<\/script>\n<!-- \/ Yoast SEO plugin. -->","yoast_head_json":{"title":"Tydzie\u0144 Bibliotek 2025 - \u201eBiblioteka. Lubi\u0119 tu by\u0107\u201d - Biblioteka Pedagogiczna w Sieradzu Filia w Wieluniu","robots":{"index":"index","follow":"follow","max-snippet":"max-snippet:-1","max-image-preview":"max-image-preview:large","max-video-preview":"max-video-preview:-1"},"canonical":"http:\/\/filiawielun.bpsieradz.pl\/?p=1300","og_locale":"pl_PL","og_type":"article","og_title":"Tydzie\u0144 Bibliotek 2025 - \u201eBiblioteka. Lubi\u0119 tu by\u0107\u201d - Biblioteka Pedagogiczna w Sieradzu Filia w Wieluniu","og_description":"Tydzie\u0144 Bibliotek w CREW\u0141 w Sieradzu Biblioteka Pedagogiczna w Sieradzu Filia w Wieluniu rozpocz\u0105\u0142 si\u0119 zaj\u0119ciami literacko \u2013 prozdrowotnymi, na podstawie wiersza &nbsp;Jana Brzechwy \u201eNa straganie\u201d . Wzi\u0119\u0142a w nich ...","og_url":"http:\/\/filiawielun.bpsieradz.pl\/?p=1300","og_site_name":"Biblioteka Pedagogiczna w Sieradzu Filia w Wieluniu","article_published_time":"2025-05-16T11:54:12+00:00","article_modified_time":"2025-05-16T11:54:13+00:00","og_image":[{"width":1451,"height":2048,"url":"http:\/\/filiawielun.bpsieradz.pl\/wp-content\/uploads\/2025\/05\/0.jpg","type":"image\/jpeg"}],"author":"admin","twitter_card":"summary_large_image","twitter_misc":{"Napisane przez":"admin","Szacowany czas czytania":"3 minuty"},"schema":{"@context":"https:\/\/schema.org","@graph":[{"@type":"Article","@id":"http:\/\/filiawielun.bpsieradz.pl\/?p=1300#article","isPartOf":{"@id":"http:\/\/filiawielun.bpsieradz.pl\/?p=1300"},"author":{"name":"admin","@id":"http:\/\/filiawielun.bpsieradz.pl\/#\/schema\/person\/ded83f447e250ee0de21791741e06036"},"headline":"Tydzie\u0144 Bibliotek 2025 &#8211; \u201eBiblioteka. Lubi\u0119 tu by\u0107\u201d","datePublished":"2025-05-16T11:54:12+00:00","dateModified":"2025-05-16T11:54:13+00:00","mainEntityOfPage":{"@id":"http:\/\/filiawielun.bpsieradz.pl\/?p=1300"},"wordCount":637,"publisher":{"@id":"http:\/\/filiawielun.bpsieradz.pl\/#organization"},"image":{"@id":"http:\/\/filiawielun.bpsieradz.pl\/?p=1300#primaryimage"},"thumbnailUrl":"https:\/\/filiawielun.bpsieradz.pl\/wp-content\/uploads\/2025\/05\/0.jpg","articleSection":["Aktualno\u015bci"],"inLanguage":"pl-PL"},{"@type":"WebPage","@id":"http:\/\/filiawielun.bpsieradz.pl\/?p=1300","url":"http:\/\/filiawielun.bpsieradz.pl\/?p=1300","name":"Tydzie\u0144 Bibliotek 2025 - \u201eBiblioteka. Lubi\u0119 tu by\u0107\u201d - Biblioteka Pedagogiczna w Sieradzu Filia w Wieluniu","isPartOf":{"@id":"http:\/\/filiawielun.bpsieradz.pl\/#website"},"primaryImageOfPage":{"@id":"http:\/\/filiawielun.bpsieradz.pl\/?p=1300#primaryimage"},"image":{"@id":"http:\/\/filiawielun.bpsieradz.pl\/?p=1300#primaryimage"},"thumbnailUrl":"https:\/\/filiawielun.bpsieradz.pl\/wp-content\/uploads\/2025\/05\/0.jpg","datePublished":"2025-05-16T11:54:12+00:00","dateModified":"2025-05-16T11:54:13+00:00","breadcrumb":{"@id":"http:\/\/filiawielun.bpsieradz.pl\/?p=1300#breadcrumb"},"inLanguage":"pl-PL","potentialAction":[{"@type":"ReadAction","target":["http:\/\/filiawielun.bpsieradz.pl\/?p=1300"]}]},{"@type":"ImageObject","inLanguage":"pl-PL","@id":"http:\/\/filiawielun.bpsieradz.pl\/?p=1300#primaryimage","url":"https:\/\/filiawielun.bpsieradz.pl\/wp-content\/uploads\/2025\/05\/0.jpg","contentUrl":"https:\/\/filiawielun.bpsieradz.pl\/wp-content\/uploads\/2025\/05\/0.jpg","width":1451,"height":2048},{"@type":"BreadcrumbList","@id":"http:\/\/filiawielun.bpsieradz.pl\/?p=1300#breadcrumb","itemListElement":[{"@type":"ListItem","position":1,"name":"Strona g\u0142\u00f3wna","item":"http:\/\/filiawielun.bpsieradz.pl\/"},{"@type":"ListItem","position":2,"name":"Tydzie\u0144 Bibliotek 2025 &#8211; \u201eBiblioteka. Lubi\u0119 tu by\u0107\u201d"}]},{"@type":"WebSite","@id":"http:\/\/filiawielun.bpsieradz.pl\/#website","url":"http:\/\/filiawielun.bpsieradz.pl\/","name":"Biblioteka Pedagogiczna w Sieradzu Filia w Wieluniu","description":"Strona biblioteki","publisher":{"@id":"http:\/\/filiawielun.bpsieradz.pl\/#organization"},"potentialAction":[{"@type":"SearchAction","target":{"@type":"EntryPoint","urlTemplate":"http:\/\/filiawielun.bpsieradz.pl\/?s={search_term_string}"},"query-input":{"@type":"PropertyValueSpecification","valueRequired":true,"valueName":"search_term_string"}}],"inLanguage":"pl-PL"},{"@type":"Organization","@id":"http:\/\/filiawielun.bpsieradz.pl\/#organization","name":"Biblioteka Pedagogiczna w Sieradzu Filia w Wieluniu","url":"http:\/\/filiawielun.bpsieradz.pl\/","logo":{"@type":"ImageObject","inLanguage":"pl-PL","@id":"http:\/\/filiawielun.bpsieradz.pl\/#\/schema\/logo\/image\/","url":"https:\/\/filiawielun.bpsieradz.pl\/wp-content\/uploads\/2025\/04\/cre_lodzkie.webp","contentUrl":"https:\/\/filiawielun.bpsieradz.pl\/wp-content\/uploads\/2025\/04\/cre_lodzkie.webp","width":323,"height":50,"caption":"Biblioteka Pedagogiczna w Sieradzu Filia w Wieluniu"},"image":{"@id":"http:\/\/filiawielun.bpsieradz.pl\/#\/schema\/logo\/image\/"}},{"@type":"Person","@id":"http:\/\/filiawielun.bpsieradz.pl\/#\/schema\/person\/ded83f447e250ee0de21791741e06036","name":"admin","image":{"@type":"ImageObject","inLanguage":"pl-PL","@id":"http:\/\/filiawielun.bpsieradz.pl\/#\/schema\/person\/image\/","url":"https:\/\/secure.gravatar.com\/avatar\/7c9baecea61c950fa0ace417ade1d91ec20251533a476dc4eb52114bf5576b3a?s=96&d=mm&r=g","contentUrl":"https:\/\/secure.gravatar.com\/avatar\/7c9baecea61c950fa0ace417ade1d91ec20251533a476dc4eb52114bf5576b3a?s=96&d=mm&r=g","caption":"admin"},"sameAs":["http:\/\/bpsieradz.pl\/filiawielun1"],"url":"https:\/\/filiawielun.bpsieradz.pl\/?author=1"}]}},"rttpg_featured_image_url":{"full":["https:\/\/filiawielun.bpsieradz.pl\/wp-content\/uploads\/2025\/05\/0.jpg",1451,2048,false],"landscape":["https:\/\/filiawielun.bpsieradz.pl\/wp-content\/uploads\/2025\/05\/0.jpg",1451,2048,false],"portraits":["https:\/\/filiawielun.bpsieradz.pl\/wp-content\/uploads\/2025\/05\/0.jpg",1451,2048,false],"thumbnail":["https:\/\/filiawielun.bpsieradz.pl\/wp-content\/uploads\/2025\/05\/0-150x150.jpg",150,150,true],"medium":["https:\/\/filiawielun.bpsieradz.pl\/wp-content\/uploads\/2025\/05\/0-213x300.jpg",213,300,true],"large":["https:\/\/filiawielun.bpsieradz.pl\/wp-content\/uploads\/2025\/05\/0-726x1024.jpg",726,1024,true],"1536x1536":["https:\/\/filiawielun.bpsieradz.pl\/wp-content\/uploads\/2025\/05\/0-1088x1536.jpg",1088,1536,true],"2048x2048":["https:\/\/filiawielun.bpsieradz.pl\/wp-content\/uploads\/2025\/05\/0.jpg",1451,2048,false],"onepress-blog-small":["https:\/\/filiawielun.bpsieradz.pl\/wp-content\/uploads\/2025\/05\/0-300x150.jpg",300,150,true],"onepress-small":["https:\/\/filiawielun.bpsieradz.pl\/wp-content\/uploads\/2025\/05\/0-480x300.jpg",480,300,true],"onepress-medium":["https:\/\/filiawielun.bpsieradz.pl\/wp-content\/uploads\/2025\/05\/0-640x400.jpg",640,400,true]},"rttpg_author":{"display_name":"admin","author_link":"https:\/\/filiawielun.bpsieradz.pl\/?author=1"},"rttpg_comment":0,"rttpg_category":"<a href=\"https:\/\/filiawielun.bpsieradz.pl\/?cat=2\" rel=\"category\">Aktualno\u015bci<\/a>","rttpg_excerpt":"Tydzie\u0144 Bibliotek w CREW\u0141 w Sieradzu Biblioteka Pedagogiczna w Sieradzu Filia w Wieluniu rozpocz\u0105\u0142 si\u0119 zaj\u0119ciami literacko \u2013 prozdrowotnymi, na podstawie wiersza &nbsp;Jana Brzechwy \u201eNa straganie\u201d . Wzi\u0119\u0142a w nich ...","_links":{"self":[{"href":"https:\/\/filiawielun.bpsieradz.pl\/index.php?rest_route=\/wp\/v2\/posts\/1300","targetHints":{"allow":["GET"]}}],"collection":[{"href":"https:\/\/filiawielun.bpsieradz.pl\/index.php?rest_route=\/wp\/v2\/posts"}],"about":[{"href":"https:\/\/filiawielun.bpsieradz.pl\/index.php?rest_route=\/wp\/v2\/types\/post"}],"author":[{"embeddable":true,"href":"https:\/\/filiawielun.bpsieradz.pl\/index.php?rest_route=\/wp\/v2\/users\/1"}],"replies":[{"embeddable":true,"href":"https:\/\/filiawielun.bpsieradz.pl\/index.php?rest_route=%2Fwp%2Fv2%2Fcomments&post=1300"}],"version-history":[{"count":1,"href":"https:\/\/filiawielun.bpsieradz.pl\/index.php?rest_route=\/wp\/v2\/posts\/1300\/revisions"}],"predecessor-version":[{"id":1358,"href":"https:\/\/filiawielun.bpsieradz.pl\/index.php?rest_route=\/wp\/v2\/posts\/1300\/revisions\/1358"}],"wp:featuredmedia":[{"embeddable":true,"href":"https:\/\/filiawielun.bpsieradz.pl\/index.php?rest_route=\/wp\/v2\/media\/1357"}],"wp:attachment":[{"href":"https:\/\/filiawielun.bpsieradz.pl\/index.php?rest_route=%2Fwp%2Fv2%2Fmedia&parent=1300"}],"wp:term":[{"taxonomy":"category","embeddable":true,"href":"https:\/\/filiawielun.bpsieradz.pl\/index.php?rest_route=%2Fwp%2Fv2%2Fcategories&post=1300"},{"taxonomy":"post_tag","embeddable":true,"href":"https:\/\/filiawielun.bpsieradz.pl\/index.php?rest_route=%2Fwp%2Fv2%2Ftags&post=1300"}],"curies":[{"name":"wp","href":"https:\/\/api.w.org\/{rel}","templated":true}]}}