{"id":1197,"date":"2024-12-10T08:02:00","date_gmt":"2024-12-10T08:02:00","guid":{"rendered":"http:\/\/filiawielun.bpsieradz.pl\/?p=1197"},"modified":"2025-01-02T08:10:12","modified_gmt":"2025-01-02T08:10:12","slug":"4-grudnia-obchodzimy-dzien-gornika-zwany-barborka","status":"publish","type":"post","link":"https:\/\/filiawielun.bpsieradz.pl\/?p=1197","title":{"rendered":"4 grudnia obchodzimy Dzie\u0144 G\u00f3rnika zwany Barb\u00f3rk\u0105."},"content":{"rendered":"\n<p class=\"wp-block-paragraph\">Barb\u00f3rka jest obchodzona w dniu \u015bw. Barbary z Nikomedii, patronki dobrej \u015bmierci i trudnej pracy. Poza g\u00f3rnikami Barb\u00f3rk\u0119 obchodz\u0105 tak\u017ce geolodzy i inne osoby wykonuj\u0105ce zawody zwi\u0105zane z poszukiwaniem paliw kopalnych. W tradycji g\u00f3rniczej Barb\u00f3rka rozpoczyna si\u0119 porann\u0105 uroczyst\u0105 msz\u0105 w ko\u015bciele lub w cechowni, przy figurze \u015bw. Barbary. Nast\u0119pnie orkiestra g\u00f3rnicza maszeruje, graj\u0105c m.in. sw\u00f3j hymn, w osiedlach zamieszkanych przez g\u00f3rnik\u00f3w i ich rodziny oraz pod domami dyrekcji. Odbywaj\u0105 si\u0119 uroczyste akademie oraz spotkania. Z okazji tego dnia organizowane s\u0105 r\u00f3wnie\u017c: koncerty, wyst\u0119py artystyczne, zabawy oraz bale, w kt\u00f3rych uczestnicz\u0105 ca\u0142e rodziny g\u00f3rnicze.<\/p>\n\n\n\n<p class=\"wp-block-paragraph\">W\u0142\u0105czaj\u0105c si\u0119 w obchody tego \u015bwi\u0119ta Biblioteka Pedagogiczna w Wieluniu zorganizowa\u0142a spotkanie dla uczni\u00f3w&nbsp; klasy Ia ze Szko\u0142y Podstawowej nr 4 im. Kr\u00f3lowej Jadwigi w Wieluniu z emerytowanym g\u00f3rnikiem Panem Adamem Palichlebem. Dzieci z wielkim zainteresowaniem wys\u0142ucha\u0142y jak wygl\u0105da\u0142a praca g\u00f3rnika w Kopalni W\u0119gla Kamiennego Nowa Ruda na Dolnym \u015al\u0105sku. Nast\u0119pnie Pan Adam&nbsp; opowiedzia\u0142 dzieciom o poszczeg\u00f3lnych elementach galowego stroju g\u00f3rniczego. Dzieci obejrza\u0142y film edukacyjny Barbary \u0141ukowiak \u201eJak powsta\u0142 w\u0119giel\u201d oraz&nbsp; \u201eDzie\u0144 g\u00f3rnika dla dzieci \u2013 zaw\u00f3d g\u00f3rnik\u201d. Na zako\u0144czenie zaj\u0119\u0107 rysowa\u0142y w\u0119glem czapk\u0119 g\u00f3rnicz\u0105, a niekt\u00f3rzy r\u00f3wnie\u017c g\u00f3rnika \ud83d\ude42<\/p>\n\n\n\nngg_shortcode_0_placeholder\n","protected":false},"excerpt":{"rendered":"<p>Barb\u00f3rka jest obchodzona w dniu \u015bw. Barbary z Nikomedii, patronki dobrej \u015bmierci i trudnej pracy. Poza g\u00f3rnikami Barb\u00f3rk\u0119 obchodz\u0105 tak\u017ce geolodzy i inne osoby wykonuj\u0105ce zawody zwi\u0105zane z poszukiwaniem paliw &#8230;<\/p>\n","protected":false},"author":1,"featured_media":1219,"comment_status":"closed","ping_status":"closed","sticky":false,"template":"","format":"standard","meta":{"ngg_post_thumbnail":0,"footnotes":""},"categories":[2],"tags":[],"class_list":["post-1197","post","type-post","status-publish","format-standard","has-post-thumbnail","hentry","category-aktualnosci"],"yoast_head":"<!-- This site is optimized with the Yoast SEO plugin v25.6 - https:\/\/yoast.com\/wordpress\/plugins\/seo\/ -->\n<title>4 grudnia obchodzimy Dzie\u0144 G\u00f3rnika zwany Barb\u00f3rk\u0105. - Biblioteka Pedagogiczna w Sieradzu Filia w Wieluniu<\/title>\n<meta name=\"robots\" content=\"index, follow, max-snippet:-1, max-image-preview:large, max-video-preview:-1\" \/>\n<link rel=\"canonical\" href=\"http:\/\/filiawielun.bpsieradz.pl\/?p=1197\" \/>\n<meta property=\"og:locale\" content=\"pl_PL\" \/>\n<meta property=\"og:type\" content=\"article\" \/>\n<meta property=\"og:title\" content=\"4 grudnia obchodzimy Dzie\u0144 G\u00f3rnika zwany Barb\u00f3rk\u0105. - Biblioteka Pedagogiczna w Sieradzu Filia w Wieluniu\" \/>\n<meta property=\"og:description\" content=\"Barb\u00f3rka jest obchodzona w dniu \u015bw. Barbary z Nikomedii, patronki dobrej \u015bmierci i trudnej pracy. Poza g\u00f3rnikami Barb\u00f3rk\u0119 obchodz\u0105 tak\u017ce geolodzy i inne osoby wykonuj\u0105ce zawody zwi\u0105zane z poszukiwaniem paliw ...\" \/>\n<meta property=\"og:url\" content=\"http:\/\/filiawielun.bpsieradz.pl\/?p=1197\" \/>\n<meta property=\"og:site_name\" content=\"Biblioteka Pedagogiczna w Sieradzu Filia w Wieluniu\" \/>\n<meta property=\"article:published_time\" content=\"2024-12-10T08:02:00+00:00\" \/>\n<meta property=\"article:modified_time\" content=\"2025-01-02T08:10:12+00:00\" \/>\n<meta property=\"og:image\" content=\"http:\/\/filiawielun.bpsieradz.pl\/wp-content\/uploads\/2025\/01\/5.jpg\" \/>\n\t<meta property=\"og:image:width\" content=\"1440\" \/>\n\t<meta property=\"og:image:height\" content=\"1920\" \/>\n\t<meta property=\"og:image:type\" content=\"image\/jpeg\" \/>\n<meta name=\"author\" content=\"admin\" \/>\n<meta name=\"twitter:card\" content=\"summary_large_image\" \/>\n<meta name=\"twitter:label1\" content=\"Napisane przez\" \/>\n\t<meta name=\"twitter:data1\" content=\"admin\" \/>\n\t<meta name=\"twitter:label2\" content=\"Szacowany czas czytania\" \/>\n\t<meta name=\"twitter:data2\" content=\"2 minuty\" \/>\n<script type=\"application\/ld+json\" class=\"yoast-schema-graph\">{\"@context\":\"https:\/\/schema.org\",\"@graph\":[{\"@type\":\"Article\",\"@id\":\"http:\/\/filiawielun.bpsieradz.pl\/?p=1197#article\",\"isPartOf\":{\"@id\":\"http:\/\/filiawielun.bpsieradz.pl\/?p=1197\"},\"author\":{\"name\":\"admin\",\"@id\":\"http:\/\/filiawielun.bpsieradz.pl\/#\/schema\/person\/ded83f447e250ee0de21791741e06036\"},\"headline\":\"4 grudnia obchodzimy Dzie\u0144 G\u00f3rnika zwany Barb\u00f3rk\u0105.\",\"datePublished\":\"2024-12-10T08:02:00+00:00\",\"dateModified\":\"2025-01-02T08:10:12+00:00\",\"mainEntityOfPage\":{\"@id\":\"http:\/\/filiawielun.bpsieradz.pl\/?p=1197\"},\"wordCount\":252,\"publisher\":{\"@id\":\"http:\/\/filiawielun.bpsieradz.pl\/#organization\"},\"image\":{\"@id\":\"http:\/\/filiawielun.bpsieradz.pl\/?p=1197#primaryimage\"},\"thumbnailUrl\":\"https:\/\/filiawielun.bpsieradz.pl\/wp-content\/uploads\/2025\/01\/5.jpg\",\"articleSection\":[\"Aktualno\u015bci\"],\"inLanguage\":\"pl-PL\"},{\"@type\":\"WebPage\",\"@id\":\"http:\/\/filiawielun.bpsieradz.pl\/?p=1197\",\"url\":\"http:\/\/filiawielun.bpsieradz.pl\/?p=1197\",\"name\":\"4 grudnia obchodzimy Dzie\u0144 G\u00f3rnika zwany Barb\u00f3rk\u0105. - Biblioteka Pedagogiczna w Sieradzu Filia w Wieluniu\",\"isPartOf\":{\"@id\":\"http:\/\/filiawielun.bpsieradz.pl\/#website\"},\"primaryImageOfPage\":{\"@id\":\"http:\/\/filiawielun.bpsieradz.pl\/?p=1197#primaryimage\"},\"image\":{\"@id\":\"http:\/\/filiawielun.bpsieradz.pl\/?p=1197#primaryimage\"},\"thumbnailUrl\":\"https:\/\/filiawielun.bpsieradz.pl\/wp-content\/uploads\/2025\/01\/5.jpg\",\"datePublished\":\"2024-12-10T08:02:00+00:00\",\"dateModified\":\"2025-01-02T08:10:12+00:00\",\"breadcrumb\":{\"@id\":\"http:\/\/filiawielun.bpsieradz.pl\/?p=1197#breadcrumb\"},\"inLanguage\":\"pl-PL\",\"potentialAction\":[{\"@type\":\"ReadAction\",\"target\":[\"http:\/\/filiawielun.bpsieradz.pl\/?p=1197\"]}]},{\"@type\":\"ImageObject\",\"inLanguage\":\"pl-PL\",\"@id\":\"http:\/\/filiawielun.bpsieradz.pl\/?p=1197#primaryimage\",\"url\":\"https:\/\/filiawielun.bpsieradz.pl\/wp-content\/uploads\/2025\/01\/5.jpg\",\"contentUrl\":\"https:\/\/filiawielun.bpsieradz.pl\/wp-content\/uploads\/2025\/01\/5.jpg\",\"width\":1440,\"height\":1920},{\"@type\":\"BreadcrumbList\",\"@id\":\"http:\/\/filiawielun.bpsieradz.pl\/?p=1197#breadcrumb\",\"itemListElement\":[{\"@type\":\"ListItem\",\"position\":1,\"name\":\"Strona g\u0142\u00f3wna\",\"item\":\"http:\/\/filiawielun.bpsieradz.pl\/\"},{\"@type\":\"ListItem\",\"position\":2,\"name\":\"4 grudnia obchodzimy Dzie\u0144 G\u00f3rnika zwany Barb\u00f3rk\u0105.\"}]},{\"@type\":\"WebSite\",\"@id\":\"http:\/\/filiawielun.bpsieradz.pl\/#website\",\"url\":\"http:\/\/filiawielun.bpsieradz.pl\/\",\"name\":\"Biblioteka Pedagogiczna w Sieradzu Filia w Wieluniu\",\"description\":\"Strona biblioteki\",\"publisher\":{\"@id\":\"http:\/\/filiawielun.bpsieradz.pl\/#organization\"},\"potentialAction\":[{\"@type\":\"SearchAction\",\"target\":{\"@type\":\"EntryPoint\",\"urlTemplate\":\"http:\/\/filiawielun.bpsieradz.pl\/?s={search_term_string}\"},\"query-input\":{\"@type\":\"PropertyValueSpecification\",\"valueRequired\":true,\"valueName\":\"search_term_string\"}}],\"inLanguage\":\"pl-PL\"},{\"@type\":\"Organization\",\"@id\":\"http:\/\/filiawielun.bpsieradz.pl\/#organization\",\"name\":\"Biblioteka Pedagogiczna w Sieradzu Filia w Wieluniu\",\"url\":\"http:\/\/filiawielun.bpsieradz.pl\/\",\"logo\":{\"@type\":\"ImageObject\",\"inLanguage\":\"pl-PL\",\"@id\":\"http:\/\/filiawielun.bpsieradz.pl\/#\/schema\/logo\/image\/\",\"url\":\"https:\/\/filiawielun.bpsieradz.pl\/wp-content\/uploads\/2025\/04\/cre_lodzkie.webp\",\"contentUrl\":\"https:\/\/filiawielun.bpsieradz.pl\/wp-content\/uploads\/2025\/04\/cre_lodzkie.webp\",\"width\":323,\"height\":50,\"caption\":\"Biblioteka Pedagogiczna w Sieradzu Filia w Wieluniu\"},\"image\":{\"@id\":\"http:\/\/filiawielun.bpsieradz.pl\/#\/schema\/logo\/image\/\"}},{\"@type\":\"Person\",\"@id\":\"http:\/\/filiawielun.bpsieradz.pl\/#\/schema\/person\/ded83f447e250ee0de21791741e06036\",\"name\":\"admin\",\"image\":{\"@type\":\"ImageObject\",\"inLanguage\":\"pl-PL\",\"@id\":\"http:\/\/filiawielun.bpsieradz.pl\/#\/schema\/person\/image\/\",\"url\":\"https:\/\/secure.gravatar.com\/avatar\/7c9baecea61c950fa0ace417ade1d91ec20251533a476dc4eb52114bf5576b3a?s=96&d=mm&r=g\",\"contentUrl\":\"https:\/\/secure.gravatar.com\/avatar\/7c9baecea61c950fa0ace417ade1d91ec20251533a476dc4eb52114bf5576b3a?s=96&d=mm&r=g\",\"caption\":\"admin\"},\"sameAs\":[\"http:\/\/bpsieradz.pl\/filiawielun1\"],\"url\":\"https:\/\/filiawielun.bpsieradz.pl\/?author=1\"}]}<\/script>\n<!-- \/ Yoast SEO plugin. -->","yoast_head_json":{"title":"4 grudnia obchodzimy Dzie\u0144 G\u00f3rnika zwany Barb\u00f3rk\u0105. - Biblioteka Pedagogiczna w Sieradzu Filia w Wieluniu","robots":{"index":"index","follow":"follow","max-snippet":"max-snippet:-1","max-image-preview":"max-image-preview:large","max-video-preview":"max-video-preview:-1"},"canonical":"http:\/\/filiawielun.bpsieradz.pl\/?p=1197","og_locale":"pl_PL","og_type":"article","og_title":"4 grudnia obchodzimy Dzie\u0144 G\u00f3rnika zwany Barb\u00f3rk\u0105. - Biblioteka Pedagogiczna w Sieradzu Filia w Wieluniu","og_description":"Barb\u00f3rka jest obchodzona w dniu \u015bw. Barbary z Nikomedii, patronki dobrej \u015bmierci i trudnej pracy. Poza g\u00f3rnikami Barb\u00f3rk\u0119 obchodz\u0105 tak\u017ce geolodzy i inne osoby wykonuj\u0105ce zawody zwi\u0105zane z poszukiwaniem paliw ...","og_url":"http:\/\/filiawielun.bpsieradz.pl\/?p=1197","og_site_name":"Biblioteka Pedagogiczna w Sieradzu Filia w Wieluniu","article_published_time":"2024-12-10T08:02:00+00:00","article_modified_time":"2025-01-02T08:10:12+00:00","og_image":[{"width":1440,"height":1920,"url":"http:\/\/filiawielun.bpsieradz.pl\/wp-content\/uploads\/2025\/01\/5.jpg","type":"image\/jpeg"}],"author":"admin","twitter_card":"summary_large_image","twitter_misc":{"Napisane przez":"admin","Szacowany czas czytania":"2 minuty"},"schema":{"@context":"https:\/\/schema.org","@graph":[{"@type":"Article","@id":"http:\/\/filiawielun.bpsieradz.pl\/?p=1197#article","isPartOf":{"@id":"http:\/\/filiawielun.bpsieradz.pl\/?p=1197"},"author":{"name":"admin","@id":"http:\/\/filiawielun.bpsieradz.pl\/#\/schema\/person\/ded83f447e250ee0de21791741e06036"},"headline":"4 grudnia obchodzimy Dzie\u0144 G\u00f3rnika zwany Barb\u00f3rk\u0105.","datePublished":"2024-12-10T08:02:00+00:00","dateModified":"2025-01-02T08:10:12+00:00","mainEntityOfPage":{"@id":"http:\/\/filiawielun.bpsieradz.pl\/?p=1197"},"wordCount":252,"publisher":{"@id":"http:\/\/filiawielun.bpsieradz.pl\/#organization"},"image":{"@id":"http:\/\/filiawielun.bpsieradz.pl\/?p=1197#primaryimage"},"thumbnailUrl":"https:\/\/filiawielun.bpsieradz.pl\/wp-content\/uploads\/2025\/01\/5.jpg","articleSection":["Aktualno\u015bci"],"inLanguage":"pl-PL"},{"@type":"WebPage","@id":"http:\/\/filiawielun.bpsieradz.pl\/?p=1197","url":"http:\/\/filiawielun.bpsieradz.pl\/?p=1197","name":"4 grudnia obchodzimy Dzie\u0144 G\u00f3rnika zwany Barb\u00f3rk\u0105. - Biblioteka Pedagogiczna w Sieradzu Filia w Wieluniu","isPartOf":{"@id":"http:\/\/filiawielun.bpsieradz.pl\/#website"},"primaryImageOfPage":{"@id":"http:\/\/filiawielun.bpsieradz.pl\/?p=1197#primaryimage"},"image":{"@id":"http:\/\/filiawielun.bpsieradz.pl\/?p=1197#primaryimage"},"thumbnailUrl":"https:\/\/filiawielun.bpsieradz.pl\/wp-content\/uploads\/2025\/01\/5.jpg","datePublished":"2024-12-10T08:02:00+00:00","dateModified":"2025-01-02T08:10:12+00:00","breadcrumb":{"@id":"http:\/\/filiawielun.bpsieradz.pl\/?p=1197#breadcrumb"},"inLanguage":"pl-PL","potentialAction":[{"@type":"ReadAction","target":["http:\/\/filiawielun.bpsieradz.pl\/?p=1197"]}]},{"@type":"ImageObject","inLanguage":"pl-PL","@id":"http:\/\/filiawielun.bpsieradz.pl\/?p=1197#primaryimage","url":"https:\/\/filiawielun.bpsieradz.pl\/wp-content\/uploads\/2025\/01\/5.jpg","contentUrl":"https:\/\/filiawielun.bpsieradz.pl\/wp-content\/uploads\/2025\/01\/5.jpg","width":1440,"height":1920},{"@type":"BreadcrumbList","@id":"http:\/\/filiawielun.bpsieradz.pl\/?p=1197#breadcrumb","itemListElement":[{"@type":"ListItem","position":1,"name":"Strona g\u0142\u00f3wna","item":"http:\/\/filiawielun.bpsieradz.pl\/"},{"@type":"ListItem","position":2,"name":"4 grudnia obchodzimy Dzie\u0144 G\u00f3rnika zwany Barb\u00f3rk\u0105."}]},{"@type":"WebSite","@id":"http:\/\/filiawielun.bpsieradz.pl\/#website","url":"http:\/\/filiawielun.bpsieradz.pl\/","name":"Biblioteka Pedagogiczna w Sieradzu Filia w Wieluniu","description":"Strona biblioteki","publisher":{"@id":"http:\/\/filiawielun.bpsieradz.pl\/#organization"},"potentialAction":[{"@type":"SearchAction","target":{"@type":"EntryPoint","urlTemplate":"http:\/\/filiawielun.bpsieradz.pl\/?s={search_term_string}"},"query-input":{"@type":"PropertyValueSpecification","valueRequired":true,"valueName":"search_term_string"}}],"inLanguage":"pl-PL"},{"@type":"Organization","@id":"http:\/\/filiawielun.bpsieradz.pl\/#organization","name":"Biblioteka Pedagogiczna w Sieradzu Filia w Wieluniu","url":"http:\/\/filiawielun.bpsieradz.pl\/","logo":{"@type":"ImageObject","inLanguage":"pl-PL","@id":"http:\/\/filiawielun.bpsieradz.pl\/#\/schema\/logo\/image\/","url":"https:\/\/filiawielun.bpsieradz.pl\/wp-content\/uploads\/2025\/04\/cre_lodzkie.webp","contentUrl":"https:\/\/filiawielun.bpsieradz.pl\/wp-content\/uploads\/2025\/04\/cre_lodzkie.webp","width":323,"height":50,"caption":"Biblioteka Pedagogiczna w Sieradzu Filia w Wieluniu"},"image":{"@id":"http:\/\/filiawielun.bpsieradz.pl\/#\/schema\/logo\/image\/"}},{"@type":"Person","@id":"http:\/\/filiawielun.bpsieradz.pl\/#\/schema\/person\/ded83f447e250ee0de21791741e06036","name":"admin","image":{"@type":"ImageObject","inLanguage":"pl-PL","@id":"http:\/\/filiawielun.bpsieradz.pl\/#\/schema\/person\/image\/","url":"https:\/\/secure.gravatar.com\/avatar\/7c9baecea61c950fa0ace417ade1d91ec20251533a476dc4eb52114bf5576b3a?s=96&d=mm&r=g","contentUrl":"https:\/\/secure.gravatar.com\/avatar\/7c9baecea61c950fa0ace417ade1d91ec20251533a476dc4eb52114bf5576b3a?s=96&d=mm&r=g","caption":"admin"},"sameAs":["http:\/\/bpsieradz.pl\/filiawielun1"],"url":"https:\/\/filiawielun.bpsieradz.pl\/?author=1"}]}},"rttpg_featured_image_url":{"full":["https:\/\/filiawielun.bpsieradz.pl\/wp-content\/uploads\/2025\/01\/5.jpg",1440,1920,false],"landscape":["https:\/\/filiawielun.bpsieradz.pl\/wp-content\/uploads\/2025\/01\/5.jpg",1440,1920,false],"portraits":["https:\/\/filiawielun.bpsieradz.pl\/wp-content\/uploads\/2025\/01\/5.jpg",1440,1920,false],"thumbnail":["https:\/\/filiawielun.bpsieradz.pl\/wp-content\/uploads\/2025\/01\/5-150x150.jpg",150,150,true],"medium":["https:\/\/filiawielun.bpsieradz.pl\/wp-content\/uploads\/2025\/01\/5-225x300.jpg",225,300,true],"large":["https:\/\/filiawielun.bpsieradz.pl\/wp-content\/uploads\/2025\/01\/5-768x1024.jpg",768,1024,true],"1536x1536":["https:\/\/filiawielun.bpsieradz.pl\/wp-content\/uploads\/2025\/01\/5-1152x1536.jpg",1152,1536,true],"2048x2048":["https:\/\/filiawielun.bpsieradz.pl\/wp-content\/uploads\/2025\/01\/5.jpg",1440,1920,false],"onepress-blog-small":["https:\/\/filiawielun.bpsieradz.pl\/wp-content\/uploads\/2025\/01\/5-300x150.jpg",300,150,true],"onepress-small":["https:\/\/filiawielun.bpsieradz.pl\/wp-content\/uploads\/2025\/01\/5-480x300.jpg",480,300,true],"onepress-medium":["https:\/\/filiawielun.bpsieradz.pl\/wp-content\/uploads\/2025\/01\/5-640x400.jpg",640,400,true]},"rttpg_author":{"display_name":"admin","author_link":"https:\/\/filiawielun.bpsieradz.pl\/?author=1"},"rttpg_comment":0,"rttpg_category":"<a href=\"https:\/\/filiawielun.bpsieradz.pl\/?cat=2\" rel=\"category\">Aktualno\u015bci<\/a>","rttpg_excerpt":"Barb\u00f3rka jest obchodzona w dniu \u015bw. Barbary z Nikomedii, patronki dobrej \u015bmierci i trudnej pracy. Poza g\u00f3rnikami Barb\u00f3rk\u0119 obchodz\u0105 tak\u017ce geolodzy i inne osoby wykonuj\u0105ce zawody zwi\u0105zane z poszukiwaniem paliw ...","_links":{"self":[{"href":"https:\/\/filiawielun.bpsieradz.pl\/index.php?rest_route=\/wp\/v2\/posts\/1197","targetHints":{"allow":["GET"]}}],"collection":[{"href":"https:\/\/filiawielun.bpsieradz.pl\/index.php?rest_route=\/wp\/v2\/posts"}],"about":[{"href":"https:\/\/filiawielun.bpsieradz.pl\/index.php?rest_route=\/wp\/v2\/types\/post"}],"author":[{"embeddable":true,"href":"https:\/\/filiawielun.bpsieradz.pl\/index.php?rest_route=\/wp\/v2\/users\/1"}],"replies":[{"embeddable":true,"href":"https:\/\/filiawielun.bpsieradz.pl\/index.php?rest_route=%2Fwp%2Fv2%2Fcomments&post=1197"}],"version-history":[{"count":1,"href":"https:\/\/filiawielun.bpsieradz.pl\/index.php?rest_route=\/wp\/v2\/posts\/1197\/revisions"}],"predecessor-version":[{"id":1220,"href":"https:\/\/filiawielun.bpsieradz.pl\/index.php?rest_route=\/wp\/v2\/posts\/1197\/revisions\/1220"}],"wp:featuredmedia":[{"embeddable":true,"href":"https:\/\/filiawielun.bpsieradz.pl\/index.php?rest_route=\/wp\/v2\/media\/1219"}],"wp:attachment":[{"href":"https:\/\/filiawielun.bpsieradz.pl\/index.php?rest_route=%2Fwp%2Fv2%2Fmedia&parent=1197"}],"wp:term":[{"taxonomy":"category","embeddable":true,"href":"https:\/\/filiawielun.bpsieradz.pl\/index.php?rest_route=%2Fwp%2Fv2%2Fcategories&post=1197"},{"taxonomy":"post_tag","embeddable":true,"href":"https:\/\/filiawielun.bpsieradz.pl\/index.php?rest_route=%2Fwp%2Fv2%2Ftags&post=1197"}],"curies":[{"name":"wp","href":"https:\/\/api.w.org\/{rel}","templated":true}]}}