{"id":1132,"date":"2024-11-14T10:28:49","date_gmt":"2024-11-14T10:28:49","guid":{"rendered":"http:\/\/filiawielun.bpsieradz.pl\/?p=1132"},"modified":"2024-11-14T10:53:52","modified_gmt":"2024-11-14T10:53:52","slug":"vii-edycja-konkursu-recytatorskiego-strofy-dla-niepodleglej-2","status":"publish","type":"post","link":"https:\/\/filiawielun.bpsieradz.pl\/?p=1132","title":{"rendered":"Strofy dla Niepodleg\u0142ej"},"content":{"rendered":"\n<p class=\"wp-block-paragraph\">6 listopada 2024 r. odby\u0142a si\u0119 VII edycja konkursu recytatorskiego \u201eStrofy dla Niepodleg\u0142ej\u201d.<\/p>\n\n\n\n<p class=\"wp-block-paragraph\">Konkurs rozpocz\u0105\u0142 si\u0119 od hymnu w wykonaniu ch\u00f3ru II LO im. J. Korczaka, pod dyrekcj\u0105 Pana Jakuba Jurdzi\u0144skiego.<\/p>\n\n\n\n<p class=\"wp-block-paragraph\">\u201eGromadzimy si\u0119 dzisiaj, aby uczci\u0107 Narodowe \u015awi\u0119to Niepodleg\u0142o\u015bci, dzie\u0144 szczeg\u00f3lnie wa\u017cny dla ka\u017cdego Polaka. 11 listopada 1918 roku, po 123 latach zabor\u00f3w, Polska odzyska\u0142a niepodleg\u0142o\u015b\u0107. To wydarzenie by\u0142o zwie\u0144czeniem wysi\u0142k\u00f3w wielu pokole\u0144 Polak\u00f3w, kt\u00f3rzy walczyli o wolno\u015b\u0107 i prawo do samostanowienia.<\/p>\n\n\n\n<p class=\"wp-block-paragraph\">Dzisiaj, w XXI wieku, w wolnej i niepodleg\u0142ej Polsce, trudno nam sobie wyobrazi\u0107 \u017cycie w kraju pozbawionym suwerenno\u015bci. Tym bardziej powinni\u015bmy pami\u0119ta\u0107 o tych, kt\u00f3rzy po\u015bwi\u0119cili swoje \u017cycie, aby\u015bmy mogli cieszy\u0107 si\u0119 wolno\u015bci\u0105. Pami\u0119tajmy o bohaterach walk o niepodleg\u0142o\u015b\u0107, o \u017co\u0142nierzach, powsta\u0144cach, ale tak\u017ce o poetach, pisarzach i kompozytorach, kt\u00f3rzy podtrzymywali ducha narodu w czasach niewoli. Niepodleg\u0142o\u015b\u0107 to nie tylko dar, ale i zobowi\u0105zanie. To odpowiedzialno\u015b\u0107 za losy naszej Ojczyzny, za jej przysz\u0142o\u015b\u0107. Naszym obowi\u0105zkiem jest budowanie silnego i sprawiedliwego pa\u0144stwa, opartego na zasadach demokracji, poszanowania prawa i wolno\u015bci obywatelskich. To tak\u017ce dba\u0142o\u015b\u0107 o nasz\u0105 kultur\u0119, j\u0119zyk i tradycj\u0119, kt\u00f3re stanowi\u0105 fundament naszej to\u017csamo\u015bci narodowej.<\/p>\n\n\n\n<p class=\"wp-block-paragraph\">Drodzy uczniowie, jeste\u015bcie przysz\u0142o\u015bci\u0105 Polski. To od Was zale\u017cy, jak b\u0119dzie wygl\u0105da\u0142 nasz kraj za kilkana\u015bcie, kilkadziesi\u0105t lat. Wykorzystajcie szans\u0119, jak\u0105 daje Wam wolno\u015b\u0107 i niepodleg\u0142o\u015b\u0107. Uczcie si\u0119, rozwijajcie swoje talenty, b\u0105d\u017acie aktywnymi obywatelami. Pami\u0119tajcie, \u017ce macie wp\u0142yw na rzeczywisto\u015b\u0107, w kt\u00f3rej \u017cyjecie. Niech dzisiejsze \u015bwi\u0119to b\u0119dzie dla nas wszystkich okazj\u0105 do refleksji nad warto\u015bci\u0105 wolno\u015bci i patriotyzmu. Niech b\u0119dzie inspiracj\u0105 do dzia\u0142ania na rzecz dobra naszej Ojczyzny\u201d.<\/p>\n\n\n\n<p class=\"wp-block-paragraph\">Tymi s\u0142owami powitali\u015bmy wszystkich zgromadzonych.<\/p>\n\n\n\n<h4 class=\"wp-block-heading\">Organizatorami s\u0105:<\/h4>\n\n\n\n<ul class=\"wp-block-list\">\n<li>Centrum Rozwoju Edukacji Wojew\u00f3dztwa \u0141\u00f3dzkiego w Sieradzu Biblioteka Pedagogiczna w Wieluniu,<\/li>\n\n\n\n<li>II Liceum Og\u00f3lnokszta\u0142c\u0105ce im. Janusza Korczaka w Wieluniu.<\/li>\n<\/ul>\n\n\n\n<p class=\"wp-block-paragraph\">W konkursie wzi\u0119\u0142o udzia\u0142 32 uczni\u00f3w szk\u00f3\u0142 ponadpodstawowych z Wielunia.<\/p>\n\n\n\n<p class=\"wp-block-paragraph\">W przepi\u0119knych interpretacjach m\u0142odzie\u017cy wybrzmia\u0142a mi\u0142o\u015b\u0107 do tego co nasze, co polskie i najdro\u017csze sercu.<\/p>\n\n\n\n<p class=\"wp-block-paragraph\">Jury w sk\u0142adzie: Pani Magdalena Wicher&nbsp; dyrektor Powiatowej Biblioteki Publicznej w Wieluniu; Pani Marlena W\u0142odarczyk dyrektor Miejskiej i Gminnej Biblioteki Publicznej w Wieluniu;&nbsp; Pani Ma\u0142gorzata \u017buchowska&nbsp; dyrektor Szko\u0142y Podstawowej nr 4 im. Kr\u00f3lowej Jadwigi w Wieluniu, doradca metodyczny; Pani Marlena Kara\u015b&nbsp; dyrektor Szko\u0142y Podstawowej im. Wis\u0142awy Szymborskiej w Sie\u0144cu, doradca metodyczny, nie mia\u0142o \u0142atwego zadania.<\/p>\n\n\n\n<h4 class=\"wp-block-heading\">Jury przyzna\u0142o pi\u0119\u0107 g\u0142\u00f3wnych nagr\u00f3d oraz sze\u015b\u0107 wyr\u00f3\u017cnie\u0144:<\/h4>\n\n\n\n<ul class=\"wp-block-list\">\n<li>I miejsce: Wiktor Kubiaczyk &#8211; I LO im. T. Ko\u015bciuszki w Wieluniu<\/li>\n\n\n\n<li>II miejsce: Micha\u0142 Bandera &#8211;&nbsp; II LO im. J. Korczaka w Wieluniu<\/li>\n\n\n\n<li>III miejsce ex aequo:&nbsp; Magdalena Macio\u0142ek II LO im. J. Korczaka w Wieluniu oraz Bianka Pasztaleniec II LO im. J. Korczaka w Wieluniu<\/li>\n<\/ul>\n\n\n\n<h4 class=\"wp-block-heading\">Wyr\u00f3\u017cnienia otrzymali:<\/h4>\n\n\n\n<ul class=\"wp-block-list\">\n<li>Kuba Zaj\u0105c &#8211; II LO im. J. Korczaka w Wieluniu,<\/li>\n\n\n\n<li>Kamil Skawi\u0144ski \u2013 Katolickie Liceum Og\u00f3lnokszta\u0142c\u0105ce SPSK w Wieluniu,<\/li>\n\n\n\n<li>Paulina Trocha &#8211;&nbsp; II LO im. J. Korczaka w Wieluniu,<\/li>\n\n\n\n<li>Miko\u0142aj Patyk &#8211; Katolickie Liceum Og\u00f3lnokszta\u0142c\u0105ce SPSK w Wieluniu,<\/li>\n\n\n\n<li>Natalia Dawid &#8211;&nbsp; I LO im. T.&nbsp; Ko\u015bciuszki w Wieluniu,<\/li>\n\n\n\n<li>Adam Zawada &#8211; I LO im. T.&nbsp; Ko\u015bciuszki w Wieluniu.<\/li>\n<\/ul>\n\n\n\n<p class=\"wp-block-paragraph\">Nagrody ufundowane przez CREW\u0141 w Sieradzu oraz Rad\u0119 Rodzic\u00f3w II LO im. Janusza Korczaka w Wieluniu&nbsp; wr\u0119cza\u0142y: Pani Daniela Danielewska-Matusiak wicedyrektor Centrum Rozwoju Edukacji Wojew\u00f3dztwa \u0141\u00f3dzkiego w Sieradzu, Pani Justyna Morawska \u2013 nauczyciel bibliotekarz II LO im. Janusza Korczaka w Wieluniu oraz Pani Iwona Wojdy\u0142a-Udalska \u2013 kierownik Biblioteki Pedagogicznej w Wieluniu.<\/p>\n\n\n\n<p class=\"wp-block-paragraph\">Nauczycielom ze wszystkich szk\u00f3\u0142 ponadpodstawowych w Wieluniu dzi\u0119kujemy za wsp\u00f3\u0142prac\u0119, a m\u0142odzie\u017cy za udzia\u0142 !<\/p>\n\n\n\n<p class=\"wp-block-paragraph\">Autorka zdj\u0119\u0107 Aleksandra Lach \u2013 Powiatowa Biblioteka Publiczna w Wieluniu<\/p>\n\n\n\nngg_shortcode_0_placeholder\n","protected":false},"excerpt":{"rendered":"<p>6 listopada 2024 r. odby\u0142a si\u0119 VII edycja konkursu recytatorskiego \u201eStrofy dla Niepodleg\u0142ej\u201d. Konkurs rozpocz\u0105\u0142 si\u0119 od hymnu w wykonaniu ch\u00f3ru II LO im. J. Korczaka, pod dyrekcj\u0105 Pana Jakuba &#8230;<\/p>\n","protected":false},"author":1,"featured_media":1190,"comment_status":"closed","ping_status":"closed","sticky":false,"template":"","format":"standard","meta":{"ngg_post_thumbnail":0,"footnotes":""},"categories":[2],"tags":[],"class_list":["post-1132","post","type-post","status-publish","format-standard","has-post-thumbnail","hentry","category-aktualnosci"],"yoast_head":"<!-- This site is optimized with the Yoast SEO plugin v25.6 - https:\/\/yoast.com\/wordpress\/plugins\/seo\/ -->\n<title>Strofy dla Niepodleg\u0142ej - Biblioteka Pedagogiczna w Sieradzu Filia w Wieluniu<\/title>\n<meta name=\"description\" content=\"VII edycja konkursu recytatorskiego \u201eStrofy dla Niepodleg\u0142ej\u201d. Edukacja patriotyczna. Celebracja niepodleg\u0142o\u015bci, Szkolna tradycja\" \/>\n<meta name=\"robots\" content=\"index, follow, max-snippet:-1, max-image-preview:large, max-video-preview:-1\" \/>\n<link rel=\"canonical\" href=\"http:\/\/filiawielun.bpsieradz.pl\/?p=1132\" \/>\n<meta property=\"og:locale\" content=\"pl_PL\" \/>\n<meta property=\"og:type\" content=\"article\" \/>\n<meta property=\"og:title\" content=\"Strofy dla Niepodleg\u0142ej - Biblioteka Pedagogiczna w Sieradzu Filia w Wieluniu\" \/>\n<meta property=\"og:description\" content=\"VII edycja konkursu recytatorskiego \u201eStrofy dla Niepodleg\u0142ej\u201d. Edukacja patriotyczna. Celebracja niepodleg\u0142o\u015bci, Szkolna tradycja\" \/>\n<meta property=\"og:url\" content=\"http:\/\/filiawielun.bpsieradz.pl\/?p=1132\" \/>\n<meta property=\"og:site_name\" content=\"Biblioteka Pedagogiczna w Sieradzu Filia w Wieluniu\" \/>\n<meta property=\"article:published_time\" content=\"2024-11-14T10:28:49+00:00\" \/>\n<meta property=\"article:modified_time\" content=\"2024-11-14T10:53:52+00:00\" \/>\n<meta property=\"og:image\" content=\"http:\/\/filiawielun.bpsieradz.pl\/wp-content\/uploads\/2024\/11\/Strofy-dla-Niepodleglej-56.jpg\" \/>\n\t<meta property=\"og:image:width\" content=\"1125\" \/>\n\t<meta property=\"og:image:height\" content=\"750\" \/>\n\t<meta property=\"og:image:type\" content=\"image\/jpeg\" \/>\n<meta name=\"author\" content=\"admin\" \/>\n<meta name=\"twitter:card\" content=\"summary_large_image\" \/>\n<meta name=\"twitter:label1\" content=\"Napisane przez\" \/>\n\t<meta name=\"twitter:data1\" content=\"admin\" \/>\n\t<meta name=\"twitter:label2\" content=\"Szacowany czas czytania\" \/>\n\t<meta name=\"twitter:data2\" content=\"4 minuty\" \/>\n<script type=\"application\/ld+json\" class=\"yoast-schema-graph\">{\"@context\":\"https:\/\/schema.org\",\"@graph\":[{\"@type\":\"Article\",\"@id\":\"http:\/\/filiawielun.bpsieradz.pl\/?p=1132#article\",\"isPartOf\":{\"@id\":\"http:\/\/filiawielun.bpsieradz.pl\/?p=1132\"},\"author\":{\"name\":\"admin\",\"@id\":\"http:\/\/filiawielun.bpsieradz.pl\/#\/schema\/person\/ded83f447e250ee0de21791741e06036\"},\"headline\":\"Strofy dla Niepodleg\u0142ej\",\"datePublished\":\"2024-11-14T10:28:49+00:00\",\"dateModified\":\"2024-11-14T10:53:52+00:00\",\"mainEntityOfPage\":{\"@id\":\"http:\/\/filiawielun.bpsieradz.pl\/?p=1132\"},\"wordCount\":670,\"publisher\":{\"@id\":\"http:\/\/filiawielun.bpsieradz.pl\/#organization\"},\"image\":{\"@id\":\"http:\/\/filiawielun.bpsieradz.pl\/?p=1132#primaryimage\"},\"thumbnailUrl\":\"https:\/\/filiawielun.bpsieradz.pl\/wp-content\/uploads\/2024\/11\/Strofy-dla-Niepodleglej-56.jpg\",\"articleSection\":[\"Aktualno\u015bci\"],\"inLanguage\":\"pl-PL\"},{\"@type\":\"WebPage\",\"@id\":\"http:\/\/filiawielun.bpsieradz.pl\/?p=1132\",\"url\":\"http:\/\/filiawielun.bpsieradz.pl\/?p=1132\",\"name\":\"Strofy dla Niepodleg\u0142ej - Biblioteka Pedagogiczna w Sieradzu Filia w Wieluniu\",\"isPartOf\":{\"@id\":\"http:\/\/filiawielun.bpsieradz.pl\/#website\"},\"primaryImageOfPage\":{\"@id\":\"http:\/\/filiawielun.bpsieradz.pl\/?p=1132#primaryimage\"},\"image\":{\"@id\":\"http:\/\/filiawielun.bpsieradz.pl\/?p=1132#primaryimage\"},\"thumbnailUrl\":\"https:\/\/filiawielun.bpsieradz.pl\/wp-content\/uploads\/2024\/11\/Strofy-dla-Niepodleglej-56.jpg\",\"datePublished\":\"2024-11-14T10:28:49+00:00\",\"dateModified\":\"2024-11-14T10:53:52+00:00\",\"description\":\"VII edycja konkursu recytatorskiego \u201eStrofy dla Niepodleg\u0142ej\u201d. Edukacja patriotyczna. Celebracja niepodleg\u0142o\u015bci, Szkolna tradycja\",\"breadcrumb\":{\"@id\":\"http:\/\/filiawielun.bpsieradz.pl\/?p=1132#breadcrumb\"},\"inLanguage\":\"pl-PL\",\"potentialAction\":[{\"@type\":\"ReadAction\",\"target\":[\"http:\/\/filiawielun.bpsieradz.pl\/?p=1132\"]}]},{\"@type\":\"ImageObject\",\"inLanguage\":\"pl-PL\",\"@id\":\"http:\/\/filiawielun.bpsieradz.pl\/?p=1132#primaryimage\",\"url\":\"https:\/\/filiawielun.bpsieradz.pl\/wp-content\/uploads\/2024\/11\/Strofy-dla-Niepodleglej-56.jpg\",\"contentUrl\":\"https:\/\/filiawielun.bpsieradz.pl\/wp-content\/uploads\/2024\/11\/Strofy-dla-Niepodleglej-56.jpg\",\"width\":1125,\"height\":750},{\"@type\":\"BreadcrumbList\",\"@id\":\"http:\/\/filiawielun.bpsieradz.pl\/?p=1132#breadcrumb\",\"itemListElement\":[{\"@type\":\"ListItem\",\"position\":1,\"name\":\"Strona g\u0142\u00f3wna\",\"item\":\"http:\/\/filiawielun.bpsieradz.pl\/\"},{\"@type\":\"ListItem\",\"position\":2,\"name\":\"Strofy dla Niepodleg\u0142ej\"}]},{\"@type\":\"WebSite\",\"@id\":\"http:\/\/filiawielun.bpsieradz.pl\/#website\",\"url\":\"http:\/\/filiawielun.bpsieradz.pl\/\",\"name\":\"Biblioteka Pedagogiczna w Sieradzu Filia w Wieluniu\",\"description\":\"Strona biblioteki\",\"publisher\":{\"@id\":\"http:\/\/filiawielun.bpsieradz.pl\/#organization\"},\"potentialAction\":[{\"@type\":\"SearchAction\",\"target\":{\"@type\":\"EntryPoint\",\"urlTemplate\":\"http:\/\/filiawielun.bpsieradz.pl\/?s={search_term_string}\"},\"query-input\":{\"@type\":\"PropertyValueSpecification\",\"valueRequired\":true,\"valueName\":\"search_term_string\"}}],\"inLanguage\":\"pl-PL\"},{\"@type\":\"Organization\",\"@id\":\"http:\/\/filiawielun.bpsieradz.pl\/#organization\",\"name\":\"Biblioteka Pedagogiczna w Sieradzu Filia w Wieluniu\",\"url\":\"http:\/\/filiawielun.bpsieradz.pl\/\",\"logo\":{\"@type\":\"ImageObject\",\"inLanguage\":\"pl-PL\",\"@id\":\"http:\/\/filiawielun.bpsieradz.pl\/#\/schema\/logo\/image\/\",\"url\":\"https:\/\/filiawielun.bpsieradz.pl\/wp-content\/uploads\/2025\/04\/cre_lodzkie.webp\",\"contentUrl\":\"https:\/\/filiawielun.bpsieradz.pl\/wp-content\/uploads\/2025\/04\/cre_lodzkie.webp\",\"width\":323,\"height\":50,\"caption\":\"Biblioteka Pedagogiczna w Sieradzu Filia w Wieluniu\"},\"image\":{\"@id\":\"http:\/\/filiawielun.bpsieradz.pl\/#\/schema\/logo\/image\/\"}},{\"@type\":\"Person\",\"@id\":\"http:\/\/filiawielun.bpsieradz.pl\/#\/schema\/person\/ded83f447e250ee0de21791741e06036\",\"name\":\"admin\",\"image\":{\"@type\":\"ImageObject\",\"inLanguage\":\"pl-PL\",\"@id\":\"http:\/\/filiawielun.bpsieradz.pl\/#\/schema\/person\/image\/\",\"url\":\"https:\/\/secure.gravatar.com\/avatar\/7c9baecea61c950fa0ace417ade1d91ec20251533a476dc4eb52114bf5576b3a?s=96&d=mm&r=g\",\"contentUrl\":\"https:\/\/secure.gravatar.com\/avatar\/7c9baecea61c950fa0ace417ade1d91ec20251533a476dc4eb52114bf5576b3a?s=96&d=mm&r=g\",\"caption\":\"admin\"},\"sameAs\":[\"http:\/\/bpsieradz.pl\/filiawielun1\"],\"url\":\"https:\/\/filiawielun.bpsieradz.pl\/?author=1\"}]}<\/script>\n<!-- \/ Yoast SEO plugin. -->","yoast_head_json":{"title":"Strofy dla Niepodleg\u0142ej - Biblioteka Pedagogiczna w Sieradzu Filia w Wieluniu","description":"VII edycja konkursu recytatorskiego \u201eStrofy dla Niepodleg\u0142ej\u201d. Edukacja patriotyczna. Celebracja niepodleg\u0142o\u015bci, Szkolna tradycja","robots":{"index":"index","follow":"follow","max-snippet":"max-snippet:-1","max-image-preview":"max-image-preview:large","max-video-preview":"max-video-preview:-1"},"canonical":"http:\/\/filiawielun.bpsieradz.pl\/?p=1132","og_locale":"pl_PL","og_type":"article","og_title":"Strofy dla Niepodleg\u0142ej - Biblioteka Pedagogiczna w Sieradzu Filia w Wieluniu","og_description":"VII edycja konkursu recytatorskiego \u201eStrofy dla Niepodleg\u0142ej\u201d. Edukacja patriotyczna. Celebracja niepodleg\u0142o\u015bci, Szkolna tradycja","og_url":"http:\/\/filiawielun.bpsieradz.pl\/?p=1132","og_site_name":"Biblioteka Pedagogiczna w Sieradzu Filia w Wieluniu","article_published_time":"2024-11-14T10:28:49+00:00","article_modified_time":"2024-11-14T10:53:52+00:00","og_image":[{"width":1125,"height":750,"url":"http:\/\/filiawielun.bpsieradz.pl\/wp-content\/uploads\/2024\/11\/Strofy-dla-Niepodleglej-56.jpg","type":"image\/jpeg"}],"author":"admin","twitter_card":"summary_large_image","twitter_misc":{"Napisane przez":"admin","Szacowany czas czytania":"4 minuty"},"schema":{"@context":"https:\/\/schema.org","@graph":[{"@type":"Article","@id":"http:\/\/filiawielun.bpsieradz.pl\/?p=1132#article","isPartOf":{"@id":"http:\/\/filiawielun.bpsieradz.pl\/?p=1132"},"author":{"name":"admin","@id":"http:\/\/filiawielun.bpsieradz.pl\/#\/schema\/person\/ded83f447e250ee0de21791741e06036"},"headline":"Strofy dla Niepodleg\u0142ej","datePublished":"2024-11-14T10:28:49+00:00","dateModified":"2024-11-14T10:53:52+00:00","mainEntityOfPage":{"@id":"http:\/\/filiawielun.bpsieradz.pl\/?p=1132"},"wordCount":670,"publisher":{"@id":"http:\/\/filiawielun.bpsieradz.pl\/#organization"},"image":{"@id":"http:\/\/filiawielun.bpsieradz.pl\/?p=1132#primaryimage"},"thumbnailUrl":"https:\/\/filiawielun.bpsieradz.pl\/wp-content\/uploads\/2024\/11\/Strofy-dla-Niepodleglej-56.jpg","articleSection":["Aktualno\u015bci"],"inLanguage":"pl-PL"},{"@type":"WebPage","@id":"http:\/\/filiawielun.bpsieradz.pl\/?p=1132","url":"http:\/\/filiawielun.bpsieradz.pl\/?p=1132","name":"Strofy dla Niepodleg\u0142ej - Biblioteka Pedagogiczna w Sieradzu Filia w Wieluniu","isPartOf":{"@id":"http:\/\/filiawielun.bpsieradz.pl\/#website"},"primaryImageOfPage":{"@id":"http:\/\/filiawielun.bpsieradz.pl\/?p=1132#primaryimage"},"image":{"@id":"http:\/\/filiawielun.bpsieradz.pl\/?p=1132#primaryimage"},"thumbnailUrl":"https:\/\/filiawielun.bpsieradz.pl\/wp-content\/uploads\/2024\/11\/Strofy-dla-Niepodleglej-56.jpg","datePublished":"2024-11-14T10:28:49+00:00","dateModified":"2024-11-14T10:53:52+00:00","description":"VII edycja konkursu recytatorskiego \u201eStrofy dla Niepodleg\u0142ej\u201d. Edukacja patriotyczna. Celebracja niepodleg\u0142o\u015bci, Szkolna tradycja","breadcrumb":{"@id":"http:\/\/filiawielun.bpsieradz.pl\/?p=1132#breadcrumb"},"inLanguage":"pl-PL","potentialAction":[{"@type":"ReadAction","target":["http:\/\/filiawielun.bpsieradz.pl\/?p=1132"]}]},{"@type":"ImageObject","inLanguage":"pl-PL","@id":"http:\/\/filiawielun.bpsieradz.pl\/?p=1132#primaryimage","url":"https:\/\/filiawielun.bpsieradz.pl\/wp-content\/uploads\/2024\/11\/Strofy-dla-Niepodleglej-56.jpg","contentUrl":"https:\/\/filiawielun.bpsieradz.pl\/wp-content\/uploads\/2024\/11\/Strofy-dla-Niepodleglej-56.jpg","width":1125,"height":750},{"@type":"BreadcrumbList","@id":"http:\/\/filiawielun.bpsieradz.pl\/?p=1132#breadcrumb","itemListElement":[{"@type":"ListItem","position":1,"name":"Strona g\u0142\u00f3wna","item":"http:\/\/filiawielun.bpsieradz.pl\/"},{"@type":"ListItem","position":2,"name":"Strofy dla Niepodleg\u0142ej"}]},{"@type":"WebSite","@id":"http:\/\/filiawielun.bpsieradz.pl\/#website","url":"http:\/\/filiawielun.bpsieradz.pl\/","name":"Biblioteka Pedagogiczna w Sieradzu Filia w Wieluniu","description":"Strona biblioteki","publisher":{"@id":"http:\/\/filiawielun.bpsieradz.pl\/#organization"},"potentialAction":[{"@type":"SearchAction","target":{"@type":"EntryPoint","urlTemplate":"http:\/\/filiawielun.bpsieradz.pl\/?s={search_term_string}"},"query-input":{"@type":"PropertyValueSpecification","valueRequired":true,"valueName":"search_term_string"}}],"inLanguage":"pl-PL"},{"@type":"Organization","@id":"http:\/\/filiawielun.bpsieradz.pl\/#organization","name":"Biblioteka Pedagogiczna w Sieradzu Filia w Wieluniu","url":"http:\/\/filiawielun.bpsieradz.pl\/","logo":{"@type":"ImageObject","inLanguage":"pl-PL","@id":"http:\/\/filiawielun.bpsieradz.pl\/#\/schema\/logo\/image\/","url":"https:\/\/filiawielun.bpsieradz.pl\/wp-content\/uploads\/2025\/04\/cre_lodzkie.webp","contentUrl":"https:\/\/filiawielun.bpsieradz.pl\/wp-content\/uploads\/2025\/04\/cre_lodzkie.webp","width":323,"height":50,"caption":"Biblioteka Pedagogiczna w Sieradzu Filia w Wieluniu"},"image":{"@id":"http:\/\/filiawielun.bpsieradz.pl\/#\/schema\/logo\/image\/"}},{"@type":"Person","@id":"http:\/\/filiawielun.bpsieradz.pl\/#\/schema\/person\/ded83f447e250ee0de21791741e06036","name":"admin","image":{"@type":"ImageObject","inLanguage":"pl-PL","@id":"http:\/\/filiawielun.bpsieradz.pl\/#\/schema\/person\/image\/","url":"https:\/\/secure.gravatar.com\/avatar\/7c9baecea61c950fa0ace417ade1d91ec20251533a476dc4eb52114bf5576b3a?s=96&d=mm&r=g","contentUrl":"https:\/\/secure.gravatar.com\/avatar\/7c9baecea61c950fa0ace417ade1d91ec20251533a476dc4eb52114bf5576b3a?s=96&d=mm&r=g","caption":"admin"},"sameAs":["http:\/\/bpsieradz.pl\/filiawielun1"],"url":"https:\/\/filiawielun.bpsieradz.pl\/?author=1"}]}},"rttpg_featured_image_url":{"full":["https:\/\/filiawielun.bpsieradz.pl\/wp-content\/uploads\/2024\/11\/Strofy-dla-Niepodleglej-56.jpg",1125,750,false],"landscape":["https:\/\/filiawielun.bpsieradz.pl\/wp-content\/uploads\/2024\/11\/Strofy-dla-Niepodleglej-56.jpg",1125,750,false],"portraits":["https:\/\/filiawielun.bpsieradz.pl\/wp-content\/uploads\/2024\/11\/Strofy-dla-Niepodleglej-56.jpg",1125,750,false],"thumbnail":["https:\/\/filiawielun.bpsieradz.pl\/wp-content\/uploads\/2024\/11\/Strofy-dla-Niepodleglej-56-150x150.jpg",150,150,true],"medium":["https:\/\/filiawielun.bpsieradz.pl\/wp-content\/uploads\/2024\/11\/Strofy-dla-Niepodleglej-56-300x200.jpg",300,200,true],"large":["https:\/\/filiawielun.bpsieradz.pl\/wp-content\/uploads\/2024\/11\/Strofy-dla-Niepodleglej-56-1024x683.jpg",800,534,true],"1536x1536":["https:\/\/filiawielun.bpsieradz.pl\/wp-content\/uploads\/2024\/11\/Strofy-dla-Niepodleglej-56.jpg",1125,750,false],"2048x2048":["https:\/\/filiawielun.bpsieradz.pl\/wp-content\/uploads\/2024\/11\/Strofy-dla-Niepodleglej-56.jpg",1125,750,false],"onepress-blog-small":["https:\/\/filiawielun.bpsieradz.pl\/wp-content\/uploads\/2024\/11\/Strofy-dla-Niepodleglej-56-300x150.jpg",300,150,true],"onepress-small":["https:\/\/filiawielun.bpsieradz.pl\/wp-content\/uploads\/2024\/11\/Strofy-dla-Niepodleglej-56-480x300.jpg",480,300,true],"onepress-medium":["https:\/\/filiawielun.bpsieradz.pl\/wp-content\/uploads\/2024\/11\/Strofy-dla-Niepodleglej-56-640x400.jpg",640,400,true]},"rttpg_author":{"display_name":"admin","author_link":"https:\/\/filiawielun.bpsieradz.pl\/?author=1"},"rttpg_comment":0,"rttpg_category":"<a href=\"https:\/\/filiawielun.bpsieradz.pl\/?cat=2\" rel=\"category\">Aktualno\u015bci<\/a>","rttpg_excerpt":"6 listopada 2024 r. odby\u0142a si\u0119 VII edycja konkursu recytatorskiego \u201eStrofy dla Niepodleg\u0142ej\u201d. Konkurs rozpocz\u0105\u0142 si\u0119 od hymnu w wykonaniu ch\u00f3ru II LO im. J. Korczaka, pod dyrekcj\u0105 Pana Jakuba ...","_links":{"self":[{"href":"https:\/\/filiawielun.bpsieradz.pl\/index.php?rest_route=\/wp\/v2\/posts\/1132","targetHints":{"allow":["GET"]}}],"collection":[{"href":"https:\/\/filiawielun.bpsieradz.pl\/index.php?rest_route=\/wp\/v2\/posts"}],"about":[{"href":"https:\/\/filiawielun.bpsieradz.pl\/index.php?rest_route=\/wp\/v2\/types\/post"}],"author":[{"embeddable":true,"href":"https:\/\/filiawielun.bpsieradz.pl\/index.php?rest_route=\/wp\/v2\/users\/1"}],"replies":[{"embeddable":true,"href":"https:\/\/filiawielun.bpsieradz.pl\/index.php?rest_route=%2Fwp%2Fv2%2Fcomments&post=1132"}],"version-history":[{"count":4,"href":"https:\/\/filiawielun.bpsieradz.pl\/index.php?rest_route=\/wp\/v2\/posts\/1132\/revisions"}],"predecessor-version":[{"id":1195,"href":"https:\/\/filiawielun.bpsieradz.pl\/index.php?rest_route=\/wp\/v2\/posts\/1132\/revisions\/1195"}],"wp:featuredmedia":[{"embeddable":true,"href":"https:\/\/filiawielun.bpsieradz.pl\/index.php?rest_route=\/wp\/v2\/media\/1190"}],"wp:attachment":[{"href":"https:\/\/filiawielun.bpsieradz.pl\/index.php?rest_route=%2Fwp%2Fv2%2Fmedia&parent=1132"}],"wp:term":[{"taxonomy":"category","embeddable":true,"href":"https:\/\/filiawielun.bpsieradz.pl\/index.php?rest_route=%2Fwp%2Fv2%2Fcategories&post=1132"},{"taxonomy":"post_tag","embeddable":true,"href":"https:\/\/filiawielun.bpsieradz.pl\/index.php?rest_route=%2Fwp%2Fv2%2Ftags&post=1132"}],"curies":[{"name":"wp","href":"https:\/\/api.w.org\/{rel}","templated":true}]}}