{"id":1085,"date":"2024-09-17T08:52:48","date_gmt":"2024-09-17T08:52:48","guid":{"rendered":"http:\/\/filiawielun.bpsieradz.pl\/?p=1085"},"modified":"2024-10-17T08:57:36","modified_gmt":"2024-10-17T08:57:36","slug":"narodowe-czytanie-2024","status":"publish","type":"post","link":"https:\/\/filiawielun.bpsieradz.pl\/?p=1085","title":{"rendered":"Narodowe Czytanie 2024"},"content":{"rendered":"\n<p class=\"wp-block-paragraph\">13 wrze\u015bnia 2024 roku,\u00a0 w ramach 13 Edycji Og\u00f3lnopolskiej Akcji Narodowego Czytania, Centrum Rozwoju Edukacji Wojew\u00f3dztwa \u0141\u00f3dzkiego Biblioteka Pedagogiczna w Sieradzu Filia w Wieluniu, we wsp\u00f3\u0142pracy z II LO im. Janusza Korczaka w Wieluniu i bibliotek\u0105 szkoln\u0105 II LO, zorganizowa\u0142y spotkanie, w kt\u00f3rym wzi\u0119li uczniowie klasy IV b. Lektur\u0105 tegorocznej akcji Narodowego Czytania jest &#8222;Kordiana<em>&#8221; Juliusza S\u0142owackiego. <\/em>Czytanie fragment\u00f3w arcydzie\u0142a polskiego romantyzmu rozpocz\u0119li: Pani Renata Tatara &#8211; Dyrektor II LO im. Janusza Korczaka w Wieluniu oraz nauczyciel wychowania fizycznego Konrad Pa\u0142yga z tej\u017ce szko\u0142y, a nast\u0119pnie uczennice i uczniowie czytali kolejne fragmenty dzie\u0142a.<\/p>\n\n\n\nngg_shortcode_0_placeholder\n","protected":false},"excerpt":{"rendered":"<p>13 wrze\u015bnia 2024 roku,\u00a0 w ramach 13 Edycji Og\u00f3lnopolskiej Akcji Narodowego Czytania, Centrum Rozwoju Edukacji Wojew\u00f3dztwa \u0141\u00f3dzkiego Biblioteka Pedagogiczna w Sieradzu Filia w Wieluniu, we wsp\u00f3\u0142pracy z II LO im. &#8230;<\/p>\n","protected":false},"author":1,"featured_media":1095,"comment_status":"closed","ping_status":"closed","sticky":false,"template":"","format":"standard","meta":{"ngg_post_thumbnail":0,"footnotes":""},"categories":[2],"tags":[],"class_list":["post-1085","post","type-post","status-publish","format-standard","has-post-thumbnail","hentry","category-aktualnosci"],"yoast_head":"<!-- This site is optimized with the Yoast SEO plugin v25.6 - https:\/\/yoast.com\/wordpress\/plugins\/seo\/ -->\n<title>Narodowe Czytanie 2024 - Biblioteka Pedagogiczna w Sieradzu Filia w Wieluniu<\/title>\n<meta name=\"robots\" content=\"index, follow, max-snippet:-1, max-image-preview:large, max-video-preview:-1\" \/>\n<link rel=\"canonical\" href=\"http:\/\/filiawielun.bpsieradz.pl\/?p=1085\" \/>\n<meta property=\"og:locale\" content=\"pl_PL\" \/>\n<meta property=\"og:type\" content=\"article\" \/>\n<meta property=\"og:title\" content=\"Narodowe Czytanie 2024 - Biblioteka Pedagogiczna w Sieradzu Filia w Wieluniu\" \/>\n<meta property=\"og:description\" content=\"13 wrze\u015bnia 2024 roku,\u00a0 w ramach 13 Edycji Og\u00f3lnopolskiej Akcji Narodowego Czytania, Centrum Rozwoju Edukacji Wojew\u00f3dztwa \u0141\u00f3dzkiego Biblioteka Pedagogiczna w Sieradzu Filia w Wieluniu, we wsp\u00f3\u0142pracy z II LO im. ...\" \/>\n<meta property=\"og:url\" content=\"http:\/\/filiawielun.bpsieradz.pl\/?p=1085\" \/>\n<meta property=\"og:site_name\" content=\"Biblioteka Pedagogiczna w Sieradzu Filia w Wieluniu\" \/>\n<meta property=\"article:published_time\" content=\"2024-09-17T08:52:48+00:00\" \/>\n<meta property=\"article:modified_time\" content=\"2024-10-17T08:57:36+00:00\" \/>\n<meta property=\"og:image\" content=\"http:\/\/filiawielun.bpsieradz.pl\/wp-content\/uploads\/2024\/10\/3.jpg\" \/>\n\t<meta property=\"og:image:width\" content=\"1734\" \/>\n\t<meta property=\"og:image:height\" content=\"1302\" \/>\n\t<meta property=\"og:image:type\" content=\"image\/jpeg\" \/>\n<meta name=\"author\" content=\"admin\" \/>\n<meta name=\"twitter:card\" content=\"summary_large_image\" \/>\n<meta name=\"twitter:label1\" content=\"Napisane przez\" \/>\n\t<meta name=\"twitter:data1\" content=\"admin\" \/>\n\t<meta name=\"twitter:label2\" content=\"Szacowany czas czytania\" \/>\n\t<meta name=\"twitter:data2\" content=\"1 minuta\" \/>\n<script type=\"application\/ld+json\" class=\"yoast-schema-graph\">{\"@context\":\"https:\/\/schema.org\",\"@graph\":[{\"@type\":\"Article\",\"@id\":\"http:\/\/filiawielun.bpsieradz.pl\/?p=1085#article\",\"isPartOf\":{\"@id\":\"http:\/\/filiawielun.bpsieradz.pl\/?p=1085\"},\"author\":{\"name\":\"admin\",\"@id\":\"http:\/\/filiawielun.bpsieradz.pl\/#\/schema\/person\/ded83f447e250ee0de21791741e06036\"},\"headline\":\"Narodowe Czytanie 2024\",\"datePublished\":\"2024-09-17T08:52:48+00:00\",\"dateModified\":\"2024-10-17T08:57:36+00:00\",\"mainEntityOfPage\":{\"@id\":\"http:\/\/filiawielun.bpsieradz.pl\/?p=1085\"},\"wordCount\":117,\"publisher\":{\"@id\":\"http:\/\/filiawielun.bpsieradz.pl\/#organization\"},\"image\":{\"@id\":\"http:\/\/filiawielun.bpsieradz.pl\/?p=1085#primaryimage\"},\"thumbnailUrl\":\"https:\/\/filiawielun.bpsieradz.pl\/wp-content\/uploads\/2024\/10\/3.jpg\",\"articleSection\":[\"Aktualno\u015bci\"],\"inLanguage\":\"pl-PL\"},{\"@type\":\"WebPage\",\"@id\":\"http:\/\/filiawielun.bpsieradz.pl\/?p=1085\",\"url\":\"http:\/\/filiawielun.bpsieradz.pl\/?p=1085\",\"name\":\"Narodowe Czytanie 2024 - Biblioteka Pedagogiczna w Sieradzu Filia w Wieluniu\",\"isPartOf\":{\"@id\":\"http:\/\/filiawielun.bpsieradz.pl\/#website\"},\"primaryImageOfPage\":{\"@id\":\"http:\/\/filiawielun.bpsieradz.pl\/?p=1085#primaryimage\"},\"image\":{\"@id\":\"http:\/\/filiawielun.bpsieradz.pl\/?p=1085#primaryimage\"},\"thumbnailUrl\":\"https:\/\/filiawielun.bpsieradz.pl\/wp-content\/uploads\/2024\/10\/3.jpg\",\"datePublished\":\"2024-09-17T08:52:48+00:00\",\"dateModified\":\"2024-10-17T08:57:36+00:00\",\"breadcrumb\":{\"@id\":\"http:\/\/filiawielun.bpsieradz.pl\/?p=1085#breadcrumb\"},\"inLanguage\":\"pl-PL\",\"potentialAction\":[{\"@type\":\"ReadAction\",\"target\":[\"http:\/\/filiawielun.bpsieradz.pl\/?p=1085\"]}]},{\"@type\":\"ImageObject\",\"inLanguage\":\"pl-PL\",\"@id\":\"http:\/\/filiawielun.bpsieradz.pl\/?p=1085#primaryimage\",\"url\":\"https:\/\/filiawielun.bpsieradz.pl\/wp-content\/uploads\/2024\/10\/3.jpg\",\"contentUrl\":\"https:\/\/filiawielun.bpsieradz.pl\/wp-content\/uploads\/2024\/10\/3.jpg\",\"width\":1734,\"height\":1302},{\"@type\":\"BreadcrumbList\",\"@id\":\"http:\/\/filiawielun.bpsieradz.pl\/?p=1085#breadcrumb\",\"itemListElement\":[{\"@type\":\"ListItem\",\"position\":1,\"name\":\"Strona g\u0142\u00f3wna\",\"item\":\"http:\/\/filiawielun.bpsieradz.pl\/\"},{\"@type\":\"ListItem\",\"position\":2,\"name\":\"Narodowe Czytanie 2024\"}]},{\"@type\":\"WebSite\",\"@id\":\"http:\/\/filiawielun.bpsieradz.pl\/#website\",\"url\":\"http:\/\/filiawielun.bpsieradz.pl\/\",\"name\":\"Biblioteka Pedagogiczna w Sieradzu Filia w Wieluniu\",\"description\":\"Strona biblioteki\",\"publisher\":{\"@id\":\"http:\/\/filiawielun.bpsieradz.pl\/#organization\"},\"potentialAction\":[{\"@type\":\"SearchAction\",\"target\":{\"@type\":\"EntryPoint\",\"urlTemplate\":\"http:\/\/filiawielun.bpsieradz.pl\/?s={search_term_string}\"},\"query-input\":{\"@type\":\"PropertyValueSpecification\",\"valueRequired\":true,\"valueName\":\"search_term_string\"}}],\"inLanguage\":\"pl-PL\"},{\"@type\":\"Organization\",\"@id\":\"http:\/\/filiawielun.bpsieradz.pl\/#organization\",\"name\":\"Biblioteka Pedagogiczna w Sieradzu Filia w Wieluniu\",\"url\":\"http:\/\/filiawielun.bpsieradz.pl\/\",\"logo\":{\"@type\":\"ImageObject\",\"inLanguage\":\"pl-PL\",\"@id\":\"http:\/\/filiawielun.bpsieradz.pl\/#\/schema\/logo\/image\/\",\"url\":\"https:\/\/filiawielun.bpsieradz.pl\/wp-content\/uploads\/2025\/04\/cre_lodzkie.webp\",\"contentUrl\":\"https:\/\/filiawielun.bpsieradz.pl\/wp-content\/uploads\/2025\/04\/cre_lodzkie.webp\",\"width\":323,\"height\":50,\"caption\":\"Biblioteka Pedagogiczna w Sieradzu Filia w Wieluniu\"},\"image\":{\"@id\":\"http:\/\/filiawielun.bpsieradz.pl\/#\/schema\/logo\/image\/\"}},{\"@type\":\"Person\",\"@id\":\"http:\/\/filiawielun.bpsieradz.pl\/#\/schema\/person\/ded83f447e250ee0de21791741e06036\",\"name\":\"admin\",\"image\":{\"@type\":\"ImageObject\",\"inLanguage\":\"pl-PL\",\"@id\":\"http:\/\/filiawielun.bpsieradz.pl\/#\/schema\/person\/image\/\",\"url\":\"https:\/\/secure.gravatar.com\/avatar\/7c9baecea61c950fa0ace417ade1d91ec20251533a476dc4eb52114bf5576b3a?s=96&d=mm&r=g\",\"contentUrl\":\"https:\/\/secure.gravatar.com\/avatar\/7c9baecea61c950fa0ace417ade1d91ec20251533a476dc4eb52114bf5576b3a?s=96&d=mm&r=g\",\"caption\":\"admin\"},\"sameAs\":[\"http:\/\/bpsieradz.pl\/filiawielun1\"],\"url\":\"https:\/\/filiawielun.bpsieradz.pl\/?author=1\"}]}<\/script>\n<!-- \/ Yoast SEO plugin. -->","yoast_head_json":{"title":"Narodowe Czytanie 2024 - Biblioteka Pedagogiczna w Sieradzu Filia w Wieluniu","robots":{"index":"index","follow":"follow","max-snippet":"max-snippet:-1","max-image-preview":"max-image-preview:large","max-video-preview":"max-video-preview:-1"},"canonical":"http:\/\/filiawielun.bpsieradz.pl\/?p=1085","og_locale":"pl_PL","og_type":"article","og_title":"Narodowe Czytanie 2024 - Biblioteka Pedagogiczna w Sieradzu Filia w Wieluniu","og_description":"13 wrze\u015bnia 2024 roku,\u00a0 w ramach 13 Edycji Og\u00f3lnopolskiej Akcji Narodowego Czytania, Centrum Rozwoju Edukacji Wojew\u00f3dztwa \u0141\u00f3dzkiego Biblioteka Pedagogiczna w Sieradzu Filia w Wieluniu, we wsp\u00f3\u0142pracy z II LO im. ...","og_url":"http:\/\/filiawielun.bpsieradz.pl\/?p=1085","og_site_name":"Biblioteka Pedagogiczna w Sieradzu Filia w Wieluniu","article_published_time":"2024-09-17T08:52:48+00:00","article_modified_time":"2024-10-17T08:57:36+00:00","og_image":[{"width":1734,"height":1302,"url":"http:\/\/filiawielun.bpsieradz.pl\/wp-content\/uploads\/2024\/10\/3.jpg","type":"image\/jpeg"}],"author":"admin","twitter_card":"summary_large_image","twitter_misc":{"Napisane przez":"admin","Szacowany czas czytania":"1 minuta"},"schema":{"@context":"https:\/\/schema.org","@graph":[{"@type":"Article","@id":"http:\/\/filiawielun.bpsieradz.pl\/?p=1085#article","isPartOf":{"@id":"http:\/\/filiawielun.bpsieradz.pl\/?p=1085"},"author":{"name":"admin","@id":"http:\/\/filiawielun.bpsieradz.pl\/#\/schema\/person\/ded83f447e250ee0de21791741e06036"},"headline":"Narodowe Czytanie 2024","datePublished":"2024-09-17T08:52:48+00:00","dateModified":"2024-10-17T08:57:36+00:00","mainEntityOfPage":{"@id":"http:\/\/filiawielun.bpsieradz.pl\/?p=1085"},"wordCount":117,"publisher":{"@id":"http:\/\/filiawielun.bpsieradz.pl\/#organization"},"image":{"@id":"http:\/\/filiawielun.bpsieradz.pl\/?p=1085#primaryimage"},"thumbnailUrl":"https:\/\/filiawielun.bpsieradz.pl\/wp-content\/uploads\/2024\/10\/3.jpg","articleSection":["Aktualno\u015bci"],"inLanguage":"pl-PL"},{"@type":"WebPage","@id":"http:\/\/filiawielun.bpsieradz.pl\/?p=1085","url":"http:\/\/filiawielun.bpsieradz.pl\/?p=1085","name":"Narodowe Czytanie 2024 - Biblioteka Pedagogiczna w Sieradzu Filia w Wieluniu","isPartOf":{"@id":"http:\/\/filiawielun.bpsieradz.pl\/#website"},"primaryImageOfPage":{"@id":"http:\/\/filiawielun.bpsieradz.pl\/?p=1085#primaryimage"},"image":{"@id":"http:\/\/filiawielun.bpsieradz.pl\/?p=1085#primaryimage"},"thumbnailUrl":"https:\/\/filiawielun.bpsieradz.pl\/wp-content\/uploads\/2024\/10\/3.jpg","datePublished":"2024-09-17T08:52:48+00:00","dateModified":"2024-10-17T08:57:36+00:00","breadcrumb":{"@id":"http:\/\/filiawielun.bpsieradz.pl\/?p=1085#breadcrumb"},"inLanguage":"pl-PL","potentialAction":[{"@type":"ReadAction","target":["http:\/\/filiawielun.bpsieradz.pl\/?p=1085"]}]},{"@type":"ImageObject","inLanguage":"pl-PL","@id":"http:\/\/filiawielun.bpsieradz.pl\/?p=1085#primaryimage","url":"https:\/\/filiawielun.bpsieradz.pl\/wp-content\/uploads\/2024\/10\/3.jpg","contentUrl":"https:\/\/filiawielun.bpsieradz.pl\/wp-content\/uploads\/2024\/10\/3.jpg","width":1734,"height":1302},{"@type":"BreadcrumbList","@id":"http:\/\/filiawielun.bpsieradz.pl\/?p=1085#breadcrumb","itemListElement":[{"@type":"ListItem","position":1,"name":"Strona g\u0142\u00f3wna","item":"http:\/\/filiawielun.bpsieradz.pl\/"},{"@type":"ListItem","position":2,"name":"Narodowe Czytanie 2024"}]},{"@type":"WebSite","@id":"http:\/\/filiawielun.bpsieradz.pl\/#website","url":"http:\/\/filiawielun.bpsieradz.pl\/","name":"Biblioteka Pedagogiczna w Sieradzu Filia w Wieluniu","description":"Strona biblioteki","publisher":{"@id":"http:\/\/filiawielun.bpsieradz.pl\/#organization"},"potentialAction":[{"@type":"SearchAction","target":{"@type":"EntryPoint","urlTemplate":"http:\/\/filiawielun.bpsieradz.pl\/?s={search_term_string}"},"query-input":{"@type":"PropertyValueSpecification","valueRequired":true,"valueName":"search_term_string"}}],"inLanguage":"pl-PL"},{"@type":"Organization","@id":"http:\/\/filiawielun.bpsieradz.pl\/#organization","name":"Biblioteka Pedagogiczna w Sieradzu Filia w Wieluniu","url":"http:\/\/filiawielun.bpsieradz.pl\/","logo":{"@type":"ImageObject","inLanguage":"pl-PL","@id":"http:\/\/filiawielun.bpsieradz.pl\/#\/schema\/logo\/image\/","url":"https:\/\/filiawielun.bpsieradz.pl\/wp-content\/uploads\/2025\/04\/cre_lodzkie.webp","contentUrl":"https:\/\/filiawielun.bpsieradz.pl\/wp-content\/uploads\/2025\/04\/cre_lodzkie.webp","width":323,"height":50,"caption":"Biblioteka Pedagogiczna w Sieradzu Filia w Wieluniu"},"image":{"@id":"http:\/\/filiawielun.bpsieradz.pl\/#\/schema\/logo\/image\/"}},{"@type":"Person","@id":"http:\/\/filiawielun.bpsieradz.pl\/#\/schema\/person\/ded83f447e250ee0de21791741e06036","name":"admin","image":{"@type":"ImageObject","inLanguage":"pl-PL","@id":"http:\/\/filiawielun.bpsieradz.pl\/#\/schema\/person\/image\/","url":"https:\/\/secure.gravatar.com\/avatar\/7c9baecea61c950fa0ace417ade1d91ec20251533a476dc4eb52114bf5576b3a?s=96&d=mm&r=g","contentUrl":"https:\/\/secure.gravatar.com\/avatar\/7c9baecea61c950fa0ace417ade1d91ec20251533a476dc4eb52114bf5576b3a?s=96&d=mm&r=g","caption":"admin"},"sameAs":["http:\/\/bpsieradz.pl\/filiawielun1"],"url":"https:\/\/filiawielun.bpsieradz.pl\/?author=1"}]}},"rttpg_featured_image_url":{"full":["https:\/\/filiawielun.bpsieradz.pl\/wp-content\/uploads\/2024\/10\/3.jpg",1734,1302,false],"landscape":["https:\/\/filiawielun.bpsieradz.pl\/wp-content\/uploads\/2024\/10\/3.jpg",1734,1302,false],"portraits":["https:\/\/filiawielun.bpsieradz.pl\/wp-content\/uploads\/2024\/10\/3.jpg",1734,1302,false],"thumbnail":["https:\/\/filiawielun.bpsieradz.pl\/wp-content\/uploads\/2024\/10\/3-150x150.jpg",150,150,true],"medium":["https:\/\/filiawielun.bpsieradz.pl\/wp-content\/uploads\/2024\/10\/3-300x225.jpg",300,225,true],"large":["https:\/\/filiawielun.bpsieradz.pl\/wp-content\/uploads\/2024\/10\/3-1024x769.jpg",800,601,true],"1536x1536":["https:\/\/filiawielun.bpsieradz.pl\/wp-content\/uploads\/2024\/10\/3-1536x1153.jpg",1536,1153,true],"2048x2048":["https:\/\/filiawielun.bpsieradz.pl\/wp-content\/uploads\/2024\/10\/3.jpg",1734,1302,false],"onepress-blog-small":["https:\/\/filiawielun.bpsieradz.pl\/wp-content\/uploads\/2024\/10\/3-300x150.jpg",300,150,true],"onepress-small":["https:\/\/filiawielun.bpsieradz.pl\/wp-content\/uploads\/2024\/10\/3-480x300.jpg",480,300,true],"onepress-medium":["https:\/\/filiawielun.bpsieradz.pl\/wp-content\/uploads\/2024\/10\/3-640x400.jpg",640,400,true]},"rttpg_author":{"display_name":"admin","author_link":"https:\/\/filiawielun.bpsieradz.pl\/?author=1"},"rttpg_comment":0,"rttpg_category":"<a href=\"https:\/\/filiawielun.bpsieradz.pl\/?cat=2\" rel=\"category\">Aktualno\u015bci<\/a>","rttpg_excerpt":"13 wrze\u015bnia 2024 roku,\u00a0 w ramach 13 Edycji Og\u00f3lnopolskiej Akcji Narodowego Czytania, Centrum Rozwoju Edukacji Wojew\u00f3dztwa \u0141\u00f3dzkiego Biblioteka Pedagogiczna w Sieradzu Filia w Wieluniu, we wsp\u00f3\u0142pracy z II LO im. ...","_links":{"self":[{"href":"https:\/\/filiawielun.bpsieradz.pl\/index.php?rest_route=\/wp\/v2\/posts\/1085","targetHints":{"allow":["GET"]}}],"collection":[{"href":"https:\/\/filiawielun.bpsieradz.pl\/index.php?rest_route=\/wp\/v2\/posts"}],"about":[{"href":"https:\/\/filiawielun.bpsieradz.pl\/index.php?rest_route=\/wp\/v2\/types\/post"}],"author":[{"embeddable":true,"href":"https:\/\/filiawielun.bpsieradz.pl\/index.php?rest_route=\/wp\/v2\/users\/1"}],"replies":[{"embeddable":true,"href":"https:\/\/filiawielun.bpsieradz.pl\/index.php?rest_route=%2Fwp%2Fv2%2Fcomments&post=1085"}],"version-history":[{"count":1,"href":"https:\/\/filiawielun.bpsieradz.pl\/index.php?rest_route=\/wp\/v2\/posts\/1085\/revisions"}],"predecessor-version":[{"id":1096,"href":"https:\/\/filiawielun.bpsieradz.pl\/index.php?rest_route=\/wp\/v2\/posts\/1085\/revisions\/1096"}],"wp:featuredmedia":[{"embeddable":true,"href":"https:\/\/filiawielun.bpsieradz.pl\/index.php?rest_route=\/wp\/v2\/media\/1095"}],"wp:attachment":[{"href":"https:\/\/filiawielun.bpsieradz.pl\/index.php?rest_route=%2Fwp%2Fv2%2Fmedia&parent=1085"}],"wp:term":[{"taxonomy":"category","embeddable":true,"href":"https:\/\/filiawielun.bpsieradz.pl\/index.php?rest_route=%2Fwp%2Fv2%2Fcategories&post=1085"},{"taxonomy":"post_tag","embeddable":true,"href":"https:\/\/filiawielun.bpsieradz.pl\/index.php?rest_route=%2Fwp%2Fv2%2Ftags&post=1085"}],"curies":[{"name":"wp","href":"https:\/\/api.w.org\/{rel}","templated":true}]}}