{"id":1043,"date":"2024-05-27T11:36:23","date_gmt":"2024-05-27T11:36:23","guid":{"rendered":"http:\/\/filiawielun.bpsieradz.pl\/?p=1043"},"modified":"2024-05-27T11:37:21","modified_gmt":"2024-05-27T11:37:21","slug":"tydzien-bibliotek-2024-biblioteka-miejsce-na-czasie","status":"publish","type":"post","link":"https:\/\/filiawielun.bpsieradz.pl\/?p=1043","title":{"rendered":"Tydzie\u0144 Bibliotek 2024 &#8222;Biblioteka miejsce na czasie&#8221;"},"content":{"rendered":"\n<p class=\"wp-block-paragraph\">Tydzie\u0144 Bibliotek w CREW\u0141 w Sieradzu Biblioteka Pedagogiczna w Sieradzu Filia w Wieluniu rozpocz\u0119\u0142o spotkanie Sieci wsp\u00f3\u0142pracy i samokszta\u0142cenia bibliotekarzy szkolnych powiatu wielu\u0144skiego.<\/p>\n\n\n\n<p class=\"wp-block-paragraph\">W zaj\u0119ciach literacko-prozdrowotnych na podstawie wiersza Jana Brzechwy &#8222;Na straganie &#8221; wzi\u0119\u0142o udzia\u0142 dziesi\u0119\u0107&nbsp; grup przedszkolak\u00f3w z wielu\u0144skich przedszkoli. Dzieci poznawa\u0142y wa\u017cne fakty z \u017cycia Jana Brzechwy, s\u0142ucha\u0142y interpretacji wiersza &#8222;Na straganie&#8221;, zapozna\u0142y si\u0119 z piramid\u0105 zdrowego od\u017cywiania i aktywno\u015bci oraz z zaletami i znaczeniem dla zdrowia ludzi &#8211; poszczeg\u00f3lnych kolor\u00f3w warzyw i owoc\u00f3w.<\/p>\n\n\n\n<p class=\"wp-block-paragraph\">Do akcji czyteniczej zorganizowanej we wsp\u00f3\u0142pracy z bibliotekami szkolnymi powiatu wielu\u0144skiego pod nazw\u0105 &#8222;D\u0142uga przerwa z ba\u015bniami Charlesa Perraulta&#8221; przy\u0142\u0105czy\u0142y si\u0119: Szko\u0142a Podstawowa nr 4 im. Kr\u00f3lowej Jadwigi w Wieluniu, Szko\u0142a Podstawowa nr 2 im. Henryka Sienkiewicza w Wieluniu, Szko\u0142a Podstawowa im. rtm. Witolda Pileckiego w Ostr\u00f3wku oraz Zesp\u00f3\u0142 Szk\u00f3\u0142 Specjalnych w Wieluniu.<\/p>\n\n\n\n<p class=\"wp-block-paragraph\">W oznaczonym miejscu zorganizowano K\u0105cik &#8222;Przygarnij ksi\u0105\u017ck\u0119&#8221;, gdzie mo\u017cna by\u0142o zaopiekowa\u0107 si\u0119 wybran\u0105, interesuj\u0105c\u0105 ksi\u0105\u017ck\u0105 lub przekaza\u0107 przeczytan\u0105 ju\u017c komu\u015b innemu.<\/p>\n\n\n\n<p class=\"wp-block-paragraph\">Uzupe\u0142nieniem obchod\u00f3w Tygodnia Bibliotek by\u0142y wystawy dotycz\u0105ce Patron\u00f3w roku 2024: Marka H\u0142aski oraz Czes\u0142awa Mi\u0142osza.<\/p>\n\n\n\nngg_shortcode_0_placeholder\n","protected":false},"excerpt":{"rendered":"<p>Tydzie\u0144 Bibliotek w CREW\u0141 w Sieradzu Biblioteka Pedagogiczna w Sieradzu Filia w Wieluniu rozpocz\u0119\u0142o spotkanie Sieci wsp\u00f3\u0142pracy i samokszta\u0142cenia bibliotekarzy szkolnych powiatu wielu\u0144skiego. W zaj\u0119ciach literacko-prozdrowotnych na podstawie wiersza Jana &#8230;<\/p>\n","protected":false},"author":1,"featured_media":1063,"comment_status":"closed","ping_status":"closed","sticky":false,"template":"","format":"standard","meta":{"ngg_post_thumbnail":0,"footnotes":""},"categories":[2],"tags":[],"class_list":["post-1043","post","type-post","status-publish","format-standard","has-post-thumbnail","hentry","category-aktualnosci"],"yoast_head":"<!-- This site is optimized with the Yoast SEO plugin v25.6 - https:\/\/yoast.com\/wordpress\/plugins\/seo\/ -->\n<title>Tydzie\u0144 Bibliotek 2024 &quot;Biblioteka miejsce na czasie&quot; - Biblioteka Pedagogiczna w Sieradzu Filia w Wieluniu<\/title>\n<meta name=\"robots\" content=\"index, follow, max-snippet:-1, max-image-preview:large, max-video-preview:-1\" \/>\n<link rel=\"canonical\" href=\"http:\/\/filiawielun.bpsieradz.pl\/?p=1043\" \/>\n<meta property=\"og:locale\" content=\"pl_PL\" \/>\n<meta property=\"og:type\" content=\"article\" \/>\n<meta property=\"og:title\" content=\"Tydzie\u0144 Bibliotek 2024 &quot;Biblioteka miejsce na czasie&quot; - Biblioteka Pedagogiczna w Sieradzu Filia w Wieluniu\" \/>\n<meta property=\"og:description\" content=\"Tydzie\u0144 Bibliotek w CREW\u0141 w Sieradzu Biblioteka Pedagogiczna w Sieradzu Filia w Wieluniu rozpocz\u0119\u0142o spotkanie Sieci wsp\u00f3\u0142pracy i samokszta\u0142cenia bibliotekarzy szkolnych powiatu wielu\u0144skiego. W zaj\u0119ciach literacko-prozdrowotnych na podstawie wiersza Jana ...\" \/>\n<meta property=\"og:url\" content=\"http:\/\/filiawielun.bpsieradz.pl\/?p=1043\" \/>\n<meta property=\"og:site_name\" content=\"Biblioteka Pedagogiczna w Sieradzu Filia w Wieluniu\" \/>\n<meta property=\"article:published_time\" content=\"2024-05-27T11:36:23+00:00\" \/>\n<meta property=\"article:modified_time\" content=\"2024-05-27T11:37:21+00:00\" \/>\n<meta property=\"og:image\" content=\"http:\/\/filiawielun.bpsieradz.pl\/wp-content\/uploads\/2024\/05\/Plakat-2024.jpg\" \/>\n\t<meta property=\"og:image:width\" content=\"1748\" \/>\n\t<meta property=\"og:image:height\" content=\"1240\" \/>\n\t<meta property=\"og:image:type\" content=\"image\/jpeg\" \/>\n<meta name=\"author\" content=\"admin\" \/>\n<meta name=\"twitter:card\" content=\"summary_large_image\" \/>\n<meta name=\"twitter:label1\" content=\"Napisane przez\" \/>\n\t<meta name=\"twitter:data1\" content=\"admin\" \/>\n\t<meta name=\"twitter:label2\" content=\"Szacowany czas czytania\" \/>\n\t<meta name=\"twitter:data2\" content=\"2 minuty\" \/>\n<script type=\"application\/ld+json\" class=\"yoast-schema-graph\">{\"@context\":\"https:\/\/schema.org\",\"@graph\":[{\"@type\":\"Article\",\"@id\":\"http:\/\/filiawielun.bpsieradz.pl\/?p=1043#article\",\"isPartOf\":{\"@id\":\"http:\/\/filiawielun.bpsieradz.pl\/?p=1043\"},\"author\":{\"name\":\"admin\",\"@id\":\"http:\/\/filiawielun.bpsieradz.pl\/#\/schema\/person\/ded83f447e250ee0de21791741e06036\"},\"headline\":\"Tydzie\u0144 Bibliotek 2024 &#8222;Biblioteka miejsce na czasie&#8221;\",\"datePublished\":\"2024-05-27T11:36:23+00:00\",\"dateModified\":\"2024-05-27T11:37:21+00:00\",\"mainEntityOfPage\":{\"@id\":\"http:\/\/filiawielun.bpsieradz.pl\/?p=1043\"},\"wordCount\":221,\"publisher\":{\"@id\":\"http:\/\/filiawielun.bpsieradz.pl\/#organization\"},\"image\":{\"@id\":\"http:\/\/filiawielun.bpsieradz.pl\/?p=1043#primaryimage\"},\"thumbnailUrl\":\"https:\/\/filiawielun.bpsieradz.pl\/wp-content\/uploads\/2024\/05\/Plakat-2024.jpg\",\"articleSection\":[\"Aktualno\u015bci\"],\"inLanguage\":\"pl-PL\"},{\"@type\":\"WebPage\",\"@id\":\"http:\/\/filiawielun.bpsieradz.pl\/?p=1043\",\"url\":\"http:\/\/filiawielun.bpsieradz.pl\/?p=1043\",\"name\":\"Tydzie\u0144 Bibliotek 2024 \\\"Biblioteka miejsce na czasie\\\" - Biblioteka Pedagogiczna w Sieradzu Filia w Wieluniu\",\"isPartOf\":{\"@id\":\"http:\/\/filiawielun.bpsieradz.pl\/#website\"},\"primaryImageOfPage\":{\"@id\":\"http:\/\/filiawielun.bpsieradz.pl\/?p=1043#primaryimage\"},\"image\":{\"@id\":\"http:\/\/filiawielun.bpsieradz.pl\/?p=1043#primaryimage\"},\"thumbnailUrl\":\"https:\/\/filiawielun.bpsieradz.pl\/wp-content\/uploads\/2024\/05\/Plakat-2024.jpg\",\"datePublished\":\"2024-05-27T11:36:23+00:00\",\"dateModified\":\"2024-05-27T11:37:21+00:00\",\"breadcrumb\":{\"@id\":\"http:\/\/filiawielun.bpsieradz.pl\/?p=1043#breadcrumb\"},\"inLanguage\":\"pl-PL\",\"potentialAction\":[{\"@type\":\"ReadAction\",\"target\":[\"http:\/\/filiawielun.bpsieradz.pl\/?p=1043\"]}]},{\"@type\":\"ImageObject\",\"inLanguage\":\"pl-PL\",\"@id\":\"http:\/\/filiawielun.bpsieradz.pl\/?p=1043#primaryimage\",\"url\":\"https:\/\/filiawielun.bpsieradz.pl\/wp-content\/uploads\/2024\/05\/Plakat-2024.jpg\",\"contentUrl\":\"https:\/\/filiawielun.bpsieradz.pl\/wp-content\/uploads\/2024\/05\/Plakat-2024.jpg\",\"width\":1748,\"height\":1240},{\"@type\":\"BreadcrumbList\",\"@id\":\"http:\/\/filiawielun.bpsieradz.pl\/?p=1043#breadcrumb\",\"itemListElement\":[{\"@type\":\"ListItem\",\"position\":1,\"name\":\"Strona g\u0142\u00f3wna\",\"item\":\"http:\/\/filiawielun.bpsieradz.pl\/\"},{\"@type\":\"ListItem\",\"position\":2,\"name\":\"Tydzie\u0144 Bibliotek 2024 &#8222;Biblioteka miejsce na czasie&#8221;\"}]},{\"@type\":\"WebSite\",\"@id\":\"http:\/\/filiawielun.bpsieradz.pl\/#website\",\"url\":\"http:\/\/filiawielun.bpsieradz.pl\/\",\"name\":\"Biblioteka Pedagogiczna w Sieradzu Filia w Wieluniu\",\"description\":\"Strona biblioteki\",\"publisher\":{\"@id\":\"http:\/\/filiawielun.bpsieradz.pl\/#organization\"},\"potentialAction\":[{\"@type\":\"SearchAction\",\"target\":{\"@type\":\"EntryPoint\",\"urlTemplate\":\"http:\/\/filiawielun.bpsieradz.pl\/?s={search_term_string}\"},\"query-input\":{\"@type\":\"PropertyValueSpecification\",\"valueRequired\":true,\"valueName\":\"search_term_string\"}}],\"inLanguage\":\"pl-PL\"},{\"@type\":\"Organization\",\"@id\":\"http:\/\/filiawielun.bpsieradz.pl\/#organization\",\"name\":\"Biblioteka Pedagogiczna w Sieradzu Filia w Wieluniu\",\"url\":\"http:\/\/filiawielun.bpsieradz.pl\/\",\"logo\":{\"@type\":\"ImageObject\",\"inLanguage\":\"pl-PL\",\"@id\":\"http:\/\/filiawielun.bpsieradz.pl\/#\/schema\/logo\/image\/\",\"url\":\"https:\/\/filiawielun.bpsieradz.pl\/wp-content\/uploads\/2025\/04\/cre_lodzkie.webp\",\"contentUrl\":\"https:\/\/filiawielun.bpsieradz.pl\/wp-content\/uploads\/2025\/04\/cre_lodzkie.webp\",\"width\":323,\"height\":50,\"caption\":\"Biblioteka Pedagogiczna w Sieradzu Filia w Wieluniu\"},\"image\":{\"@id\":\"http:\/\/filiawielun.bpsieradz.pl\/#\/schema\/logo\/image\/\"}},{\"@type\":\"Person\",\"@id\":\"http:\/\/filiawielun.bpsieradz.pl\/#\/schema\/person\/ded83f447e250ee0de21791741e06036\",\"name\":\"admin\",\"image\":{\"@type\":\"ImageObject\",\"inLanguage\":\"pl-PL\",\"@id\":\"http:\/\/filiawielun.bpsieradz.pl\/#\/schema\/person\/image\/\",\"url\":\"https:\/\/secure.gravatar.com\/avatar\/7c9baecea61c950fa0ace417ade1d91ec20251533a476dc4eb52114bf5576b3a?s=96&d=mm&r=g\",\"contentUrl\":\"https:\/\/secure.gravatar.com\/avatar\/7c9baecea61c950fa0ace417ade1d91ec20251533a476dc4eb52114bf5576b3a?s=96&d=mm&r=g\",\"caption\":\"admin\"},\"sameAs\":[\"http:\/\/bpsieradz.pl\/filiawielun1\"],\"url\":\"https:\/\/filiawielun.bpsieradz.pl\/?author=1\"}]}<\/script>\n<!-- \/ Yoast SEO plugin. -->","yoast_head_json":{"title":"Tydzie\u0144 Bibliotek 2024 \"Biblioteka miejsce na czasie\" - Biblioteka Pedagogiczna w Sieradzu Filia w Wieluniu","robots":{"index":"index","follow":"follow","max-snippet":"max-snippet:-1","max-image-preview":"max-image-preview:large","max-video-preview":"max-video-preview:-1"},"canonical":"http:\/\/filiawielun.bpsieradz.pl\/?p=1043","og_locale":"pl_PL","og_type":"article","og_title":"Tydzie\u0144 Bibliotek 2024 \"Biblioteka miejsce na czasie\" - Biblioteka Pedagogiczna w Sieradzu Filia w Wieluniu","og_description":"Tydzie\u0144 Bibliotek w CREW\u0141 w Sieradzu Biblioteka Pedagogiczna w Sieradzu Filia w Wieluniu rozpocz\u0119\u0142o spotkanie Sieci wsp\u00f3\u0142pracy i samokszta\u0142cenia bibliotekarzy szkolnych powiatu wielu\u0144skiego. W zaj\u0119ciach literacko-prozdrowotnych na podstawie wiersza Jana ...","og_url":"http:\/\/filiawielun.bpsieradz.pl\/?p=1043","og_site_name":"Biblioteka Pedagogiczna w Sieradzu Filia w Wieluniu","article_published_time":"2024-05-27T11:36:23+00:00","article_modified_time":"2024-05-27T11:37:21+00:00","og_image":[{"width":1748,"height":1240,"url":"http:\/\/filiawielun.bpsieradz.pl\/wp-content\/uploads\/2024\/05\/Plakat-2024.jpg","type":"image\/jpeg"}],"author":"admin","twitter_card":"summary_large_image","twitter_misc":{"Napisane przez":"admin","Szacowany czas czytania":"2 minuty"},"schema":{"@context":"https:\/\/schema.org","@graph":[{"@type":"Article","@id":"http:\/\/filiawielun.bpsieradz.pl\/?p=1043#article","isPartOf":{"@id":"http:\/\/filiawielun.bpsieradz.pl\/?p=1043"},"author":{"name":"admin","@id":"http:\/\/filiawielun.bpsieradz.pl\/#\/schema\/person\/ded83f447e250ee0de21791741e06036"},"headline":"Tydzie\u0144 Bibliotek 2024 &#8222;Biblioteka miejsce na czasie&#8221;","datePublished":"2024-05-27T11:36:23+00:00","dateModified":"2024-05-27T11:37:21+00:00","mainEntityOfPage":{"@id":"http:\/\/filiawielun.bpsieradz.pl\/?p=1043"},"wordCount":221,"publisher":{"@id":"http:\/\/filiawielun.bpsieradz.pl\/#organization"},"image":{"@id":"http:\/\/filiawielun.bpsieradz.pl\/?p=1043#primaryimage"},"thumbnailUrl":"https:\/\/filiawielun.bpsieradz.pl\/wp-content\/uploads\/2024\/05\/Plakat-2024.jpg","articleSection":["Aktualno\u015bci"],"inLanguage":"pl-PL"},{"@type":"WebPage","@id":"http:\/\/filiawielun.bpsieradz.pl\/?p=1043","url":"http:\/\/filiawielun.bpsieradz.pl\/?p=1043","name":"Tydzie\u0144 Bibliotek 2024 \"Biblioteka miejsce na czasie\" - Biblioteka Pedagogiczna w Sieradzu Filia w Wieluniu","isPartOf":{"@id":"http:\/\/filiawielun.bpsieradz.pl\/#website"},"primaryImageOfPage":{"@id":"http:\/\/filiawielun.bpsieradz.pl\/?p=1043#primaryimage"},"image":{"@id":"http:\/\/filiawielun.bpsieradz.pl\/?p=1043#primaryimage"},"thumbnailUrl":"https:\/\/filiawielun.bpsieradz.pl\/wp-content\/uploads\/2024\/05\/Plakat-2024.jpg","datePublished":"2024-05-27T11:36:23+00:00","dateModified":"2024-05-27T11:37:21+00:00","breadcrumb":{"@id":"http:\/\/filiawielun.bpsieradz.pl\/?p=1043#breadcrumb"},"inLanguage":"pl-PL","potentialAction":[{"@type":"ReadAction","target":["http:\/\/filiawielun.bpsieradz.pl\/?p=1043"]}]},{"@type":"ImageObject","inLanguage":"pl-PL","@id":"http:\/\/filiawielun.bpsieradz.pl\/?p=1043#primaryimage","url":"https:\/\/filiawielun.bpsieradz.pl\/wp-content\/uploads\/2024\/05\/Plakat-2024.jpg","contentUrl":"https:\/\/filiawielun.bpsieradz.pl\/wp-content\/uploads\/2024\/05\/Plakat-2024.jpg","width":1748,"height":1240},{"@type":"BreadcrumbList","@id":"http:\/\/filiawielun.bpsieradz.pl\/?p=1043#breadcrumb","itemListElement":[{"@type":"ListItem","position":1,"name":"Strona g\u0142\u00f3wna","item":"http:\/\/filiawielun.bpsieradz.pl\/"},{"@type":"ListItem","position":2,"name":"Tydzie\u0144 Bibliotek 2024 &#8222;Biblioteka miejsce na czasie&#8221;"}]},{"@type":"WebSite","@id":"http:\/\/filiawielun.bpsieradz.pl\/#website","url":"http:\/\/filiawielun.bpsieradz.pl\/","name":"Biblioteka Pedagogiczna w Sieradzu Filia w Wieluniu","description":"Strona biblioteki","publisher":{"@id":"http:\/\/filiawielun.bpsieradz.pl\/#organization"},"potentialAction":[{"@type":"SearchAction","target":{"@type":"EntryPoint","urlTemplate":"http:\/\/filiawielun.bpsieradz.pl\/?s={search_term_string}"},"query-input":{"@type":"PropertyValueSpecification","valueRequired":true,"valueName":"search_term_string"}}],"inLanguage":"pl-PL"},{"@type":"Organization","@id":"http:\/\/filiawielun.bpsieradz.pl\/#organization","name":"Biblioteka Pedagogiczna w Sieradzu Filia w Wieluniu","url":"http:\/\/filiawielun.bpsieradz.pl\/","logo":{"@type":"ImageObject","inLanguage":"pl-PL","@id":"http:\/\/filiawielun.bpsieradz.pl\/#\/schema\/logo\/image\/","url":"https:\/\/filiawielun.bpsieradz.pl\/wp-content\/uploads\/2025\/04\/cre_lodzkie.webp","contentUrl":"https:\/\/filiawielun.bpsieradz.pl\/wp-content\/uploads\/2025\/04\/cre_lodzkie.webp","width":323,"height":50,"caption":"Biblioteka Pedagogiczna w Sieradzu Filia w Wieluniu"},"image":{"@id":"http:\/\/filiawielun.bpsieradz.pl\/#\/schema\/logo\/image\/"}},{"@type":"Person","@id":"http:\/\/filiawielun.bpsieradz.pl\/#\/schema\/person\/ded83f447e250ee0de21791741e06036","name":"admin","image":{"@type":"ImageObject","inLanguage":"pl-PL","@id":"http:\/\/filiawielun.bpsieradz.pl\/#\/schema\/person\/image\/","url":"https:\/\/secure.gravatar.com\/avatar\/7c9baecea61c950fa0ace417ade1d91ec20251533a476dc4eb52114bf5576b3a?s=96&d=mm&r=g","contentUrl":"https:\/\/secure.gravatar.com\/avatar\/7c9baecea61c950fa0ace417ade1d91ec20251533a476dc4eb52114bf5576b3a?s=96&d=mm&r=g","caption":"admin"},"sameAs":["http:\/\/bpsieradz.pl\/filiawielun1"],"url":"https:\/\/filiawielun.bpsieradz.pl\/?author=1"}]}},"rttpg_featured_image_url":{"full":["https:\/\/filiawielun.bpsieradz.pl\/wp-content\/uploads\/2024\/05\/Plakat-2024.jpg",1748,1240,false],"landscape":["https:\/\/filiawielun.bpsieradz.pl\/wp-content\/uploads\/2024\/05\/Plakat-2024.jpg",1748,1240,false],"portraits":["https:\/\/filiawielun.bpsieradz.pl\/wp-content\/uploads\/2024\/05\/Plakat-2024.jpg",1748,1240,false],"thumbnail":["https:\/\/filiawielun.bpsieradz.pl\/wp-content\/uploads\/2024\/05\/Plakat-2024-150x150.jpg",150,150,true],"medium":["https:\/\/filiawielun.bpsieradz.pl\/wp-content\/uploads\/2024\/05\/Plakat-2024-300x213.jpg",300,213,true],"large":["https:\/\/filiawielun.bpsieradz.pl\/wp-content\/uploads\/2024\/05\/Plakat-2024-1024x726.jpg",800,567,true],"1536x1536":["https:\/\/filiawielun.bpsieradz.pl\/wp-content\/uploads\/2024\/05\/Plakat-2024-1536x1090.jpg",1536,1090,true],"2048x2048":["https:\/\/filiawielun.bpsieradz.pl\/wp-content\/uploads\/2024\/05\/Plakat-2024.jpg",1748,1240,false],"onepress-blog-small":["https:\/\/filiawielun.bpsieradz.pl\/wp-content\/uploads\/2024\/05\/Plakat-2024-300x150.jpg",300,150,true],"onepress-small":["https:\/\/filiawielun.bpsieradz.pl\/wp-content\/uploads\/2024\/05\/Plakat-2024-480x300.jpg",480,300,true],"onepress-medium":["https:\/\/filiawielun.bpsieradz.pl\/wp-content\/uploads\/2024\/05\/Plakat-2024-640x400.jpg",640,400,true]},"rttpg_author":{"display_name":"admin","author_link":"https:\/\/filiawielun.bpsieradz.pl\/?author=1"},"rttpg_comment":0,"rttpg_category":"<a href=\"https:\/\/filiawielun.bpsieradz.pl\/?cat=2\" rel=\"category\">Aktualno\u015bci<\/a>","rttpg_excerpt":"Tydzie\u0144 Bibliotek w CREW\u0141 w Sieradzu Biblioteka Pedagogiczna w Sieradzu Filia w Wieluniu rozpocz\u0119\u0142o spotkanie Sieci wsp\u00f3\u0142pracy i samokszta\u0142cenia bibliotekarzy szkolnych powiatu wielu\u0144skiego. W zaj\u0119ciach literacko-prozdrowotnych na podstawie wiersza Jana ...","_links":{"self":[{"href":"https:\/\/filiawielun.bpsieradz.pl\/index.php?rest_route=\/wp\/v2\/posts\/1043","targetHints":{"allow":["GET"]}}],"collection":[{"href":"https:\/\/filiawielun.bpsieradz.pl\/index.php?rest_route=\/wp\/v2\/posts"}],"about":[{"href":"https:\/\/filiawielun.bpsieradz.pl\/index.php?rest_route=\/wp\/v2\/types\/post"}],"author":[{"embeddable":true,"href":"https:\/\/filiawielun.bpsieradz.pl\/index.php?rest_route=\/wp\/v2\/users\/1"}],"replies":[{"embeddable":true,"href":"https:\/\/filiawielun.bpsieradz.pl\/index.php?rest_route=%2Fwp%2Fv2%2Fcomments&post=1043"}],"version-history":[{"count":1,"href":"https:\/\/filiawielun.bpsieradz.pl\/index.php?rest_route=\/wp\/v2\/posts\/1043\/revisions"}],"predecessor-version":[{"id":1062,"href":"https:\/\/filiawielun.bpsieradz.pl\/index.php?rest_route=\/wp\/v2\/posts\/1043\/revisions\/1062"}],"wp:featuredmedia":[{"embeddable":true,"href":"https:\/\/filiawielun.bpsieradz.pl\/index.php?rest_route=\/wp\/v2\/media\/1063"}],"wp:attachment":[{"href":"https:\/\/filiawielun.bpsieradz.pl\/index.php?rest_route=%2Fwp%2Fv2%2Fmedia&parent=1043"}],"wp:term":[{"taxonomy":"category","embeddable":true,"href":"https:\/\/filiawielun.bpsieradz.pl\/index.php?rest_route=%2Fwp%2Fv2%2Fcategories&post=1043"},{"taxonomy":"post_tag","embeddable":true,"href":"https:\/\/filiawielun.bpsieradz.pl\/index.php?rest_route=%2Fwp%2Fv2%2Ftags&post=1043"}],"curies":[{"name":"wp","href":"https:\/\/api.w.org\/{rel}","templated":true}]}}