{"id":1,"date":"2023-06-20T12:53:53","date_gmt":"2023-06-20T12:53:53","guid":{"rendered":"http:\/\/bpsieradz.pl\/filiawielun1\/?p=1"},"modified":"2023-06-22T12:48:45","modified_gmt":"2023-06-22T12:48:45","slug":"hello-world","status":"publish","type":"post","link":"https:\/\/filiawielun.bpsieradz.pl\/?p=1","title":{"rendered":"\u201dMaluj jak Jan Matejko\u201d &#8211; fina\u0142 konkursu plastycznego"},"content":{"rendered":"\n<p class=\"wp-block-paragraph\">Organizatorem konkursu by\u0142o Centrum Rozwoju Edukacji W\u0141 w Sieradzu Biblioteka Pedagogiczna w Sieradzu Filia w Wieluniu. Celem konkursu by\u0142o szerzenie w\u015br\u00f3d dzieci zainteresowania tw\u00f3rczo\u015bci\u0105 Jana Matejki &#8211; patrona roku 2023, inspirowanie do pracy tw\u00f3rczej i pobudzanie wyobra\u017ani, rozwijanie r\u00f3\u017cnorodnych form i technik plastycznych, promocja czytelnictwa. Konkurs adresowany by\u0142 do uczni\u00f3w klas III i IV szk\u00f3\u0142 podstawowych powiatu wielu\u0144skiego. Przedmiotem konkursu by\u0142a praca plastyczna inspirowana tw\u00f3rczo\u015bci\u0105 malarsk\u0105 Jana Matejki (kr\u00f3l, kr\u00f3lowa, symbole w\u0142adzy kr\u00f3lewskiej: ber\u0142o, miecz korona, zamek itp.)<\/p>\n\n\n\n<p class=\"wp-block-paragraph\">Fina\u0142 konkursu poprzedzony by\u0142 zaj\u0119ciami edukacyjnymi zwi\u0105zanymi z \u017cyciem i tw\u00f3rczo\u015bci\u0105 Jana Matejki.<br>Wp\u0142yn\u0119\u0142o 28 prac, z pi\u0119ciu szk\u00f3\u0142 powiatu wielu\u0144skiego. Jury w sk\u0142adzie: Dorota Staszak, Justyna Morawska i El\u017cbieta Walczak &#8211; wy\u0142oni\u0142o 13 finalist\u00f3w.<\/p>\n\n\n\n<p class=\"wp-block-paragraph\">Laureaci:<\/p>\n\n\n\n<p class=\"wp-block-paragraph\">I miejsce<\/p>\n\n\n\n<ul class=\"wp-block-list\">\n<li><strong>Wiktoria Piechota<\/strong> &#8211; Zesp\u00f3\u0142 Szkolno-Przedszkolny w Kraszkowicach.<\/li>\n<\/ul>\n\n\n\n<p class=\"wp-block-paragraph\">II miejsce ex aequo<\/p>\n\n\n\n<ul class=\"wp-block-list\">\n<li><strong>Magdalena Baziur<\/strong> \u2013 Zesp\u00f3\u0142 Szko\u0142y i Przedszkola w O\u017carowie.<\/li>\n\n\n\n<li><strong>Andrij Grigor<\/strong> \u2013 Szko\u0142a Podstawowa nr 4 im. Kr\u00f3lowej Jadwigi.<\/li>\n<\/ul>\n\n\n\n<p class=\"wp-block-paragraph\">III miejsce ex aequo<\/p>\n\n\n\n<ul class=\"wp-block-list\">\n<li><strong>Wiktoria Pietrzak<\/strong> \u2013 Szko\u0142a Podstawowa w Sie\u0144cu.<\/li>\n\n\n\n<li><strong>Lena Drabik<\/strong> \u2013 Szko\u0142a Podstawowa w Sie\u0144cu.<\/li>\n<\/ul>\n\n\n\n<p class=\"wp-block-paragraph\">Wyr\u00f3\u017cnienia:<\/p>\n\n\n\n<ul class=\"wp-block-list\">\n<li><strong>Kacper Ekiert<\/strong> &#8211; Zesp\u00f3\u0142 Szkolno-Przedszkolny w Kraszkowicach.<\/li>\n\n\n\n<li><strong>Zuzanna Felusiak<\/strong> \u2013 Szko\u0142a Podstawowa im. Wincentego Witosa w Rudzie.<\/li>\n\n\n\n<li><strong>Dominika Groszek<\/strong> \u2013 Szko\u0142a Podstawowa im. Wincentego Witosa w Rudzie.<\/li>\n\n\n\n<li><strong>Zofia Kaczmarzyk<\/strong> \u2013 Szko\u0142a Podstawowa nr 4 im. Kr\u00f3lowej Jadwigi.<\/li>\n\n\n\n<li><strong>Zuzanna Otorowska<\/strong> \u2013 Szko\u0142a Podstawowa nr 4 im. Kr\u00f3lowej Jadwigi.<\/li>\n\n\n\n<li><strong>Bartosz Pasieka<\/strong> &#8211; Szko\u0142a Podstawowa w Sie\u0144cu.<\/li>\n\n\n\n<li><strong>Piotr Pawlak<\/strong> \u2013 Zesp\u00f3\u0142 Szko\u0142y i Przedszkola w O\u017carowie.<\/li>\n\n\n\n<li><strong>Marcelina Wawrzyniak<\/strong> \u2013 Szko\u0142a Podstawowa nr 4 im. Kr\u00f3lowej Jadwigi.<\/li>\n<\/ul>\n\n\n\n<p class=\"wp-block-paragraph\">Wszystkim uczniom dzi\u0119kujemy za udzia\u0142 w konkursie, laureatom serdecznie gratulujemy! Bardzo dzi\u0119kujemy r\u00f3wnie\u017c wszystkim nauczycielom z powy\u017cszych szk\u00f3\u0142 za zach\u0119cenie uczni\u00f3w do udzia\u0142u w konkursie. \ud83d\ude42<\/p>\n\n\n\nngg_shortcode_0_placeholder\n","protected":false},"excerpt":{"rendered":"<p>Organizatorem konkursu by\u0142o Centrum Rozwoju Edukacji W\u0141 w Sieradzu Biblioteka Pedagogiczna w Sieradzu Filia w Wieluniu. Celem konkursu by\u0142o szerzenie w\u015br\u00f3d dzieci zainteresowania tw\u00f3rczo\u015bci\u0105 Jana Matejki &#8211; patrona roku 2023, &#8230;<\/p>\n","protected":false},"author":1,"featured_media":57,"comment_status":"closed","ping_status":"closed","sticky":false,"template":"","format":"standard","meta":{"ngg_post_thumbnail":0,"footnotes":""},"categories":[2],"tags":[],"class_list":["post-1","post","type-post","status-publish","format-standard","has-post-thumbnail","hentry","category-aktualnosci"],"yoast_head":"<!-- This site is optimized with the Yoast SEO plugin v25.6 - https:\/\/yoast.com\/wordpress\/plugins\/seo\/ -->\n<title>\u201dMaluj jak Jan Matejko\u201d - fina\u0142 konkursu plastycznego - Biblioteka Pedagogiczna w Sieradzu Filia w Wieluniu<\/title>\n<meta name=\"robots\" content=\"index, follow, max-snippet:-1, max-image-preview:large, max-video-preview:-1\" \/>\n<link rel=\"canonical\" href=\"http:\/\/filiawielun.bpsieradz.pl\/?p=1\" \/>\n<meta property=\"og:locale\" content=\"pl_PL\" \/>\n<meta property=\"og:type\" content=\"article\" \/>\n<meta property=\"og:title\" content=\"\u201dMaluj jak Jan Matejko\u201d - fina\u0142 konkursu plastycznego - Biblioteka Pedagogiczna w Sieradzu Filia w Wieluniu\" \/>\n<meta property=\"og:description\" content=\"Organizatorem konkursu by\u0142o Centrum Rozwoju Edukacji W\u0141 w Sieradzu Biblioteka Pedagogiczna w Sieradzu Filia w Wieluniu. Celem konkursu by\u0142o szerzenie w\u015br\u00f3d dzieci zainteresowania tw\u00f3rczo\u015bci\u0105 Jana Matejki &#8211; patrona roku 2023, ...\" \/>\n<meta property=\"og:url\" content=\"http:\/\/filiawielun.bpsieradz.pl\/?p=1\" \/>\n<meta property=\"og:site_name\" content=\"Biblioteka Pedagogiczna w Sieradzu Filia w Wieluniu\" \/>\n<meta property=\"article:published_time\" content=\"2023-06-20T12:53:53+00:00\" \/>\n<meta property=\"article:modified_time\" content=\"2023-06-22T12:48:45+00:00\" \/>\n<meta property=\"og:image\" content=\"http:\/\/filiawielun.bpsieradz.pl\/wp-content\/uploads\/2023\/06\/matejko-26.jpg\" \/>\n\t<meta property=\"og:image:width\" content=\"750\" \/>\n\t<meta property=\"og:image:height\" content=\"563\" \/>\n\t<meta property=\"og:image:type\" content=\"image\/jpeg\" \/>\n<meta name=\"author\" content=\"admin\" \/>\n<meta name=\"twitter:card\" content=\"summary_large_image\" \/>\n<meta name=\"twitter:label1\" content=\"Napisane przez\" \/>\n\t<meta name=\"twitter:data1\" content=\"admin\" \/>\n\t<meta name=\"twitter:label2\" content=\"Szacowany czas czytania\" \/>\n\t<meta name=\"twitter:data2\" content=\"2 minuty\" \/>\n<script type=\"application\/ld+json\" class=\"yoast-schema-graph\">{\"@context\":\"https:\/\/schema.org\",\"@graph\":[{\"@type\":\"Article\",\"@id\":\"http:\/\/filiawielun.bpsieradz.pl\/?p=1#article\",\"isPartOf\":{\"@id\":\"http:\/\/filiawielun.bpsieradz.pl\/?p=1\"},\"author\":{\"name\":\"admin\",\"@id\":\"http:\/\/filiawielun.bpsieradz.pl\/#\/schema\/person\/ded83f447e250ee0de21791741e06036\"},\"headline\":\"\u201dMaluj jak Jan Matejko\u201d &#8211; fina\u0142 konkursu plastycznego\",\"datePublished\":\"2023-06-20T12:53:53+00:00\",\"dateModified\":\"2023-06-22T12:48:45+00:00\",\"mainEntityOfPage\":{\"@id\":\"http:\/\/filiawielun.bpsieradz.pl\/?p=1\"},\"wordCount\":323,\"publisher\":{\"@id\":\"http:\/\/filiawielun.bpsieradz.pl\/#organization\"},\"image\":{\"@id\":\"http:\/\/filiawielun.bpsieradz.pl\/?p=1#primaryimage\"},\"thumbnailUrl\":\"https:\/\/filiawielun.bpsieradz.pl\/wp-content\/uploads\/2023\/06\/matejko-26.jpg\",\"articleSection\":[\"Aktualno\u015bci\"],\"inLanguage\":\"pl-PL\"},{\"@type\":\"WebPage\",\"@id\":\"http:\/\/filiawielun.bpsieradz.pl\/?p=1\",\"url\":\"http:\/\/filiawielun.bpsieradz.pl\/?p=1\",\"name\":\"\u201dMaluj jak Jan Matejko\u201d - fina\u0142 konkursu plastycznego - Biblioteka Pedagogiczna w Sieradzu Filia w Wieluniu\",\"isPartOf\":{\"@id\":\"http:\/\/filiawielun.bpsieradz.pl\/#website\"},\"primaryImageOfPage\":{\"@id\":\"http:\/\/filiawielun.bpsieradz.pl\/?p=1#primaryimage\"},\"image\":{\"@id\":\"http:\/\/filiawielun.bpsieradz.pl\/?p=1#primaryimage\"},\"thumbnailUrl\":\"https:\/\/filiawielun.bpsieradz.pl\/wp-content\/uploads\/2023\/06\/matejko-26.jpg\",\"datePublished\":\"2023-06-20T12:53:53+00:00\",\"dateModified\":\"2023-06-22T12:48:45+00:00\",\"breadcrumb\":{\"@id\":\"http:\/\/filiawielun.bpsieradz.pl\/?p=1#breadcrumb\"},\"inLanguage\":\"pl-PL\",\"potentialAction\":[{\"@type\":\"ReadAction\",\"target\":[\"http:\/\/filiawielun.bpsieradz.pl\/?p=1\"]}]},{\"@type\":\"ImageObject\",\"inLanguage\":\"pl-PL\",\"@id\":\"http:\/\/filiawielun.bpsieradz.pl\/?p=1#primaryimage\",\"url\":\"https:\/\/filiawielun.bpsieradz.pl\/wp-content\/uploads\/2023\/06\/matejko-26.jpg\",\"contentUrl\":\"https:\/\/filiawielun.bpsieradz.pl\/wp-content\/uploads\/2023\/06\/matejko-26.jpg\",\"width\":750,\"height\":563},{\"@type\":\"BreadcrumbList\",\"@id\":\"http:\/\/filiawielun.bpsieradz.pl\/?p=1#breadcrumb\",\"itemListElement\":[{\"@type\":\"ListItem\",\"position\":1,\"name\":\"Strona g\u0142\u00f3wna\",\"item\":\"http:\/\/filiawielun.bpsieradz.pl\/\"},{\"@type\":\"ListItem\",\"position\":2,\"name\":\"\u201dMaluj jak Jan Matejko\u201d &#8211; fina\u0142 konkursu plastycznego\"}]},{\"@type\":\"WebSite\",\"@id\":\"http:\/\/filiawielun.bpsieradz.pl\/#website\",\"url\":\"http:\/\/filiawielun.bpsieradz.pl\/\",\"name\":\"Biblioteka Pedagogiczna w Sieradzu Filia w Wieluniu\",\"description\":\"Strona biblioteki\",\"publisher\":{\"@id\":\"http:\/\/filiawielun.bpsieradz.pl\/#organization\"},\"potentialAction\":[{\"@type\":\"SearchAction\",\"target\":{\"@type\":\"EntryPoint\",\"urlTemplate\":\"http:\/\/filiawielun.bpsieradz.pl\/?s={search_term_string}\"},\"query-input\":{\"@type\":\"PropertyValueSpecification\",\"valueRequired\":true,\"valueName\":\"search_term_string\"}}],\"inLanguage\":\"pl-PL\"},{\"@type\":\"Organization\",\"@id\":\"http:\/\/filiawielun.bpsieradz.pl\/#organization\",\"name\":\"Biblioteka Pedagogiczna w Sieradzu Filia w Wieluniu\",\"url\":\"http:\/\/filiawielun.bpsieradz.pl\/\",\"logo\":{\"@type\":\"ImageObject\",\"inLanguage\":\"pl-PL\",\"@id\":\"http:\/\/filiawielun.bpsieradz.pl\/#\/schema\/logo\/image\/\",\"url\":\"https:\/\/filiawielun.bpsieradz.pl\/wp-content\/uploads\/2025\/04\/cre_lodzkie.webp\",\"contentUrl\":\"https:\/\/filiawielun.bpsieradz.pl\/wp-content\/uploads\/2025\/04\/cre_lodzkie.webp\",\"width\":323,\"height\":50,\"caption\":\"Biblioteka Pedagogiczna w Sieradzu Filia w Wieluniu\"},\"image\":{\"@id\":\"http:\/\/filiawielun.bpsieradz.pl\/#\/schema\/logo\/image\/\"}},{\"@type\":\"Person\",\"@id\":\"http:\/\/filiawielun.bpsieradz.pl\/#\/schema\/person\/ded83f447e250ee0de21791741e06036\",\"name\":\"admin\",\"image\":{\"@type\":\"ImageObject\",\"inLanguage\":\"pl-PL\",\"@id\":\"http:\/\/filiawielun.bpsieradz.pl\/#\/schema\/person\/image\/\",\"url\":\"https:\/\/secure.gravatar.com\/avatar\/7c9baecea61c950fa0ace417ade1d91ec20251533a476dc4eb52114bf5576b3a?s=96&d=mm&r=g\",\"contentUrl\":\"https:\/\/secure.gravatar.com\/avatar\/7c9baecea61c950fa0ace417ade1d91ec20251533a476dc4eb52114bf5576b3a?s=96&d=mm&r=g\",\"caption\":\"admin\"},\"sameAs\":[\"http:\/\/bpsieradz.pl\/filiawielun1\"],\"url\":\"https:\/\/filiawielun.bpsieradz.pl\/?author=1\"}]}<\/script>\n<!-- \/ Yoast SEO plugin. -->","yoast_head_json":{"title":"\u201dMaluj jak Jan Matejko\u201d - fina\u0142 konkursu plastycznego - Biblioteka Pedagogiczna w Sieradzu Filia w Wieluniu","robots":{"index":"index","follow":"follow","max-snippet":"max-snippet:-1","max-image-preview":"max-image-preview:large","max-video-preview":"max-video-preview:-1"},"canonical":"http:\/\/filiawielun.bpsieradz.pl\/?p=1","og_locale":"pl_PL","og_type":"article","og_title":"\u201dMaluj jak Jan Matejko\u201d - fina\u0142 konkursu plastycznego - Biblioteka Pedagogiczna w Sieradzu Filia w Wieluniu","og_description":"Organizatorem konkursu by\u0142o Centrum Rozwoju Edukacji W\u0141 w Sieradzu Biblioteka Pedagogiczna w Sieradzu Filia w Wieluniu. Celem konkursu by\u0142o szerzenie w\u015br\u00f3d dzieci zainteresowania tw\u00f3rczo\u015bci\u0105 Jana Matejki &#8211; patrona roku 2023, ...","og_url":"http:\/\/filiawielun.bpsieradz.pl\/?p=1","og_site_name":"Biblioteka Pedagogiczna w Sieradzu Filia w Wieluniu","article_published_time":"2023-06-20T12:53:53+00:00","article_modified_time":"2023-06-22T12:48:45+00:00","og_image":[{"width":750,"height":563,"url":"http:\/\/filiawielun.bpsieradz.pl\/wp-content\/uploads\/2023\/06\/matejko-26.jpg","type":"image\/jpeg"}],"author":"admin","twitter_card":"summary_large_image","twitter_misc":{"Napisane przez":"admin","Szacowany czas czytania":"2 minuty"},"schema":{"@context":"https:\/\/schema.org","@graph":[{"@type":"Article","@id":"http:\/\/filiawielun.bpsieradz.pl\/?p=1#article","isPartOf":{"@id":"http:\/\/filiawielun.bpsieradz.pl\/?p=1"},"author":{"name":"admin","@id":"http:\/\/filiawielun.bpsieradz.pl\/#\/schema\/person\/ded83f447e250ee0de21791741e06036"},"headline":"\u201dMaluj jak Jan Matejko\u201d &#8211; fina\u0142 konkursu plastycznego","datePublished":"2023-06-20T12:53:53+00:00","dateModified":"2023-06-22T12:48:45+00:00","mainEntityOfPage":{"@id":"http:\/\/filiawielun.bpsieradz.pl\/?p=1"},"wordCount":323,"publisher":{"@id":"http:\/\/filiawielun.bpsieradz.pl\/#organization"},"image":{"@id":"http:\/\/filiawielun.bpsieradz.pl\/?p=1#primaryimage"},"thumbnailUrl":"https:\/\/filiawielun.bpsieradz.pl\/wp-content\/uploads\/2023\/06\/matejko-26.jpg","articleSection":["Aktualno\u015bci"],"inLanguage":"pl-PL"},{"@type":"WebPage","@id":"http:\/\/filiawielun.bpsieradz.pl\/?p=1","url":"http:\/\/filiawielun.bpsieradz.pl\/?p=1","name":"\u201dMaluj jak Jan Matejko\u201d - fina\u0142 konkursu plastycznego - Biblioteka Pedagogiczna w Sieradzu Filia w Wieluniu","isPartOf":{"@id":"http:\/\/filiawielun.bpsieradz.pl\/#website"},"primaryImageOfPage":{"@id":"http:\/\/filiawielun.bpsieradz.pl\/?p=1#primaryimage"},"image":{"@id":"http:\/\/filiawielun.bpsieradz.pl\/?p=1#primaryimage"},"thumbnailUrl":"https:\/\/filiawielun.bpsieradz.pl\/wp-content\/uploads\/2023\/06\/matejko-26.jpg","datePublished":"2023-06-20T12:53:53+00:00","dateModified":"2023-06-22T12:48:45+00:00","breadcrumb":{"@id":"http:\/\/filiawielun.bpsieradz.pl\/?p=1#breadcrumb"},"inLanguage":"pl-PL","potentialAction":[{"@type":"ReadAction","target":["http:\/\/filiawielun.bpsieradz.pl\/?p=1"]}]},{"@type":"ImageObject","inLanguage":"pl-PL","@id":"http:\/\/filiawielun.bpsieradz.pl\/?p=1#primaryimage","url":"https:\/\/filiawielun.bpsieradz.pl\/wp-content\/uploads\/2023\/06\/matejko-26.jpg","contentUrl":"https:\/\/filiawielun.bpsieradz.pl\/wp-content\/uploads\/2023\/06\/matejko-26.jpg","width":750,"height":563},{"@type":"BreadcrumbList","@id":"http:\/\/filiawielun.bpsieradz.pl\/?p=1#breadcrumb","itemListElement":[{"@type":"ListItem","position":1,"name":"Strona g\u0142\u00f3wna","item":"http:\/\/filiawielun.bpsieradz.pl\/"},{"@type":"ListItem","position":2,"name":"\u201dMaluj jak Jan Matejko\u201d &#8211; fina\u0142 konkursu plastycznego"}]},{"@type":"WebSite","@id":"http:\/\/filiawielun.bpsieradz.pl\/#website","url":"http:\/\/filiawielun.bpsieradz.pl\/","name":"Biblioteka Pedagogiczna w Sieradzu Filia w Wieluniu","description":"Strona biblioteki","publisher":{"@id":"http:\/\/filiawielun.bpsieradz.pl\/#organization"},"potentialAction":[{"@type":"SearchAction","target":{"@type":"EntryPoint","urlTemplate":"http:\/\/filiawielun.bpsieradz.pl\/?s={search_term_string}"},"query-input":{"@type":"PropertyValueSpecification","valueRequired":true,"valueName":"search_term_string"}}],"inLanguage":"pl-PL"},{"@type":"Organization","@id":"http:\/\/filiawielun.bpsieradz.pl\/#organization","name":"Biblioteka Pedagogiczna w Sieradzu Filia w Wieluniu","url":"http:\/\/filiawielun.bpsieradz.pl\/","logo":{"@type":"ImageObject","inLanguage":"pl-PL","@id":"http:\/\/filiawielun.bpsieradz.pl\/#\/schema\/logo\/image\/","url":"https:\/\/filiawielun.bpsieradz.pl\/wp-content\/uploads\/2025\/04\/cre_lodzkie.webp","contentUrl":"https:\/\/filiawielun.bpsieradz.pl\/wp-content\/uploads\/2025\/04\/cre_lodzkie.webp","width":323,"height":50,"caption":"Biblioteka Pedagogiczna w Sieradzu Filia w Wieluniu"},"image":{"@id":"http:\/\/filiawielun.bpsieradz.pl\/#\/schema\/logo\/image\/"}},{"@type":"Person","@id":"http:\/\/filiawielun.bpsieradz.pl\/#\/schema\/person\/ded83f447e250ee0de21791741e06036","name":"admin","image":{"@type":"ImageObject","inLanguage":"pl-PL","@id":"http:\/\/filiawielun.bpsieradz.pl\/#\/schema\/person\/image\/","url":"https:\/\/secure.gravatar.com\/avatar\/7c9baecea61c950fa0ace417ade1d91ec20251533a476dc4eb52114bf5576b3a?s=96&d=mm&r=g","contentUrl":"https:\/\/secure.gravatar.com\/avatar\/7c9baecea61c950fa0ace417ade1d91ec20251533a476dc4eb52114bf5576b3a?s=96&d=mm&r=g","caption":"admin"},"sameAs":["http:\/\/bpsieradz.pl\/filiawielun1"],"url":"https:\/\/filiawielun.bpsieradz.pl\/?author=1"}]}},"rttpg_featured_image_url":{"full":["https:\/\/filiawielun.bpsieradz.pl\/wp-content\/uploads\/2023\/06\/matejko-26.jpg",750,563,false],"landscape":["https:\/\/filiawielun.bpsieradz.pl\/wp-content\/uploads\/2023\/06\/matejko-26.jpg",750,563,false],"portraits":["https:\/\/filiawielun.bpsieradz.pl\/wp-content\/uploads\/2023\/06\/matejko-26.jpg",750,563,false],"thumbnail":["https:\/\/filiawielun.bpsieradz.pl\/wp-content\/uploads\/2023\/06\/matejko-26-150x150.jpg",150,150,true],"medium":["https:\/\/filiawielun.bpsieradz.pl\/wp-content\/uploads\/2023\/06\/matejko-26-300x225.jpg",300,225,true],"large":["https:\/\/filiawielun.bpsieradz.pl\/wp-content\/uploads\/2023\/06\/matejko-26.jpg",750,563,false],"1536x1536":["https:\/\/filiawielun.bpsieradz.pl\/wp-content\/uploads\/2023\/06\/matejko-26.jpg",750,563,false],"2048x2048":["https:\/\/filiawielun.bpsieradz.pl\/wp-content\/uploads\/2023\/06\/matejko-26.jpg",750,563,false],"onepress-blog-small":["https:\/\/filiawielun.bpsieradz.pl\/wp-content\/uploads\/2023\/06\/matejko-26-300x150.jpg",300,150,true],"onepress-small":["https:\/\/filiawielun.bpsieradz.pl\/wp-content\/uploads\/2023\/06\/matejko-26-480x300.jpg",480,300,true],"onepress-medium":["https:\/\/filiawielun.bpsieradz.pl\/wp-content\/uploads\/2023\/06\/matejko-26-640x400.jpg",640,400,true]},"rttpg_author":{"display_name":"admin","author_link":"https:\/\/filiawielun.bpsieradz.pl\/?author=1"},"rttpg_comment":0,"rttpg_category":"<a href=\"https:\/\/filiawielun.bpsieradz.pl\/?cat=2\" rel=\"category\">Aktualno\u015bci<\/a>","rttpg_excerpt":"Organizatorem konkursu by\u0142o Centrum Rozwoju Edukacji W\u0141 w Sieradzu Biblioteka Pedagogiczna w Sieradzu Filia w Wieluniu. Celem konkursu by\u0142o szerzenie w\u015br\u00f3d dzieci zainteresowania tw\u00f3rczo\u015bci\u0105 Jana Matejki &#8211; patrona roku 2023, ...","_links":{"self":[{"href":"https:\/\/filiawielun.bpsieradz.pl\/index.php?rest_route=\/wp\/v2\/posts\/1","targetHints":{"allow":["GET"]}}],"collection":[{"href":"https:\/\/filiawielun.bpsieradz.pl\/index.php?rest_route=\/wp\/v2\/posts"}],"about":[{"href":"https:\/\/filiawielun.bpsieradz.pl\/index.php?rest_route=\/wp\/v2\/types\/post"}],"author":[{"embeddable":true,"href":"https:\/\/filiawielun.bpsieradz.pl\/index.php?rest_route=\/wp\/v2\/users\/1"}],"replies":[{"embeddable":true,"href":"https:\/\/filiawielun.bpsieradz.pl\/index.php?rest_route=%2Fwp%2Fv2%2Fcomments&post=1"}],"version-history":[{"count":3,"href":"https:\/\/filiawielun.bpsieradz.pl\/index.php?rest_route=\/wp\/v2\/posts\/1\/revisions"}],"predecessor-version":[{"id":198,"href":"https:\/\/filiawielun.bpsieradz.pl\/index.php?rest_route=\/wp\/v2\/posts\/1\/revisions\/198"}],"wp:featuredmedia":[{"embeddable":true,"href":"https:\/\/filiawielun.bpsieradz.pl\/index.php?rest_route=\/wp\/v2\/media\/57"}],"wp:attachment":[{"href":"https:\/\/filiawielun.bpsieradz.pl\/index.php?rest_route=%2Fwp%2Fv2%2Fmedia&parent=1"}],"wp:term":[{"taxonomy":"category","embeddable":true,"href":"https:\/\/filiawielun.bpsieradz.pl\/index.php?rest_route=%2Fwp%2Fv2%2Fcategories&post=1"},{"taxonomy":"post_tag","embeddable":true,"href":"https:\/\/filiawielun.bpsieradz.pl\/index.php?rest_route=%2Fwp%2Fv2%2Ftags&post=1"}],"curies":[{"name":"wp","href":"https:\/\/api.w.org\/{rel}","templated":true}]}}